{"id":10566,"date":"2019-09-13T14:19:23","date_gmt":"2019-09-13T13:19:23","guid":{"rendered":"http:\/\/bisbalpenedes.com\/web\/?p=10566"},"modified":"2019-09-13T14:19:23","modified_gmt":"2019-09-13T13:19:23","slug":"la-junta-de-govern-del-9-de-setembre-ha-adjudicat-el-servei-de-lescola-de-musica","status":"publish","type":"post","link":"https:\/\/bisbalpenedes.com\/web\/2019\/09\/13\/la-junta-de-govern-del-9-de-setembre-ha-adjudicat-el-servei-de-lescola-de-musica\/","title":{"rendered":"La Junta de govern del 9 de setembre ha adjudicat el servei de l\u2019Escola de m\u00fasica"},"content":{"rendered":"<p style=\"text-align: justify;\"><a href=\"http:\/\/bisbalpenedes.com\/web\/wp-content\/uploads\/2019\/09\/Cartell-A3-portes-la-bisbal-contrapunt-musica_page-0001.jpg\"><img loading=\"lazy\" class=\"aligncenter size-medium wp-image-10567\" src=\"http:\/\/bisbalpenedes.com\/web\/wp-content\/uploads\/2019\/09\/Cartell-A3-portes-la-bisbal-contrapunt-musica_page-0001-213x300.jpg\" alt=\"Cartell A3 - portes la bisbal contrapunt musica_page-0001\" width=\"213\" height=\"300\" srcset=\"https:\/\/bisbalpenedes.com\/web\/wp-content\/uploads\/2019\/09\/Cartell-A3-portes-la-bisbal-contrapunt-musica_page-0001-213x300.jpg 213w, https:\/\/bisbalpenedes.com\/web\/wp-content\/uploads\/2019\/09\/Cartell-A3-portes-la-bisbal-contrapunt-musica_page-0001-600x847.jpg 600w, https:\/\/bisbalpenedes.com\/web\/wp-content\/uploads\/2019\/09\/Cartell-A3-portes-la-bisbal-contrapunt-musica_page-0001-768x1084.jpg 768w, https:\/\/bisbalpenedes.com\/web\/wp-content\/uploads\/2019\/09\/Cartell-A3-portes-la-bisbal-contrapunt-musica_page-0001-725x1024.jpg 725w, https:\/\/bisbalpenedes.com\/web\/wp-content\/uploads\/2019\/09\/Cartell-A3-portes-la-bisbal-contrapunt-musica_page-0001.jpg 1766w\" sizes=\"(max-width: 213px) 100vw, 213px\" \/><\/a><\/p>\n<p style=\"text-align: justify;\"><span style=\"color: #000000;\">La Junta de govern del 9 de setembre ha adjudicat el servei de l\u2019Escola de m\u00fasica a l\u2019Escola de M\u00fasica Contrapunt per als cursos 2019\/20 i 2020\/21 amb possibilitat de dues pr\u00f2rrogues anuals.<\/span><\/p>\n<p style=\"text-align: justify;\"><span style=\"color: #000000;\">La licitaci\u00f3 actual del servei finalitzava el curs 2018\/2019 i, per aquest motiu, s\u2019ha tornat a licitar el servei mitjan\u00e7ant procediment obert, oferta econ\u00f2micament m\u00e9s avantatjosa, diversos criteris d\u2019adjudicaci\u00f3 i tramitaci\u00f3 ordin\u00e0ria. La mesa de contractaci\u00f3 ha valorat les propostes de les dues empreses que han licitat, seguint les bases de la licitaci\u00f3 del servei, i ha adjudicat el contracte a l\u2019Escola de M\u00fasica Contrapunt, que haur\u00e0 d\u2019ocupar-se de la doc\u00e8ncia, la gesti\u00f3 administrativa, l\u2019organitzaci\u00f3, el control i la gesti\u00f3 t\u00e8cnica i econ\u00f2mica aix\u00ed com del cobrament del preu p\u00fablic aprovat per l\u2019Ajuntament de la Bisbal del Pened\u00e8s.<\/span><\/p>\n<p style=\"text-align: justify;\"><span style=\"color: #000000;\">L\u2019Escola municipal de m\u00fasica t\u00e9 com a finalitat promoure la m\u00fasica i el seu ensenyament i est\u00e0 oberta a tota la poblaci\u00f3, sense l\u00edmit d\u2019edat. Haur\u00e0 d\u2019oferir classes de llenguatge musical, piano, bateria\/percussi\u00f3, guitarra i conjunt instrumental, de dilluns a divendres, d\u2019octubre a juny i en horari de tardes, ja que es contempla com una activitat complement\u00e0ria a la de l\u2019escola per a aquells usuaris que estiguin en edat escolar.<\/span><\/p>\n<p style=\"text-align: justify;\"><span style=\"color: #000000;\">La Regidora d\u2019Ensenyament, Leo Uceda, ja s\u2019ha reunit amb l\u2019Escola de M\u00fasica Contrapunt amb l\u2019objectiu de concretar tots els detalls de cara a l\u2019inici de les classes, com ara la forma de procedir per fer les inscripcions. <strong>La reuni\u00f3 informativa amb els interessats es far\u00e0 el dijous 19 de setembre a les 19:00h al Centre Municipal de Cultura <\/strong>i est\u00e0 previst que les classes comencin a l\u2019octubre.<\/span><\/p>\n<hr \/>\n<p style=\"text-align: justify;\"><span style=\"color: #000000;\"><strong>CASTELLANO |<\/strong> La Junta de gobierno del 9 de septiembre ha adjudicado el servicio de la Escuela de m\u00fasica a l\u2019Escola de M\u00fasica Contrapunt para los cursos 2019\/20 y 2020\/21 con posibilidad de dos pr\u00f3rrogas anuales.<\/span><\/p>\n<p style=\"text-align: justify;\"><span style=\"color: #000000;\">La licitaci\u00f3n actual del servicio finalizaba en el curso 2018\/2019 y, por este motivo, se ha vuelto a licitar el servicio mediante procedimiento abierto, oferta econ\u00f3micamente m\u00e1s ventajosa, varios criterios de adjudicaci\u00f3n y tramitaci\u00f3n ordinaria. La mesa de contrataci\u00f3n ha valorado las propuestas de las dos empresas que han licitado, siguiendo las bases de la licitaci\u00f3n del servicio, y ha adjudicado el contrato a la Escola de M\u00fasica Contrapunt, que deber\u00e1 ocuparse de la docencia, la gesti\u00f3n administrativa, la organizaci\u00f3n, el control y la gesti\u00f3n t\u00e9cnica y econ\u00f3mica as\u00ed como del cobro del precio p\u00fablico aprobado por el Ayuntamiento de la Bisbal del Pened\u00e8s.<\/span><\/p>\n<p style=\"text-align: justify;\"><span style=\"color: #000000;\">La Escuela municipal de m\u00fasica tiene como finalidad promover la m\u00fasica y su ense\u00f1anza y est\u00e1 abierta a toda la poblaci\u00f3n, sin l\u00edmite de edad. Deber\u00e1 ofrecer clases de lenguaje musical, piano, bater\u00eda\/percusi\u00f3n, guitarra y conjunto instrumental, de lunes a viernes, de octubre a junio y en horario de tardes, ya que se contempla como una actividad complementaria a la de la escuela para aquellos usuarios que est\u00e9n en edad escolar.<\/span><\/p>\n<p style=\"text-align: justify;\"><span style=\"color: #000000;\">La regidora de Educaci\u00f3n, Leo Uceda, ya se ha reunido con la Escola de M\u00fasica Contrapunt con el objetivo de concretar todos los detalles de cara al inicio de las clases, como por ejemplo la forma de proceder para hacer las inscripciones. <strong>La reuni\u00f3n informativa con los interesados se har\u00e1 el jueves 19 de septiembre a las 19:00h en el Centre Municipal de Cultura<\/strong> y est\u00e1 previsto que las clases empiecen en octubre.<\/span><\/p>\n<p style=\"text-align: justify;\">\n<p style=\"text-align: justify;\">\n<p style=\"text-align: justify;\">\n<p>&nbsp;<\/p>\n","protected":false},"excerpt":{"rendered":"<p>La Junta de govern del 9 de setembre ha adjudicat el servei de l\u2019Escola de m\u00fasica a l\u2019Escola de M\u00fasica Contrapunt per als cursos 2019\/20 i 2020\/21 amb possibilitat de &hellip; <a href=\"https:\/\/bisbalpenedes.com\/web\/2019\/09\/13\/la-junta-de-govern-del-9-de-setembre-ha-adjudicat-el-servei-de-lescola-de-musica\/\" class=\"more-link\">Read More<\/a><\/p>\n","protected":false},"author":4,"featured_media":10567,"comment_status":"closed","ping_status":"closed","sticky":false,"template":"","format":"standard","meta":[],"categories":[2397],"tags":[154,3218,781,267],"_links":{"self":[{"href":"https:\/\/bisbalpenedes.com\/web\/wp-json\/wp\/v2\/posts\/10566"}],"collection":[{"href":"https:\/\/bisbalpenedes.com\/web\/wp-json\/wp\/v2\/posts"}],"about":[{"href":"https:\/\/bisbalpenedes.com\/web\/wp-json\/wp\/v2\/types\/post"}],"author":[{"embeddable":true,"href":"https:\/\/bisbalpenedes.com\/web\/wp-json\/wp\/v2\/users\/4"}],"replies":[{"embeddable":true,"href":"https:\/\/bisbalpenedes.com\/web\/wp-json\/wp\/v2\/comments?post=10566"}],"version-history":[{"count":1,"href":"https:\/\/bisbalpenedes.com\/web\/wp-json\/wp\/v2\/posts\/10566\/revisions"}],"predecessor-version":[{"id":10568,"href":"https:\/\/bisbalpenedes.com\/web\/wp-json\/wp\/v2\/posts\/10566\/revisions\/10568"}],"wp:featuredmedia":[{"embeddable":true,"href":"https:\/\/bisbalpenedes.com\/web\/wp-json\/wp\/v2\/media\/10567"}],"wp:attachment":[{"href":"https:\/\/bisbalpenedes.com\/web\/wp-json\/wp\/v2\/media?parent=10566"}],"wp:term":[{"taxonomy":"category","embeddable":true,"href":"https:\/\/bisbalpenedes.com\/web\/wp-json\/wp\/v2\/categories?post=10566"},{"taxonomy":"post_tag","embeddable":true,"href":"https:\/\/bisbalpenedes.com\/web\/wp-json\/wp\/v2\/tags?post=10566"}],"curies":[{"name":"wp","href":"https:\/\/api.w.org\/{rel}","templated":true}]}}