{"id":10559,"date":"2019-09-10T17:22:02","date_gmt":"2019-09-10T16:22:02","guid":{"rendered":"http:\/\/bisbalpenedes.com\/web\/?p=10559"},"modified":"2019-09-10T17:30:36","modified_gmt":"2019-09-10T16:30:36","slug":"el-proper-dilluns-16-de-setembre-a-les-19h-se-celebrara-el-ple-ordinari-de-lajuntament-de-la-bisbal-del-penedes","status":"publish","type":"post","link":"https:\/\/bisbalpenedes.com\/web\/2019\/09\/10\/el-proper-dilluns-16-de-setembre-a-les-19h-se-celebrara-el-ple-ordinari-de-lajuntament-de-la-bisbal-del-penedes\/","title":{"rendered":"El proper dilluns 16 de setembre a les 19h se celebrar\u00e0 el Ple ordinari de l\u2019Ajuntament de la Bisbal del Pened\u00e8s"},"content":{"rendered":"<p style=\"text-align: justify;\"><span style=\"color: #000000;\">El proper <strong>dilluns 16 de setembre, a les 19h,<\/strong> se celebrar\u00e0 el Ple ordinari de l\u2019Ajuntament de la Bisbal del Pened\u00e8s corresponent a aquest trimestre.<\/span><\/p>\n<p style=\"text-align: justify;\"><span style=\"color: #000000;\">El Ple s\u2019ha convocat aquest dimarts 10 de setembre al\u00a0 migdia i, paral\u00b7lelament, l\u2019alcaldessa Agn\u00e8s Ferr\u00e9 ha convocat els portaveus de tots els grups pol\u00edtics municipals a una reuni\u00f3, que tindr\u00e0 lloc el proper divendres 13 de setembre al despatx d\u2019alcaldia, amb l\u2019objectiu de resoldre dubtes o fer aclariments sobre les propostes del Ple ordinari. Val a dir que tots els regidors convocats al Ple tenen acc\u00e9s immediat, de forma telem\u00e0tica, a la documentaci\u00f3 relativa als punts que s\u2019abordaran al Ple des del moment que es fa la convocat\u00f2ria.<\/span><\/p>\n<p style=\"text-align: justify;\"><span style=\"color: #000000;\"><strong><u>ORDRE DEL DIA<\/u><\/strong><\/span><\/p>\n<p style=\"text-align: justify; padding-left: 30px;\"><span style=\"color: #000000;\"><strong>A)Part resolutiva.<\/strong><\/span><\/p>\n<p style=\"text-align: justify; padding-left: 30px;\"><span style=\"color: #000000;\">1.-Aprovaci\u00f3 de l\u2019acta del Ple del 15 de juny de 2019 de Constituci\u00f3 de la nova corporaci\u00f3.<\/span><\/p>\n<p style=\"text-align: justify; padding-left: 30px;\"><span style=\"color: #000000;\">2.-Aprovaci\u00f3 de l\u2019acta del Ple extraordinari de data 20 de juny de 2019.<\/span><\/p>\n<p style=\"text-align: justify; padding-left: 30px;\"><span style=\"color: #000000;\">3.-Aprovaci\u00f3 de l\u2019acta del Ple extraordinari de data 4 de juliol de 2019.<\/span><\/p>\n<p style=\"text-align: justify; padding-left: 30px;\"><span style=\"color: #000000;\">4.-Aprovaci\u00f3 de l\u2019acta del Ple extraordinari de data 12 d\u2019agost de 2019.<\/span><\/p>\n<p style=\"text-align: justify; padding-left: 30px;\"><span style=\"color: #000000;\">5.-Aprovaci\u00f3 de l\u2019inici de l\u2019expedient de revisi\u00f3 d\u2019ofici per declarar nul de ple dret l\u2019acord del Ple de 17 de setembre de 2013, pel qual s\u2019aprov\u00e0 l\u2019arrendament d\u2019una part del poliesportiu municipal a l\u2019entitat Club Segle XX, mitjan\u00e7ant procediment directe i preu bonificat, aix\u00ed com el contracte d\u2019arrendament subscrit el 30 d\u2019octubre de 2013.<\/span><\/p>\n<p style=\"text-align: justify; padding-left: 30px;\"><span style=\"color: #000000;\">6.-Modificaci\u00f3 de l\u2019Ordenan\u00e7a Fiscal Reguladora de la taxa de servei de menjador escolar.<\/span><\/p>\n<p style=\"text-align: justify; padding-left: 30px;\"><span style=\"color: #000000;\">7.-Aprovaci\u00f3 del Text Ref\u00f3s de les Ordenances Fiscals vigents.<\/span><\/p>\n<p style=\"text-align: justify; padding-left: 30px;\"><span style=\"color: #000000;\">8.-Nomenament del representant suplent de l\u2019Ajuntament al Consorci de Promoci\u00f3 Tur\u00edstica del Pened\u00e8s.<\/span><\/p>\n<p style=\"text-align: justify; padding-left: 30px;\"><span style=\"color: #000000;\">9.-Proposta d\u2019acord del grup municipal d\u2019ERC sobre la modificaci\u00f3 del ROM.<\/span><\/p>\n<p style=\"text-align: justify; padding-left: 30px;\"><span style=\"color: #000000;\"><strong>B)Activitat de Control.<\/strong><\/span><\/p>\n<p style=\"text-align: justify; padding-left: 30px;\"><span style=\"color: #000000;\">10.-Execuci\u00f3 trimestral del pressupost del 1r trimestre de 2019.<\/span><\/p>\n<p style=\"text-align: justify; padding-left: 30px;\"><span style=\"color: #000000;\">11.-Execuci\u00f3 trimestral del pressupost del 2n trimestre de 2019.<\/span><\/p>\n<p style=\"text-align: justify; padding-left: 30px;\"><span style=\"color: #000000;\">12.-Donar compte de les l\u00ednies fonamentals del pressupost.<\/span><\/p>\n<p style=\"text-align: justify; padding-left: 30px;\"><span style=\"color: #000000;\">13.-Donar compte dels Decrets d\u2019Alcaldia.<\/span><\/p>\n<p style=\"text-align: justify; padding-left: 30px;\"><span style=\"color: #000000;\">14.-Donar Compte dels acords de la Junta de Govern.<\/span><\/p>\n<p style=\"text-align: justify; padding-left: 30px;\"><span style=\"color: #000000;\">15.-Informe d\u2019Alcaldia.<\/span><\/p>\n<p style=\"text-align: justify; padding-left: 30px;\"><span style=\"color: #000000;\"><strong>C)Precs i preguntes.<\/strong><\/span><\/p>\n<p style=\"text-align: justify;\"><span style=\"color: #000000;\">Segons el\u00a0<a style=\"color: #000000;\" href=\"http:\/\/bisbalpenedes.com\/web\/2017\/06\/22\/el-ple-ordinari-del-passat-19-de-juny-va-aprovar-el-primer-rom-de-lajuntament-de-la-bisbal-del-penedes\/\">ROM<\/a>\u00a0aprovat al Ple de l\u2019Ajuntament de la Bisbal el passat 19 de juny de 2017, la ciutadania pot participar en els Plens Ordinaris. Tot seguit us detallem el funcionament d\u2019aquest sup\u00f2sit:<\/span><\/p>\n<p style=\"text-align: justify;\"><span style=\"color: #000000;\">Totes les persones tenen dret a intervenir en les sessions ordin\u00e0ries del Ple en el punt de l\u2019ordre del dia de \u2018Precs i preguntes\u2019, d\u2019acord amb les prescripcions seg\u00fcents:<\/span><\/p>\n<ul style=\"text-align: justify;\">\n<li><span style=\"color: #000000;\">El prec o pregunta s\u2019haur\u00e0 de sol\u00b7licitar a l\u2019Alcaldia:<\/span>\n<ul>\n<li><span style=\"color: #000000;\">per escrit i entrar-lo\/a al Registre General com a m\u00e0xim 24 hores abans del Ple Ordinari<\/span><\/li>\n<li><span style=\"color: #000000;\">Per Twitter a @BisbalPenedes com a m\u00e0xim 24h abans del Ple Ordinari, complint el protocol d\u2019\u00fas de les xarxes socials i emprant l\u2019etiqueta #PleBisbalPened\u00e8s, seguit del prec o pregunta<\/span><\/li>\n<\/ul>\n<\/li>\n<li><span style=\"color: #000000;\">L\u2019assumpte objecte del prec o pregunta haur\u00e0 de ser de compet\u00e8ncia municipal sobre l\u2019acci\u00f3 de govern o estar directament relacionat amb els punts inclosos a l\u2019ordre del dia<\/span><\/li>\n<li><span style=\"color: #000000;\">Cada ciutad\u00e0\/ana\u00a0 pot formular un\u00a0 prec i una pregunta en un mateix Ple. La longitud m\u00e0xima de cada piulada \u00e9s de 140 car\u00e0cters i no es pot continuar la pregunta en un segon \u2018tweet\u2019.<\/span><\/li>\n<li><span style=\"color: #000000;\">L\u2019alcaldia podr\u00e0 no respondre si \u00e9s un assumpte sobre el qual l\u2019Ajuntament no t\u00e9 compet\u00e8ncies o si ja s\u2019ha presentat la mateixa pregunta en una altra sessi\u00f3 plen\u00e0ria en els \u00faltims 6 mesos.<\/span><\/li>\n<li><span style=\"color: #000000;\">L\u2019alcaldia comunicar\u00e0, acabat el termini m\u00e0xim de presentaci\u00f3 de preguntes, a qui vagin dirigides les preguntes o peticions sol\u00b7licitades perqu\u00e8 les pugui respondre<\/span><\/li>\n<li><span style=\"color: #000000;\">L\u2019Alcaldia llegir\u00e0 la pregunta en veu alta<\/span><\/li>\n<li><span style=\"color: #000000;\">L\u2019alcaldia o a qui va adre\u00e7ada la pregunta, la respondr\u00e0 en la mateixa sessi\u00f3 del Ple<\/span><\/li>\n<li><span style=\"color: #000000;\">El p\u00fablic assistent a les sessions no podr\u00e0 efectuar manifestacions de grat o desgrat. Tampoc es podran proferir comentaris que afectin el normal desenvolupament de la sessi\u00f3.<\/span><\/li>\n<\/ul>\n<p style=\"text-align: justify;\"><span style=\"color: #000000;\">&#8212;<\/span><\/p>\n<p style=\"text-align: justify;\"><span style=\"color: #000000;\"><strong>CASTELLANO |<\/strong> El pr\u00f3ximo <strong>lunes 16 de septiembre, a las 19h,<\/strong> se celebrar\u00e1 el pleno ordinario del Ayuntamiento de la Bisbal correspondiente a este trimestre.<\/span><\/p>\n<p style=\"text-align: justify;\"><span style=\"color: #000000;\">El Pleno se ha convocado este martes 10 de septiembre a mediod\u00eda y, paralelamente, la alcaldesa Agn\u00e8s Ferr\u00e9 ha convocado a los portavoces de todos los grupos pol\u00edticos municipales a una reuni\u00f3n, que tendr\u00e1 lugar el pr\u00f3ximo viernes 13 de septiembre en el despacho de alcald\u00eda, con el objetivo de resolver dudas o hacer aclaraciones sobre las propuestas del Pleno ordinario. Cabe decir que todos los concejales convocados al Pleno tienen acceso inmediato, de forma telem\u00e1tica, a toda la documentaci\u00f3n relativa a los puntos que se abordar\u00e1n en el Pleno desde el momento en qu\u00e9 se hace la convocatoria.<\/span><\/p>\n<p style=\"text-align: justify;\"><span style=\"color: #000000;\"><strong><u>ORDEN DEL D\u00cdA<\/u><\/strong><\/span><\/p>\n<p style=\"text-align: justify; padding-left: 30px;\"><span style=\"color: #000000;\"><strong>A)Parte resolutiva.<\/strong><\/span><\/p>\n<p style=\"text-align: justify; padding-left: 30px;\"><span style=\"color: #000000;\">1.-Aprobaci\u00f3n del acta del Pleno del 15 de junio del 2019 de Constituci\u00f3n de la nueva corporaci\u00f3n.<\/span><\/p>\n<p style=\"text-align: justify; padding-left: 30px;\"><span style=\"color: #000000;\">2.-Aprobaci\u00f3n del acta del Pleno extraordinario de fecha 20 de junio del 2019.<\/span><\/p>\n<p style=\"text-align: justify; padding-left: 30px;\"><span style=\"color: #000000;\">3.-Aprobaci\u00f3n del acta del Pleno extraordinario de fecha 4 de julio del 2019.<\/span><\/p>\n<p style=\"text-align: justify; padding-left: 30px;\"><span style=\"color: #000000;\">4.-Aprobaic\u00f3n del acta del Pleno extraordinario de fecha 12 de agosto del 2019.<\/span><\/p>\n<p style=\"text-align: justify; padding-left: 30px;\"><span style=\"color: #000000;\">5.-Aprobaci\u00f3n del inicio del expediente de revisi\u00f3n de oficio para declarar nulo de pleno derecho el acuerdo del Pleno del 17 de septiembre del 2013, por el cual se aprob\u00f3 el arrendamiento de una parte del polideportivo municipal a la entidad Club Segle XX, mediante procedimiento directo y precio bonificado, as\u00ed como el contrato de arrendamiento suscrito el 30 de octubre del 2013.<\/span><\/p>\n<p style=\"text-align: justify; padding-left: 30px;\"><span style=\"color: #000000;\">6.-Modificaci\u00f3n de la Ordenanza Fiscal Reguladora de la tasa de servicio de comedor escolar.<\/span><\/p>\n<p style=\"text-align: justify; padding-left: 30px;\"><span style=\"color: #000000;\">7.-Aprobaci\u00f3n del Texto Refundido de las Ordenanzas Fiscales vigentes.<\/span><\/p>\n<p style=\"text-align: justify; padding-left: 30px;\"><span style=\"color: #000000;\">8.-Nombramiento del representante suplente del Ayuntamiento en el Consorcio de Promoci\u00f3n Tur\u00edstica del Pened\u00e8s.<\/span><\/p>\n<p style=\"text-align: justify; padding-left: 30px;\"><span style=\"color: #000000;\">9.-Propuesta de acuerdo del grupo municipal de ERC sobre la modificaci\u00f3n del ROM.<\/span><\/p>\n<p style=\"text-align: justify; padding-left: 30px;\"><span style=\"color: #000000;\"><strong>B)Actividad de Control.<\/strong><\/span><\/p>\n<p style=\"text-align: justify; padding-left: 30px;\"><span style=\"color: #000000;\">10.-Ejecuci\u00f3n trimestral del presupuesto del 1\u00ba trimestre del 2019.<\/span><\/p>\n<p style=\"text-align: justify; padding-left: 30px;\"><span style=\"color: #000000;\">11.-Ejecuci\u00f3n trimestral del presupuesto del 2\u00ba trimestre del 2019.<\/span><\/p>\n<p style=\"text-align: justify; padding-left: 30px;\"><span style=\"color: #000000;\">12.-Dar cuenta de las l\u00edneas fundamentales del presupuesto.<\/span><\/p>\n<p style=\"text-align: justify; padding-left: 30px;\"><span style=\"color: #000000;\">13.-Dar cuenta de los Decretos de Alcald\u00eda.<\/span><\/p>\n<p style=\"text-align: justify; padding-left: 30px;\"><span style=\"color: #000000;\">14.-Dar Cuenta de los acuerdos de la Junta de Gobierno.<\/span><\/p>\n<p style=\"text-align: justify; padding-left: 30px;\"><span style=\"color: #000000;\">15.-Informe de Alcald\u00eda.<\/span><\/p>\n<p style=\"text-align: justify; padding-left: 30px;\"><span style=\"color: #000000;\"><strong>C)Ruegos y preguntas.<\/strong><\/span><\/p>\n<p style=\"text-align: justify;\"><span style=\"color: #000000;\">Seg\u00fan el\u00a0<a style=\"color: #000000;\" href=\"http:\/\/bisbalpenedes.com\/web\/2017\/06\/22\/el-ple-ordinari-del-passat-19-de-juny-va-aprovar-el-primer-rom-de-lajuntament-de-la-bisbal-del-penedes\/\">ROM<\/a>\u00a0aprobado en el Pleno del Ayuntamiento de la Bisbal del Pened\u00e8s el pasado 19 de junio del 2017, la ciudadan\u00eda puede participar en los Plenos Ordinarios. A continuaci\u00f3n os detallamos el funcionamiento de este supuesto:<\/span><\/p>\n<p style=\"text-align: justify;\"><span style=\"color: #000000;\">Todas las personas tienen derecho a intervenir en las sesiones ordinarias del Pleno en el punto de la orden del d\u00eda de \u2018Ruegos y preguntas\u2019, de acuerdo con las prescripciones siguientes:<\/span><\/p>\n<ul>\n<li style=\"text-align: justify;\"><span style=\"color: #000000;\">El ruego o pregunta deber\u00e1 solicitarse a Alcald\u00eda:<\/span>\n<ul style=\"text-align: justify;\">\n<li><span style=\"color: #000000;\">Por escrito y entrarlo\/la por escrito como m\u00e1ximo 24 horas antes del Pleno Ordinario<\/span><\/li>\n<li><span style=\"color: #000000;\">Por Twitter en @BisbalPenedes como m\u00e1ximo 24h antes del Pleno Ordinario, cumpliendo el protocolo de uso de las redes sociales con el formato #PleBisbalPened\u00e8s, seguido del ruego o pregunta.<\/span><\/li>\n<\/ul>\n<\/li>\n<li style=\"text-align: justify;\"><span style=\"color: #000000;\">El asunto objeto del ruego o pregunta deber\u00e1 ser de competencia municipal sobre la acci\u00f3n de gobierno o estar directamente relacionado con los puntos incluidos en el orden del d\u00eda<\/span><\/li>\n<li style=\"text-align: justify;\"><span style=\"color: #000000;\">Cada ciudadano\/na puede formular un ruego y una pregunta en un mismo Pleno. La longitud m\u00e1xima de cada tweet es de 140 caracteres y no se puede continuar la pregunta con un segundo \u2018tweet.<\/span><\/li>\n<li style=\"text-align: justify;\"><span style=\"color: #000000;\">Alcald\u00eda podr\u00e1 no responder si es un asunto sobre el cual el Ayuntamiento no tiene competencias o si ya se ha presentado la misma pregunta en otra sesi\u00f3n plenaria de los \u00faltimos 6 meses.<\/span><\/li>\n<li style=\"text-align: justify;\"><span style=\"color: #000000;\">Alcald\u00eda comunicar\u00e1, terminado el plazo m\u00e1ximo de presentaci\u00f3n de preguntas, a quien vayan dirigidas las preguntas o peticiones solicitadas para que las pueda responder<\/span><\/li>\n<li style=\"text-align: justify;\"><span style=\"color: #000000;\">Alcald\u00eda leer\u00e1 la pregunta en voz alta<\/span><\/li>\n<li style=\"text-align: justify;\"><span style=\"color: #000000;\">Alcald\u00eda o a quien vaya dirigida la pregunta, la responder\u00e1 en la misma sesi\u00f3n del Pleno<\/span><\/li>\n<li style=\"text-align: justify;\"><span style=\"color: #000000;\">El p\u00fablico asistente a las sesiones no podr\u00e1 efectuar manifestaciones de agrado o desagrado. Tampoco se podr\u00e1n proferir comentarios que afecten el normal desarrollo de la sesi\u00f3n.<\/span><\/li>\n<\/ul>\n<p>&nbsp;<\/p>\n","protected":false},"excerpt":{"rendered":"<p>El proper dilluns 16 de setembre, a les 19h, se celebrar\u00e0 el Ple ordinari de l\u2019Ajuntament de la Bisbal del Pened\u00e8s corresponent a aquest trimestre. El Ple s\u2019ha convocat aquest &hellip; <a href=\"https:\/\/bisbalpenedes.com\/web\/2019\/09\/10\/el-proper-dilluns-16-de-setembre-a-les-19h-se-celebrara-el-ple-ordinari-de-lajuntament-de-la-bisbal-del-penedes\/\" class=\"more-link\">Read More<\/a><\/p>\n","protected":false},"author":4,"featured_media":9771,"comment_status":"closed","ping_status":"closed","sticky":false,"template":"","format":"standard","meta":[],"categories":[2250],"tags":[2798,1058,686,336,1055,242,249,483,515,479,3217],"_links":{"self":[{"href":"https:\/\/bisbalpenedes.com\/web\/wp-json\/wp\/v2\/posts\/10559"}],"collection":[{"href":"https:\/\/bisbalpenedes.com\/web\/wp-json\/wp\/v2\/posts"}],"about":[{"href":"https:\/\/bisbalpenedes.com\/web\/wp-json\/wp\/v2\/types\/post"}],"author":[{"embeddable":true,"href":"https:\/\/bisbalpenedes.com\/web\/wp-json\/wp\/v2\/users\/4"}],"replies":[{"embeddable":true,"href":"https:\/\/bisbalpenedes.com\/web\/wp-json\/wp\/v2\/comments?post=10559"}],"version-history":[{"count":3,"href":"https:\/\/bisbalpenedes.com\/web\/wp-json\/wp\/v2\/posts\/10559\/revisions"}],"predecessor-version":[{"id":10562,"href":"https:\/\/bisbalpenedes.com\/web\/wp-json\/wp\/v2\/posts\/10559\/revisions\/10562"}],"wp:featuredmedia":[{"embeddable":true,"href":"https:\/\/bisbalpenedes.com\/web\/wp-json\/wp\/v2\/media\/9771"}],"wp:attachment":[{"href":"https:\/\/bisbalpenedes.com\/web\/wp-json\/wp\/v2\/media?parent=10559"}],"wp:term":[{"taxonomy":"category","embeddable":true,"href":"https:\/\/bisbalpenedes.com\/web\/wp-json\/wp\/v2\/categories?post=10559"},{"taxonomy":"post_tag","embeddable":true,"href":"https:\/\/bisbalpenedes.com\/web\/wp-json\/wp\/v2\/tags?post=10559"}],"curies":[{"name":"wp","href":"https:\/\/api.w.org\/{rel}","templated":true}]}}