{"id":10524,"date":"2019-09-05T09:31:51","date_gmt":"2019-09-05T08:31:51","guid":{"rendered":"http:\/\/bisbalpenedes.com\/web\/?p=10524"},"modified":"2019-09-05T09:46:57","modified_gmt":"2019-09-05T08:46:57","slug":"el-divendres-13-de-setembre-es-presentara-el-llibre-el-gaudi-que-no-ens-han-explicat-a-la-biblioteca-publica","status":"publish","type":"post","link":"https:\/\/bisbalpenedes.com\/web\/2019\/09\/05\/el-divendres-13-de-setembre-es-presentara-el-llibre-el-gaudi-que-no-ens-han-explicat-a-la-biblioteca-publica\/","title":{"rendered":"El divendres 13 de setembre es presentar\u00e0 el llibre &#8216;El Gaud\u00ed que no ens han explicat&#8217; a la Biblioteca p\u00fablica"},"content":{"rendered":"<p><a href=\"http:\/\/bisbalpenedes.com\/web\/wp-content\/uploads\/2019\/09\/cartell-arter-13-setembre.jpg\"><img loading=\"lazy\" class=\"aligncenter wp-image-10525 size-medium\" src=\"http:\/\/bisbalpenedes.com\/web\/wp-content\/uploads\/2019\/09\/cartell-arter-13-setembre-212x300.jpg\" alt=\"cartell arter 13 setembre\" width=\"212\" height=\"300\" srcset=\"https:\/\/bisbalpenedes.com\/web\/wp-content\/uploads\/2019\/09\/cartell-arter-13-setembre-212x300.jpg 212w, https:\/\/bisbalpenedes.com\/web\/wp-content\/uploads\/2019\/09\/cartell-arter-13-setembre-600x848.jpg 600w, https:\/\/bisbalpenedes.com\/web\/wp-content\/uploads\/2019\/09\/cartell-arter-13-setembre.jpg 679w\" sizes=\"(max-width: 212px) 100vw, 212px\" \/><\/a><\/p>\n<p style=\"text-align: justify;\"><span style=\"color: #000000;\">El proper divendres 13 de setembre, a les 19:30h, Joan Torres i Dom\u00e8nech presentar\u00e0 el seu llibre &#8220;El Gaud\u00ed que no ens han explicat&#8221; a la Biblioteca p\u00fablica, ubicada al Centre Municipal de Cultura (pla\u00e7a Major, 11). Durant la presentaci\u00f3, l&#8217;autor oferir\u00e0 una confer\u00e8ncia sobre la figura d&#8217;Antoni Gaud\u00ed i exposar\u00e0 q\u00fcestions fins ara poc conegudes sobre l&#8217;arquitecte, relacionades sobretot amb la seva \u00e8poca d&#8217;infantesa i joventut al Camp de Tarragona.<\/span><\/p>\n<p style=\"text-align: justify;\"><span style=\"color: #000000;\">Podeu llegir m\u00e9s sobre el llibre i el seu autor a la p\u00e0gina web de l&#8217;editorial Cosset\u00e0nia:<\/span>\u00a0<a href=\"https:\/\/www.cossetania.com\/el-gaud-que-no-ens-han-explicat-2202\" target=\"_blank\">https:\/\/www.cossetania.com\/el-gaud-que-no-ens-han-explicat-2202<\/a><\/p>\n<hr \/>\n<p style=\"text-align: justify;\"><span style=\"color: #000000;\"><strong>CASTELLANO |<\/strong> El pr\u00f3ximo viernes 13 de septiembre, a las 19:30h, Joan Torres Dom\u00e8nech presentar\u00e1 su libro &#8220;El Gaud\u00ed que no ens han explicat&#8221; en la Biblioteca p\u00fablica, ubicada en el Centre Municipal de Cultura (pla\u00e7a Major, 11). Durante la presentaci\u00f3n, el autor ofrecer\u00e1 una conferencia sobre la figura de Antoni Gaud\u00ed y expondr\u00e1 cuestiones hasta ahora poco conocidas sobre el arquitecto, relacionadas sobretodo con su \u00e9poca de infancia y juventud en el Camp de Tarragona.<\/span><\/p>\n<p style=\"text-align: justify;\"><span style=\"color: #000000;\">Pod\u00e9is leer m\u00e1s sobre el libro y su autor en la p\u00e1gina web de la editorial Cosset\u00e0nia:\u00a0<\/span><a href=\"https:\/\/www.cossetania.com\/el-gaud-que-no-ens-han-explicat-2202\" target=\"_blank\">https:\/\/www.cossetania.com\/el-gaud-que-no-ens-han-explicat-2202<\/a><\/p>\n<p>&nbsp;<\/p>\n","protected":false},"excerpt":{"rendered":"<p>El proper divendres 13 de setembre, a les 19:30h, Joan Torres i Dom\u00e8nech presentar\u00e0 el seu llibre &#8220;El Gaud\u00ed que no ens han explicat&#8221; a la Biblioteca p\u00fablica, ubicada al &hellip; <a href=\"https:\/\/bisbalpenedes.com\/web\/2019\/09\/05\/el-divendres-13-de-setembre-es-presentara-el-llibre-el-gaudi-que-no-ens-han-explicat-a-la-biblioteca-publica\/\" class=\"more-link\">Read More<\/a><\/p>\n","protected":false},"author":4,"featured_media":10525,"comment_status":"closed","ping_status":"closed","sticky":false,"template":"","format":"standard","meta":[],"categories":[2942,2478,13],"tags":[3212,226,3213,752,3214,47,48],"_links":{"self":[{"href":"https:\/\/bisbalpenedes.com\/web\/wp-json\/wp\/v2\/posts\/10524"}],"collection":[{"href":"https:\/\/bisbalpenedes.com\/web\/wp-json\/wp\/v2\/posts"}],"about":[{"href":"https:\/\/bisbalpenedes.com\/web\/wp-json\/wp\/v2\/types\/post"}],"author":[{"embeddable":true,"href":"https:\/\/bisbalpenedes.com\/web\/wp-json\/wp\/v2\/users\/4"}],"replies":[{"embeddable":true,"href":"https:\/\/bisbalpenedes.com\/web\/wp-json\/wp\/v2\/comments?post=10524"}],"version-history":[{"count":4,"href":"https:\/\/bisbalpenedes.com\/web\/wp-json\/wp\/v2\/posts\/10524\/revisions"}],"predecessor-version":[{"id":10531,"href":"https:\/\/bisbalpenedes.com\/web\/wp-json\/wp\/v2\/posts\/10524\/revisions\/10531"}],"wp:featuredmedia":[{"embeddable":true,"href":"https:\/\/bisbalpenedes.com\/web\/wp-json\/wp\/v2\/media\/10525"}],"wp:attachment":[{"href":"https:\/\/bisbalpenedes.com\/web\/wp-json\/wp\/v2\/media?parent=10524"}],"wp:term":[{"taxonomy":"category","embeddable":true,"href":"https:\/\/bisbalpenedes.com\/web\/wp-json\/wp\/v2\/categories?post=10524"},{"taxonomy":"post_tag","embeddable":true,"href":"https:\/\/bisbalpenedes.com\/web\/wp-json\/wp\/v2\/tags?post=10524"}],"curies":[{"name":"wp","href":"https:\/\/api.w.org\/{rel}","templated":true}]}}