{"id":10519,"date":"2019-09-04T17:19:02","date_gmt":"2019-09-04T16:19:02","guid":{"rendered":"http:\/\/bisbalpenedes.com\/web\/?p=10519"},"modified":"2019-09-04T17:22:33","modified_gmt":"2019-09-04T16:22:33","slug":"lequip-de-govern-ha-assistit-a-la-formacio-per-a-governs-municipals-organitzada-per-lassociacio-catalana-de-municipis","status":"publish","type":"post","link":"https:\/\/bisbalpenedes.com\/web\/2019\/09\/04\/lequip-de-govern-ha-assistit-a-la-formacio-per-a-governs-municipals-organitzada-per-lassociacio-catalana-de-municipis\/","title":{"rendered":"L\u2019equip de govern ha assistit a la formaci\u00f3 per a governs municipals organitzada per l\u2019Associaci\u00f3 Catalana de Municipis"},"content":{"rendered":"<p style=\"text-align: justify;\"><a href=\"http:\/\/bisbalpenedes.com\/web\/wp-content\/uploads\/2019\/09\/EQUIP-DE-GOVERN-ACM-SETEMBRE-2019.jpg\"><img loading=\"lazy\" class=\"aligncenter size-large wp-image-10520\" src=\"http:\/\/bisbalpenedes.com\/web\/wp-content\/uploads\/2019\/09\/EQUIP-DE-GOVERN-ACM-SETEMBRE-2019-1024x484.jpg\" alt=\"EQUIP DE GOVERN ACM SETEMBRE 2019\" width=\"630\" height=\"298\" srcset=\"https:\/\/bisbalpenedes.com\/web\/wp-content\/uploads\/2019\/09\/EQUIP-DE-GOVERN-ACM-SETEMBRE-2019-1024x484.jpg 1024w, https:\/\/bisbalpenedes.com\/web\/wp-content\/uploads\/2019\/09\/EQUIP-DE-GOVERN-ACM-SETEMBRE-2019-600x284.jpg 600w, https:\/\/bisbalpenedes.com\/web\/wp-content\/uploads\/2019\/09\/EQUIP-DE-GOVERN-ACM-SETEMBRE-2019-300x142.jpg 300w, https:\/\/bisbalpenedes.com\/web\/wp-content\/uploads\/2019\/09\/EQUIP-DE-GOVERN-ACM-SETEMBRE-2019-768x363.jpg 768w, https:\/\/bisbalpenedes.com\/web\/wp-content\/uploads\/2019\/09\/EQUIP-DE-GOVERN-ACM-SETEMBRE-2019.jpg 1600w\" sizes=\"(max-width: 630px) 100vw, 630px\" \/><\/a><\/p>\n<p style=\"text-align: justify;\"><span style=\"color: #000000;\">L\u2019equip de govern de l\u2019Ajuntament de la Bisbal del Pened\u00e8s, format per sis regidors, ha assistit aquest dimarts 3 de setembre a la sessi\u00f3 informativa \u201cFormaci\u00f3 per a nous governs municipals\u201d que ha tingut lloc a l\u2019Associaci\u00f3 Catalana de Municipis (ACM).<\/span><\/p>\n<p style=\"text-align: justify;\"><span style=\"color: #000000;\">La jornada formativa s\u2019adre\u00e7ava a equips de govern de municipis d\u2019arreu de Catalunya i inclo\u00efa formaci\u00f3 te\u00f2rica i pr\u00e0ctica per donar pautes de gesti\u00f3 i eines per afrontar el mandat amb efici\u00e8ncia i planificaci\u00f3.<\/span><\/p>\n<p style=\"text-align: justify;\"><span style=\"color: #000000;\">El primer president de l\u2019ACM, David Saldoni, ha donat la benvinguda als assistents, animant-los a fer un bon servei a la ciutadania i explicant els serveis que ofereix l\u2019ACM als Ajuntaments, centrats en la formaci\u00f3, l\u2019assessorament jur\u00eddic i la central de compres.<\/span><\/p>\n<p style=\"text-align: justify;\"><span style=\"color: #000000;\">L\u2019alcaldessa de la Bisbal del Pened\u00e8s, Agn\u00e8s Ferr\u00e9, ha explicat que \u201cha estat una formaci\u00f3 molt enriquidora i \u00fatil\u201d.<\/span><\/p>\n<p style=\"text-align: justify;\"><span style=\"color: #000000;\">L\u2019Associaci\u00f3 Catalana de Municipis (ACM) \u00e9s una entitat formada per m\u00e9s de mil associats, entre els quals es troba l\u2019Ajuntament de la Bisbal del Pened\u00e8s. L\u2019ACM treballa \u00a0\u201cper defensar i representar els interessos del m\u00f3n local davant d\u2019altres administracions supramunicipals, ofereix assessorament, facilita recursos per a tots els treballadors p\u00fablics dels ens locals, forma c\u00e0rrecs electes, edita publicacions relacionades amb tem\u00e0tiques que afecten el m\u00f3n local, informa dels canvis legislatius que afecten l\u2019administraci\u00f3 local als seus associats aix\u00ed com de les convocat\u00f2ries de subvencions i compra de forma agregada serveis per a millorar les condicions econ\u00f2miques i administratives dels ens locals\u201d.<\/span><\/p>\n<p style=\"text-align: justify;\"><span style=\"color: #000000;\">Per ampliar la informaci\u00f3 sobre l\u2019ACM podeu entrar a l\u2019enlla\u00e7: <a style=\"color: #000000;\" href=\"http:\/\/www.acm.cat\">www.acm.cat<\/a><\/span><\/p>\n<hr \/>\n<p style=\"text-align: justify;\"><span style=\"color: #000000;\"><strong>CASTELLANO |<\/strong> El equipo de gobierno del Ayuntamiento de la Bisbal del Pened\u00e8s, formado por seis concejales, ha asistido este martes 3 de septiembre a la sesi\u00f3n informativa \u201cFormaci\u00f3n para nuevos gobiernos municipales\u201d que ha tenido lugar en la Associaci\u00f3 Catalana de Municipis (ACM).<\/span><\/p>\n<p style=\"text-align: justify;\"><span style=\"color: #000000;\">La jornada formativa se dirig\u00eda a equipos de gobierno de municipios de toda Catalunya e inclu\u00eda formaci\u00f3n t\u00e9cnica y pr\u00e1ctica para dar pautas de gesti\u00f3n y herramientas para afrontar el mandato con eficiencia y planificaci\u00f3n.<\/span><\/p>\n<p style=\"text-align: justify;\"><span style=\"color: #000000;\">El primer presidente de la ACM, David Saldoni, ha dado la bienvenida a los asistentes, anim\u00e1ndolos a hacer un buen servicio a la ciudadan\u00eda y explicando los servicios que ofrece la ACM a los Ayuntamientos, centrados en la formaci\u00f3n, la asesor\u00eda jur\u00eddica y la central de compras.<\/span><\/p>\n<p style=\"text-align: justify;\"><span style=\"color: #000000;\">La alcaldesa de la Bisbal del Pened\u00e8s, Agn\u00e8s Ferr\u00e9, ha explicado que \u201cha sido una formaci\u00f3n muy enriquecedora y \u00fatil\u201d.<\/span><\/p>\n<p style=\"text-align: justify;\"><span style=\"color: #000000;\">La Associaci\u00f3 Catalana de Municipis (ACM) es una entidad formada por m\u00e1s de mil asociados, entre los cuales se encuentra el Ayuntamiento de la Bisbal del Pened\u00e8s. La ACM trabaja \u201cpara defender y representar los intereses del mundo local delante de otras administraciones supramunicipales, ofrece asesoramiento, facilita recursos para todos los trabajadores p\u00fablicos de los entes locales, forma cargos electos, edita publicaciones relacionadas con tem\u00e1ticas que afectan al mundo local, informa de los cambios legislativos que afectan a la administraci\u00f3n local a sus asociados as\u00ed como tambi\u00e9n de las convocatorias de subvenciones y, adem\u00e1s, compra de forma agregada servicios para mejorar las condiciones econ\u00f3micas y administrativas de los entes locales\u201d.<\/span><\/p>\n<p style=\"text-align: justify;\"><span style=\"color: #000000;\">Para ampliar la informaci\u00f3n sobre la ACM pod\u00e9is entrar en el enlace: <a style=\"color: #000000;\" href=\"http:\/\/www.acm.cat\">www.acm.cat<\/a><\/span><\/p>\n<p>&nbsp;<\/p>\n<p>&nbsp;<\/p>\n<p>&nbsp;<\/p>\n","protected":false},"excerpt":{"rendered":"<p>L\u2019equip de govern de l\u2019Ajuntament de la Bisbal del Pened\u00e8s, format per sis regidors, ha assistit aquest dimarts 3 de setembre a la sessi\u00f3 informativa \u201cFormaci\u00f3 per a nous governs &hellip; <a href=\"https:\/\/bisbalpenedes.com\/web\/2019\/09\/04\/lequip-de-govern-ha-assistit-a-la-formacio-per-a-governs-municipals-organitzada-per-lassociacio-catalana-de-municipis\/\" class=\"more-link\">Read More<\/a><\/p>\n","protected":false},"author":4,"featured_media":10520,"comment_status":"closed","ping_status":"closed","sticky":false,"template":"","format":"standard","meta":[],"categories":[2377],"tags":[874,1091,12],"_links":{"self":[{"href":"https:\/\/bisbalpenedes.com\/web\/wp-json\/wp\/v2\/posts\/10519"}],"collection":[{"href":"https:\/\/bisbalpenedes.com\/web\/wp-json\/wp\/v2\/posts"}],"about":[{"href":"https:\/\/bisbalpenedes.com\/web\/wp-json\/wp\/v2\/types\/post"}],"author":[{"embeddable":true,"href":"https:\/\/bisbalpenedes.com\/web\/wp-json\/wp\/v2\/users\/4"}],"replies":[{"embeddable":true,"href":"https:\/\/bisbalpenedes.com\/web\/wp-json\/wp\/v2\/comments?post=10519"}],"version-history":[{"count":3,"href":"https:\/\/bisbalpenedes.com\/web\/wp-json\/wp\/v2\/posts\/10519\/revisions"}],"predecessor-version":[{"id":10523,"href":"https:\/\/bisbalpenedes.com\/web\/wp-json\/wp\/v2\/posts\/10519\/revisions\/10523"}],"wp:featuredmedia":[{"embeddable":true,"href":"https:\/\/bisbalpenedes.com\/web\/wp-json\/wp\/v2\/media\/10520"}],"wp:attachment":[{"href":"https:\/\/bisbalpenedes.com\/web\/wp-json\/wp\/v2\/media?parent=10519"}],"wp:term":[{"taxonomy":"category","embeddable":true,"href":"https:\/\/bisbalpenedes.com\/web\/wp-json\/wp\/v2\/categories?post=10519"},{"taxonomy":"post_tag","embeddable":true,"href":"https:\/\/bisbalpenedes.com\/web\/wp-json\/wp\/v2\/tags?post=10519"}],"curies":[{"name":"wp","href":"https:\/\/api.w.org\/{rel}","templated":true}]}}