{"id":10513,"date":"2019-09-03T12:22:24","date_gmt":"2019-09-03T11:22:24","guid":{"rendered":"http:\/\/bisbalpenedes.com\/web\/?p=10513"},"modified":"2019-09-03T12:37:33","modified_gmt":"2019-09-03T11:37:33","slug":"el-16-de-setembre-torna-la-gimnastica-per-a-majors-de-65-anys-al-raco-de-la-gent-gran","status":"publish","type":"post","link":"https:\/\/bisbalpenedes.com\/web\/2019\/09\/03\/el-16-de-setembre-torna-la-gimnastica-per-a-majors-de-65-anys-al-raco-de-la-gent-gran\/","title":{"rendered":"El 16 de setembre torna la gimn\u00e0stica per a majors de 65 anys al Rac\u00f3 de la Gent Gran"},"content":{"rendered":"<p style=\"text-align: justify;\"><span style=\"color: #000000;\">El dilluns 16 de setembre torna la gimn\u00e0stica per a majors de 65 anys al Rac\u00f3 de la Gent Gran. Enguany, com a novetat, es pot triar entre inscriure-s&#8217;hi dos o tres dies a la setmana. Les classes es fan els dilluns, els dimecres i els divendres, de 10:00h a 11:15h, i els preus s\u00f3n els seg\u00fcents:<\/span><\/p>\n<p style=\"padding-left: 30px; text-align: justify;\"><span style=\"color: #000000;\">2 dies a la setmana: 10\u20ac mensuals \/ 30\u20ac trimestrals<\/span><\/p>\n<p style=\"padding-left: 30px; text-align: justify;\"><span style=\"color: #000000;\">3 dies a la setmana: 15\u20ac mensuals \/ 45\u20ac trimestrals<\/span><\/p>\n<p style=\"text-align: justify;\"><span style=\"color: #000000;\">Durant el mes de setembre podeu accedir a les activitats de forma gratu\u00efta. Si voleu continuar a l&#8217;octubre, haureu de formalitzar la vostra inscripci\u00f3 a l&#8217;Ajuntament de la Bisbal del Pened\u00e8s. <\/span><\/p>\n<p style=\"text-align: justify;\"><span style=\"color: #000000;\">*Per dur a terme les activitats, caldr\u00e0 que hi hagi grups m\u00ednims de 8 persones.<\/span><\/p>\n<hr \/>\n<p style=\"text-align: justify;\"><span style=\"color: #000000;\"><strong>CASTELLANO |<\/strong> El lunes 16 de septiembre vuelve la gimnasia para mayores de 65 a\u00f1os al Rac\u00f3 de la Gent Gran. Este a\u00f1o, como novedad, se puede escoger entre inscribirse dos o tres d\u00edas a la semana. Las clases se hacen los lunes, los mi\u00e9rcoles y los viernes, de 10:00h a 11:15h, y los precios son los siguientes:<\/span><\/p>\n<p style=\"text-align: justify; padding-left: 30px;\"><span style=\"color: #000000;\">2 d\u00edas a la semana: 10\u20ac mensuales \/ 30\u20ac trimestrales<\/span><\/p>\n<p style=\"text-align: justify; padding-left: 30px;\"><span style=\"color: #000000;\">3 d\u00edas a la semana: 15\u20ac mensuales \/45\u20ac trimestrales<\/span><\/p>\n<p style=\"text-align: justify;\"><span style=\"color: #000000;\">Durante el mes de septiembre pod\u00e9is acceder a las actividades de forma gratuita. Si quer\u00e9is continuar en octubre, deber\u00e9is formalizar vuestra inscripci\u00f3n en el Ayuntamiento de la Bisbal del Pened\u00e8s.<\/span><\/p>\n<p style=\"text-align: justify;\"><span style=\"color: #000000;\">*para llevar a cabo las actividades, ser\u00e1 necesario que haya grupos m\u00ednimos de 8 personas.<\/span><\/p>\n<p style=\"text-align: justify;\"><a href=\"http:\/\/bisbalpenedes.com\/web\/wp-content\/uploads\/2019\/09\/Gent-Gran-Gimnastica-amb-autor-imatge20.jpg\"><img loading=\"lazy\" class=\"aligncenter size-large wp-image-10514\" src=\"http:\/\/bisbalpenedes.com\/web\/wp-content\/uploads\/2019\/09\/Gent-Gran-Gimnastica-amb-autor-imatge20-709x1024.jpg\" alt=\"Gent-Gran---Gimnastica-amb-autor-imatge20\" width=\"630\" height=\"910\" srcset=\"https:\/\/bisbalpenedes.com\/web\/wp-content\/uploads\/2019\/09\/Gent-Gran-Gimnastica-amb-autor-imatge20-709x1024.jpg 709w, https:\/\/bisbalpenedes.com\/web\/wp-content\/uploads\/2019\/09\/Gent-Gran-Gimnastica-amb-autor-imatge20-600x867.jpg 600w, https:\/\/bisbalpenedes.com\/web\/wp-content\/uploads\/2019\/09\/Gent-Gran-Gimnastica-amb-autor-imatge20-208x300.jpg 208w, https:\/\/bisbalpenedes.com\/web\/wp-content\/uploads\/2019\/09\/Gent-Gran-Gimnastica-amb-autor-imatge20-768x1109.jpg 768w, https:\/\/bisbalpenedes.com\/web\/wp-content\/uploads\/2019\/09\/Gent-Gran-Gimnastica-amb-autor-imatge20.jpg 1350w\" sizes=\"(max-width: 630px) 100vw, 630px\" \/><\/a><\/p>\n","protected":false},"excerpt":{"rendered":"<p>El dilluns 16 de setembre torna la gimn\u00e0stica per a majors de 65 anys al Rac\u00f3 de la Gent Gran. Enguany, com a novetat, es pot triar entre inscriure-s&#8217;hi dos &hellip; <a href=\"https:\/\/bisbalpenedes.com\/web\/2019\/09\/03\/el-16-de-setembre-torna-la-gimnastica-per-a-majors-de-65-anys-al-raco-de-la-gent-gran\/\" class=\"more-link\">Read More<\/a><\/p>\n","protected":false},"author":4,"featured_media":10514,"comment_status":"closed","ping_status":"closed","sticky":false,"template":"","format":"standard","meta":[],"categories":[3088],"tags":[305,83,539,2115],"_links":{"self":[{"href":"https:\/\/bisbalpenedes.com\/web\/wp-json\/wp\/v2\/posts\/10513"}],"collection":[{"href":"https:\/\/bisbalpenedes.com\/web\/wp-json\/wp\/v2\/posts"}],"about":[{"href":"https:\/\/bisbalpenedes.com\/web\/wp-json\/wp\/v2\/types\/post"}],"author":[{"embeddable":true,"href":"https:\/\/bisbalpenedes.com\/web\/wp-json\/wp\/v2\/users\/4"}],"replies":[{"embeddable":true,"href":"https:\/\/bisbalpenedes.com\/web\/wp-json\/wp\/v2\/comments?post=10513"}],"version-history":[{"count":2,"href":"https:\/\/bisbalpenedes.com\/web\/wp-json\/wp\/v2\/posts\/10513\/revisions"}],"predecessor-version":[{"id":10517,"href":"https:\/\/bisbalpenedes.com\/web\/wp-json\/wp\/v2\/posts\/10513\/revisions\/10517"}],"wp:featuredmedia":[{"embeddable":true,"href":"https:\/\/bisbalpenedes.com\/web\/wp-json\/wp\/v2\/media\/10514"}],"wp:attachment":[{"href":"https:\/\/bisbalpenedes.com\/web\/wp-json\/wp\/v2\/media?parent=10513"}],"wp:term":[{"taxonomy":"category","embeddable":true,"href":"https:\/\/bisbalpenedes.com\/web\/wp-json\/wp\/v2\/categories?post=10513"},{"taxonomy":"post_tag","embeddable":true,"href":"https:\/\/bisbalpenedes.com\/web\/wp-json\/wp\/v2\/tags?post=10513"}],"curies":[{"name":"wp","href":"https:\/\/api.w.org\/{rel}","templated":true}]}}