{"id":10510,"date":"2019-09-03T12:09:37","date_gmt":"2019-09-03T11:09:37","guid":{"rendered":"http:\/\/bisbalpenedes.com\/web\/?p=10510"},"modified":"2019-09-04T17:16:11","modified_gmt":"2019-09-04T16:16:11","slug":"la-setmana-passada-van-comencar-les-obres-darranjament-de-la-xarxa-de-sanejament-de-lesplai-a-laltura-del-local-social","status":"publish","type":"post","link":"https:\/\/bisbalpenedes.com\/web\/2019\/09\/03\/la-setmana-passada-van-comencar-les-obres-darranjament-de-la-xarxa-de-sanejament-de-lesplai-a-laltura-del-local-social\/","title":{"rendered":"La setmana passada van comen\u00e7ar les obres d\u2019arranjament de la xarxa de sanejament de l\u2019Esplai a l\u2019altura del local social"},"content":{"rendered":"<p style=\"text-align: justify;\"><span style=\"color: #000000;\">El passat dimecres 28 d\u2019agost van comen\u00e7ar les obres d\u2019arranjament de la canalitzaci\u00f3 de connexi\u00f3 al col\u00b7lector principal de la xarxa de sanejament de l\u2019Esplai, a l\u2019altura del local social.<\/span><\/p>\n<p style=\"text-align: justify;\"><span style=\"color: #000000;\">La Junta de Govern del 26 d\u2019agost de 2019 va aprovar un contracte menor per un import de 12.694,16\u20ac (IVA incl\u00f3s) per dur a terme aquesta obra. El contracte ha estat adjudicat a l\u2019empresa Sol\u00e9 Xic i es repararan 40 metres lineals de tub de clavegueram i tres pous de registre, al costat del tal\u00fas de la carretera.<\/span><\/p>\n<p style=\"text-align: justify;\"><span style=\"color: #000000;\">L\u2019Ajuntament de la Bisbal del Pened\u00e8s pot fer front a aquesta inversi\u00f3 perqu\u00e8 en el Ple extraordinari del passat 12 d\u2019agost es va aprovar la modificaci\u00f3 de cr\u00e8dit corresponent per poder dur a terme aquestes obres.<\/span><\/p>\n<hr \/>\n<p style=\"text-align: justify;\"><span style=\"color: #000000;\"><strong>CASTELLANO |<\/strong> El pasado mi\u00e9rcoles 28 de agosto empezaron las obras para arreglar la canalizaci\u00f3n de la conexi\u00f3n al colector principal de la red de saneamiento de l\u2019Esplai, a la altura del local social.<\/span><\/p>\n<p style=\"text-align: justify;\"><span style=\"color: #000000;\">La Junta de Gobierno del 26 de agosto del 2019 aprob\u00f3 un contrato menor por un importe de 12.694,16\u20ac (IVA incluido) para llevar a cabo esta obra. El contrato ha sido adjudicado a la empresa Sol\u00e9 Xic y se reparar\u00e1n 40 metros lineales de tubo de alcantarillado y tres pozos de registro, al lado del talud de la carretera.<\/span><\/p>\n<p style=\"text-align: justify;\"><span style=\"color: #000000;\">El Ayuntamiento de la Bisbal del Pened\u00e8s puede hacer frente a esta inversi\u00f3n porqu\u00e9 en el Pleno extraordinario del pasado 12 de agosto se aprob\u00f3 la modificaci\u00f3n de cr\u00e9dito correspondiente para poder llevar a cabo estas obras.<\/span><\/p>\n<p style=\"text-align: justify;\"><a href=\"http:\/\/bisbalpenedes.com\/web\/wp-content\/uploads\/2019\/09\/aiguaesplai2.jpg\"><img loading=\"lazy\" class=\"aligncenter size-large wp-image-10511\" src=\"http:\/\/bisbalpenedes.com\/web\/wp-content\/uploads\/2019\/09\/aiguaesplai2-1024x768.jpg\" alt=\"aiguaesplai2\" width=\"630\" height=\"473\" srcset=\"https:\/\/bisbalpenedes.com\/web\/wp-content\/uploads\/2019\/09\/aiguaesplai2-1024x768.jpg 1024w, https:\/\/bisbalpenedes.com\/web\/wp-content\/uploads\/2019\/09\/aiguaesplai2-600x450.jpg 600w, https:\/\/bisbalpenedes.com\/web\/wp-content\/uploads\/2019\/09\/aiguaesplai2-300x225.jpg 300w, https:\/\/bisbalpenedes.com\/web\/wp-content\/uploads\/2019\/09\/aiguaesplai2-768x576.jpg 768w, https:\/\/bisbalpenedes.com\/web\/wp-content\/uploads\/2019\/09\/aiguaesplai2.jpg 2016w\" sizes=\"(max-width: 630px) 100vw, 630px\" \/><\/a><\/p>\n","protected":false},"excerpt":{"rendered":"<p>El passat dimecres 28 d\u2019agost van comen\u00e7ar les obres d\u2019arranjament de la canalitzaci\u00f3 de connexi\u00f3 al col\u00b7lector principal de la xarxa de sanejament de l\u2019Esplai, a l\u2019altura del local social. &hellip; <a href=\"https:\/\/bisbalpenedes.com\/web\/2019\/09\/03\/la-setmana-passada-van-comencar-les-obres-darranjament-de-la-xarxa-de-sanejament-de-lesplai-a-laltura-del-local-social\/\" class=\"more-link\">Read More<\/a><\/p>\n","protected":false},"author":4,"featured_media":10511,"comment_status":"closed","ping_status":"closed","sticky":false,"template":"","format":"standard","meta":[],"categories":[15],"tags":[161,248,276,247,21,3211],"_links":{"self":[{"href":"https:\/\/bisbalpenedes.com\/web\/wp-json\/wp\/v2\/posts\/10510"}],"collection":[{"href":"https:\/\/bisbalpenedes.com\/web\/wp-json\/wp\/v2\/posts"}],"about":[{"href":"https:\/\/bisbalpenedes.com\/web\/wp-json\/wp\/v2\/types\/post"}],"author":[{"embeddable":true,"href":"https:\/\/bisbalpenedes.com\/web\/wp-json\/wp\/v2\/users\/4"}],"replies":[{"embeddable":true,"href":"https:\/\/bisbalpenedes.com\/web\/wp-json\/wp\/v2\/comments?post=10510"}],"version-history":[{"count":2,"href":"https:\/\/bisbalpenedes.com\/web\/wp-json\/wp\/v2\/posts\/10510\/revisions"}],"predecessor-version":[{"id":10518,"href":"https:\/\/bisbalpenedes.com\/web\/wp-json\/wp\/v2\/posts\/10510\/revisions\/10518"}],"wp:featuredmedia":[{"embeddable":true,"href":"https:\/\/bisbalpenedes.com\/web\/wp-json\/wp\/v2\/media\/10511"}],"wp:attachment":[{"href":"https:\/\/bisbalpenedes.com\/web\/wp-json\/wp\/v2\/media?parent=10510"}],"wp:term":[{"taxonomy":"category","embeddable":true,"href":"https:\/\/bisbalpenedes.com\/web\/wp-json\/wp\/v2\/categories?post=10510"},{"taxonomy":"post_tag","embeddable":true,"href":"https:\/\/bisbalpenedes.com\/web\/wp-json\/wp\/v2\/tags?post=10510"}],"curies":[{"name":"wp","href":"https:\/\/api.w.org\/{rel}","templated":true}]}}