{"id":10500,"date":"2019-09-02T09:38:36","date_gmt":"2019-09-02T08:38:36","guid":{"rendered":"http:\/\/bisbalpenedes.com\/web\/?p=10500"},"modified":"2019-09-02T09:38:36","modified_gmt":"2019-09-02T08:38:36","slug":"horari-datencio-a-la-ciutadania-de-lajuntament-de-la-bisbal-del-penedes","status":"publish","type":"post","link":"https:\/\/bisbalpenedes.com\/web\/2019\/09\/02\/horari-datencio-a-la-ciutadania-de-lajuntament-de-la-bisbal-del-penedes\/","title":{"rendered":"Horari d&#8217;atenci\u00f3 a la ciutadania de l&#8217;Ajuntament de la Bisbal del Pened\u00e8s"},"content":{"rendered":"<p>Des d&#8217;avui, 2 de setembre, i fins al 15 de juny, l&#8217;horari d&#8217;atenci\u00f3 a la ciutadania de l&#8217;Ajuntament de la Bisbal del Pened\u00e8s ser\u00e0 el seg\u00fcent:<\/p>\n<ul>\n<li>Dilluns: de 09:00h a 14:00h i de 16:00h a 19:00h<\/li>\n<li>De dimarts a divendres de 09:00h a 14:00h<\/li>\n<\/ul>\n<hr \/>\n<p>CASTELLANO | Desde hoy, 2 de septiembre, y hasta el 15 de junio, el horario de atenci\u00f3n a la ciudadan\u00eda del Ayuntamiento de la Bisbal del Pened\u00e8s ser\u00e1 el siguiente:<\/p>\n<ul>\n<li>Lunes: de 09:00h a 14:00h y de 16:00h a 19:00h<\/li>\n<li>De martes a viernes de 09:00h a 14:00h<\/li>\n<\/ul>\n<p>&nbsp;<\/p>\n","protected":false},"excerpt":{"rendered":"<p>Des d&#8217;avui, 2 de setembre, i fins al 15 de juny, l&#8217;horari d&#8217;atenci\u00f3 a la ciutadania de l&#8217;Ajuntament de la Bisbal del Pened\u00e8s ser\u00e0 el seg\u00fcent: Dilluns: de 09:00h a &hellip; <a href=\"https:\/\/bisbalpenedes.com\/web\/2019\/09\/02\/horari-datencio-a-la-ciutadania-de-lajuntament-de-la-bisbal-del-penedes\/\" class=\"more-link\">Read More<\/a><\/p>\n","protected":false},"author":4,"featured_media":7089,"comment_status":"closed","ping_status":"closed","sticky":false,"template":"","format":"standard","meta":[],"categories":[3125],"tags":[216,3205,784,3204],"_links":{"self":[{"href":"https:\/\/bisbalpenedes.com\/web\/wp-json\/wp\/v2\/posts\/10500"}],"collection":[{"href":"https:\/\/bisbalpenedes.com\/web\/wp-json\/wp\/v2\/posts"}],"about":[{"href":"https:\/\/bisbalpenedes.com\/web\/wp-json\/wp\/v2\/types\/post"}],"author":[{"embeddable":true,"href":"https:\/\/bisbalpenedes.com\/web\/wp-json\/wp\/v2\/users\/4"}],"replies":[{"embeddable":true,"href":"https:\/\/bisbalpenedes.com\/web\/wp-json\/wp\/v2\/comments?post=10500"}],"version-history":[{"count":1,"href":"https:\/\/bisbalpenedes.com\/web\/wp-json\/wp\/v2\/posts\/10500\/revisions"}],"predecessor-version":[{"id":10501,"href":"https:\/\/bisbalpenedes.com\/web\/wp-json\/wp\/v2\/posts\/10500\/revisions\/10501"}],"wp:featuredmedia":[{"embeddable":true,"href":"https:\/\/bisbalpenedes.com\/web\/wp-json\/wp\/v2\/media\/7089"}],"wp:attachment":[{"href":"https:\/\/bisbalpenedes.com\/web\/wp-json\/wp\/v2\/media?parent=10500"}],"wp:term":[{"taxonomy":"category","embeddable":true,"href":"https:\/\/bisbalpenedes.com\/web\/wp-json\/wp\/v2\/categories?post=10500"},{"taxonomy":"post_tag","embeddable":true,"href":"https:\/\/bisbalpenedes.com\/web\/wp-json\/wp\/v2\/tags?post=10500"}],"curies":[{"name":"wp","href":"https:\/\/api.w.org\/{rel}","templated":true}]}}