{"id":10486,"date":"2019-08-28T16:05:25","date_gmt":"2019-08-28T15:05:25","guid":{"rendered":"http:\/\/bisbalpenedes.com\/web\/?p=10486"},"modified":"2019-08-28T19:56:48","modified_gmt":"2019-08-28T18:56:48","slug":"el-raco-de-la-gent-gran-inicia-curs-el-dilluns-2-de-setembre","status":"publish","type":"post","link":"https:\/\/bisbalpenedes.com\/web\/2019\/08\/28\/el-raco-de-la-gent-gran-inicia-curs-el-dilluns-2-de-setembre\/","title":{"rendered":"El Rac\u00f3 de la Gent Gran inicia &#8216;curs&#8217; el dilluns 2 de setembre"},"content":{"rendered":"<p style=\"text-align: justify;\"><span style=\"color: #000000;\">A partir del dilluns 2 de setembre, els usuaris i les usu\u00e0ries del Rac\u00f3 de la Gent Gran en podran tornar a fer \u00fas, despr\u00e9s de l&#8217;aturada estival. L&#8217;horari de l&#8217;equipament ser\u00e0 de 16:30h a 20:00h, de dilluns a divendres.<\/span><\/p>\n<p style=\"text-align: justify;\"><span style=\"color: #000000;\">Durant el mes de setembre la Regidoria de la Gent Gran anunciar\u00e0 totes les activitats i novetats que s&#8217;hi oferiran a partir de l&#8217;octubre.<\/span><\/p>\n<hr \/>\n<p style=\"text-align: justify;\"><span style=\"color: #000000;\">A partir del lunes 2 de septiembre, los usuarios y las usuarias del Rac\u00f3 de la Gent Gran podr\u00e1n volver a hacer uso de las instalaciones, despu\u00e9s de la parada estival. El horario del equipamiento ser\u00e1 de 16:30h a 20:00h, de lunes a viernes.\u00a0<\/span><\/p>\n<p style=\"text-align: justify;\"><span style=\"color: #000000;\">Durante el mes de septiembre la Concejal\u00eda de la &#8216;Gent Gran&#8217; anunciar\u00e1 todas las actividades y novedades que se ofrecer\u00e1n a partir de octubre.<\/span><\/p>\n<p style=\"text-align: justify;\">\n<p style=\"text-align: justify;\"><a href=\"http:\/\/bisbalpenedes.com\/web\/wp-content\/uploads\/2019\/08\/27FD48EE-1642-4012-A79E-710F16ABE82A.jpeg\"><img loading=\"lazy\" class=\"aligncenter size-large wp-image-10494\" src=\"http:\/\/bisbalpenedes.com\/web\/wp-content\/uploads\/2019\/08\/27FD48EE-1642-4012-A79E-710F16ABE82A-682x1024.jpeg\" alt=\"27FD48EE-1642-4012-A79E-710F16ABE82A\" width=\"630\" height=\"946\" srcset=\"https:\/\/bisbalpenedes.com\/web\/wp-content\/uploads\/2019\/08\/27FD48EE-1642-4012-A79E-710F16ABE82A-682x1024.jpeg 682w, https:\/\/bisbalpenedes.com\/web\/wp-content\/uploads\/2019\/08\/27FD48EE-1642-4012-A79E-710F16ABE82A-600x901.jpeg 600w, https:\/\/bisbalpenedes.com\/web\/wp-content\/uploads\/2019\/08\/27FD48EE-1642-4012-A79E-710F16ABE82A-200x300.jpeg 200w, https:\/\/bisbalpenedes.com\/web\/wp-content\/uploads\/2019\/08\/27FD48EE-1642-4012-A79E-710F16ABE82A-768x1153.jpeg 768w, https:\/\/bisbalpenedes.com\/web\/wp-content\/uploads\/2019\/08\/27FD48EE-1642-4012-A79E-710F16ABE82A.jpeg 1364w\" sizes=\"(max-width: 630px) 100vw, 630px\" \/><\/a><\/p>\n","protected":false},"excerpt":{"rendered":"<p>A partir del dilluns 2 de setembre, els usuaris i les usu\u00e0ries del Rac\u00f3 de la Gent Gran en podran tornar a fer \u00fas, despr\u00e9s de l&#8217;aturada estival. L&#8217;horari de &hellip; <a href=\"https:\/\/bisbalpenedes.com\/web\/2019\/08\/28\/el-raco-de-la-gent-gran-inicia-curs-el-dilluns-2-de-setembre\/\" class=\"more-link\">Read More<\/a><\/p>\n","protected":false},"author":4,"featured_media":10494,"comment_status":"closed","ping_status":"closed","sticky":false,"template":"","format":"standard","meta":[],"categories":[3088],"tags":[230,305,2115],"_links":{"self":[{"href":"https:\/\/bisbalpenedes.com\/web\/wp-json\/wp\/v2\/posts\/10486"}],"collection":[{"href":"https:\/\/bisbalpenedes.com\/web\/wp-json\/wp\/v2\/posts"}],"about":[{"href":"https:\/\/bisbalpenedes.com\/web\/wp-json\/wp\/v2\/types\/post"}],"author":[{"embeddable":true,"href":"https:\/\/bisbalpenedes.com\/web\/wp-json\/wp\/v2\/users\/4"}],"replies":[{"embeddable":true,"href":"https:\/\/bisbalpenedes.com\/web\/wp-json\/wp\/v2\/comments?post=10486"}],"version-history":[{"count":3,"href":"https:\/\/bisbalpenedes.com\/web\/wp-json\/wp\/v2\/posts\/10486\/revisions"}],"predecessor-version":[{"id":10495,"href":"https:\/\/bisbalpenedes.com\/web\/wp-json\/wp\/v2\/posts\/10486\/revisions\/10495"}],"wp:featuredmedia":[{"embeddable":true,"href":"https:\/\/bisbalpenedes.com\/web\/wp-json\/wp\/v2\/media\/10494"}],"wp:attachment":[{"href":"https:\/\/bisbalpenedes.com\/web\/wp-json\/wp\/v2\/media?parent=10486"}],"wp:term":[{"taxonomy":"category","embeddable":true,"href":"https:\/\/bisbalpenedes.com\/web\/wp-json\/wp\/v2\/categories?post=10486"},{"taxonomy":"post_tag","embeddable":true,"href":"https:\/\/bisbalpenedes.com\/web\/wp-json\/wp\/v2\/tags?post=10486"}],"curies":[{"name":"wp","href":"https:\/\/api.w.org\/{rel}","templated":true}]}}