{"id":10478,"date":"2019-08-26T10:15:09","date_gmt":"2019-08-26T09:15:09","guid":{"rendered":"http:\/\/bisbalpenedes.com\/web\/?p=10478"},"modified":"2019-08-26T10:15:09","modified_gmt":"2019-08-26T09:15:09","slug":"aquest-dimarts-a-les-1830h-hi-haura-contacontes-a-la-biblioteca-publica-de-la-bisbal-del-penedes","status":"publish","type":"post","link":"https:\/\/bisbalpenedes.com\/web\/2019\/08\/26\/aquest-dimarts-a-les-1830h-hi-haura-contacontes-a-la-biblioteca-publica-de-la-bisbal-del-penedes\/","title":{"rendered":"Aquest dimarts a les 18:30h hi haur\u00e0 contacontes a la Biblioteca p\u00fablica de la Bisbal del Pened\u00e8s"},"content":{"rendered":"<p><span style=\"color: #000000;\">Aquest dimarts, a les 18:30h, hi haur\u00e0 contacontes a la Biblioteca p\u00fablica de la Bisbal del Pened\u00e8s amb l&#8217;Ana Merino, bibliotec\u00e0ria de la Biblioteca Mestra Maria Ant\u00f2nia de Torredembarra.<\/span><\/p>\n<hr \/>\n<p><span style=\"color: #000000;\"><strong>CASTELLANO |<\/strong> Este martes, a las 18:30h, habr\u00e1 cuentacuentos en la Biblioteca p\u00fablica de la Bisbal del Pened\u00e8s con Ana Merino, bibliotecaria de la Biblioteca Mestra Maria Ant\u00f2nia.<\/span><\/p>\n<p><a href=\"http:\/\/bisbalpenedes.com\/web\/wp-content\/uploads\/2019\/08\/contes-dimarts-27-biblioteca.jpg\"><img loading=\"lazy\" class=\"aligncenter size-full wp-image-10479\" src=\"http:\/\/bisbalpenedes.com\/web\/wp-content\/uploads\/2019\/08\/contes-dimarts-27-biblioteca.jpg\" alt=\"contes dimarts 27 biblioteca\" width=\"637\" height=\"900\" srcset=\"https:\/\/bisbalpenedes.com\/web\/wp-content\/uploads\/2019\/08\/contes-dimarts-27-biblioteca.jpg 637w, https:\/\/bisbalpenedes.com\/web\/wp-content\/uploads\/2019\/08\/contes-dimarts-27-biblioteca-600x848.jpg 600w, https:\/\/bisbalpenedes.com\/web\/wp-content\/uploads\/2019\/08\/contes-dimarts-27-biblioteca-212x300.jpg 212w\" sizes=\"(max-width: 637px) 100vw, 637px\" \/><\/a><\/p>\n<p>&nbsp;<\/p>\n","protected":false},"excerpt":{"rendered":"<p>Aquest dimarts, a les 18:30h, hi haur\u00e0 contacontes a la Biblioteca p\u00fablica de la Bisbal del Pened\u00e8s amb l&#8217;Ana Merino, bibliotec\u00e0ria de la Biblioteca Mestra Maria Ant\u00f2nia de Torredembarra. CASTELLANO &hellip; <a href=\"https:\/\/bisbalpenedes.com\/web\/2019\/08\/26\/aquest-dimarts-a-les-1830h-hi-haura-contacontes-a-la-biblioteca-publica-de-la-bisbal-del-penedes\/\" class=\"more-link\">Read More<\/a><\/p>\n","protected":false},"author":4,"featured_media":10479,"comment_status":"closed","ping_status":"closed","sticky":false,"template":"","format":"standard","meta":[],"categories":[13],"tags":[3198,3201,180,421],"_links":{"self":[{"href":"https:\/\/bisbalpenedes.com\/web\/wp-json\/wp\/v2\/posts\/10478"}],"collection":[{"href":"https:\/\/bisbalpenedes.com\/web\/wp-json\/wp\/v2\/posts"}],"about":[{"href":"https:\/\/bisbalpenedes.com\/web\/wp-json\/wp\/v2\/types\/post"}],"author":[{"embeddable":true,"href":"https:\/\/bisbalpenedes.com\/web\/wp-json\/wp\/v2\/users\/4"}],"replies":[{"embeddable":true,"href":"https:\/\/bisbalpenedes.com\/web\/wp-json\/wp\/v2\/comments?post=10478"}],"version-history":[{"count":1,"href":"https:\/\/bisbalpenedes.com\/web\/wp-json\/wp\/v2\/posts\/10478\/revisions"}],"predecessor-version":[{"id":10480,"href":"https:\/\/bisbalpenedes.com\/web\/wp-json\/wp\/v2\/posts\/10478\/revisions\/10480"}],"wp:featuredmedia":[{"embeddable":true,"href":"https:\/\/bisbalpenedes.com\/web\/wp-json\/wp\/v2\/media\/10479"}],"wp:attachment":[{"href":"https:\/\/bisbalpenedes.com\/web\/wp-json\/wp\/v2\/media?parent=10478"}],"wp:term":[{"taxonomy":"category","embeddable":true,"href":"https:\/\/bisbalpenedes.com\/web\/wp-json\/wp\/v2\/categories?post=10478"},{"taxonomy":"post_tag","embeddable":true,"href":"https:\/\/bisbalpenedes.com\/web\/wp-json\/wp\/v2\/tags?post=10478"}],"curies":[{"name":"wp","href":"https:\/\/api.w.org\/{rel}","templated":true}]}}