{"id":10475,"date":"2019-08-26T09:46:19","date_gmt":"2019-08-26T08:46:19","guid":{"rendered":"http:\/\/bisbalpenedes.com\/web\/?p=10475"},"modified":"2019-08-28T15:54:03","modified_gmt":"2019-08-28T14:54:03","slug":"el-diumenge-8-de-setembre-celebrarem-la-diada-de-catalunya-amb-una-cercavila-i-una-diada-castellera","status":"publish","type":"post","link":"https:\/\/bisbalpenedes.com\/web\/2019\/08\/26\/el-diumenge-8-de-setembre-celebrarem-la-diada-de-catalunya-amb-una-cercavila-i-una-diada-castellera\/","title":{"rendered":"El diumenge 8 de setembre celebrarem la Diada de Catalunya amb una cercavila i una diada castellera"},"content":{"rendered":"<p><span style=\"color: #000000;\">El diumenge 8 de setembre, a les 11:30h, tindr\u00e0 lloc una cercavila pels carrers del municipi amb els geganters i grallers de la Societat el Ball de Diables i diablons i el Ball de Gitanes de la Bisbal. A les 12h, es donar\u00e0 inici a una diada castellera amb els Nens del Vendrell, la Colla Jove dels Castellers de Sitges i la Colla Castellera la Bisbal del Pened\u00e8s &#8211; Bous.<\/span><\/p>\n<hr \/>\n<p><span style=\"color: #000000;\">El domingo 8 de septiembre, a las 11:30h, tendr\u00e1 lugar un pasacalles por el municipio con los geganters i grallers de la Societat, el Ball de Diables i Diablons y el Ball de Gitanes de la Bisbal. A las 12h, empezar\u00e1 una diada castellera que contar\u00e1 con los Nens del Vendrell, la Colla Jove dels Castellers de Sitges y la Colla Castellera la Bisbal del Pened\u00e8s &#8211; Bous.<\/span><\/p>\n<p><a href=\"http:\/\/bisbalpenedes.com\/web\/wp-content\/uploads\/2019\/08\/Cartell-Diada-V3.jpg\"><img loading=\"lazy\" class=\"aligncenter wp-image-10484 size-large\" src=\"http:\/\/bisbalpenedes.com\/web\/wp-content\/uploads\/2019\/08\/Cartell-Diada-V3-e1567004019268-710x1024.jpg\" alt=\"Cartell Diada V3\" width=\"630\" height=\"909\" srcset=\"https:\/\/bisbalpenedes.com\/web\/wp-content\/uploads\/2019\/08\/Cartell-Diada-V3-e1567004019268-710x1024.jpg 710w, https:\/\/bisbalpenedes.com\/web\/wp-content\/uploads\/2019\/08\/Cartell-Diada-V3-e1567004019268-600x866.jpg 600w, https:\/\/bisbalpenedes.com\/web\/wp-content\/uploads\/2019\/08\/Cartell-Diada-V3-e1567004019268-208x300.jpg 208w, https:\/\/bisbalpenedes.com\/web\/wp-content\/uploads\/2019\/08\/Cartell-Diada-V3-e1567004019268-768x1108.jpg 768w, https:\/\/bisbalpenedes.com\/web\/wp-content\/uploads\/2019\/08\/Cartell-Diada-V3-e1567004019268-scaled.jpg 1774w\" sizes=\"(max-width: 630px) 100vw, 630px\" \/><\/a><\/p>\n","protected":false},"excerpt":{"rendered":"<p>El diumenge 8 de setembre, a les 11:30h, tindr\u00e0 lloc una cercavila pels carrers del municipi amb els geganters i grallers de la Societat el Ball de Diables i diablons &hellip; <a href=\"https:\/\/bisbalpenedes.com\/web\/2019\/08\/26\/el-diumenge-8-de-setembre-celebrarem-la-diada-de-catalunya-amb-una-cercavila-i-una-diada-castellera\/\" class=\"more-link\">Read More<\/a><\/p>\n","protected":false},"author":4,"featured_media":10484,"comment_status":"closed","ping_status":"closed","sticky":false,"template":"","format":"standard","meta":[],"categories":[13],"tags":[1207,691,769,3202],"_links":{"self":[{"href":"https:\/\/bisbalpenedes.com\/web\/wp-json\/wp\/v2\/posts\/10475"}],"collection":[{"href":"https:\/\/bisbalpenedes.com\/web\/wp-json\/wp\/v2\/posts"}],"about":[{"href":"https:\/\/bisbalpenedes.com\/web\/wp-json\/wp\/v2\/types\/post"}],"author":[{"embeddable":true,"href":"https:\/\/bisbalpenedes.com\/web\/wp-json\/wp\/v2\/users\/4"}],"replies":[{"embeddable":true,"href":"https:\/\/bisbalpenedes.com\/web\/wp-json\/wp\/v2\/comments?post=10475"}],"version-history":[{"count":3,"href":"https:\/\/bisbalpenedes.com\/web\/wp-json\/wp\/v2\/posts\/10475\/revisions"}],"predecessor-version":[{"id":10485,"href":"https:\/\/bisbalpenedes.com\/web\/wp-json\/wp\/v2\/posts\/10475\/revisions\/10485"}],"wp:featuredmedia":[{"embeddable":true,"href":"https:\/\/bisbalpenedes.com\/web\/wp-json\/wp\/v2\/media\/10484"}],"wp:attachment":[{"href":"https:\/\/bisbalpenedes.com\/web\/wp-json\/wp\/v2\/media?parent=10475"}],"wp:term":[{"taxonomy":"category","embeddable":true,"href":"https:\/\/bisbalpenedes.com\/web\/wp-json\/wp\/v2\/categories?post=10475"},{"taxonomy":"post_tag","embeddable":true,"href":"https:\/\/bisbalpenedes.com\/web\/wp-json\/wp\/v2\/tags?post=10475"}],"curies":[{"name":"wp","href":"https:\/\/api.w.org\/{rel}","templated":true}]}}