{"id":10471,"date":"2019-08-21T09:51:50","date_gmt":"2019-08-21T08:51:50","guid":{"rendered":"http:\/\/bisbalpenedes.com\/web\/?p=10471"},"modified":"2019-08-21T09:51:50","modified_gmt":"2019-08-21T08:51:50","slug":"programa-dactivitats-en-el-marc-del-cicle-dart-i-artistes-del-territori-a-la-biblioteca","status":"publish","type":"post","link":"https:\/\/bisbalpenedes.com\/web\/2019\/08\/21\/programa-dactivitats-en-el-marc-del-cicle-dart-i-artistes-del-territori-a-la-biblioteca\/","title":{"rendered":"Programa d&#8217;activitats en el marc del cicle d&#8217;Art i artistes del Territori a la Biblioteca"},"content":{"rendered":"<p><a href=\"http:\/\/bisbalpenedes.com\/web\/wp-content\/uploads\/2019\/08\/cartell-activitats_page-0001.jpg\"><img loading=\"lazy\" class=\"aligncenter size-large wp-image-10472\" src=\"http:\/\/bisbalpenedes.com\/web\/wp-content\/uploads\/2019\/08\/cartell-activitats_page-0001-725x1024.jpg\" alt=\"cartell activitats_page-0001\" width=\"630\" height=\"890\" srcset=\"https:\/\/bisbalpenedes.com\/web\/wp-content\/uploads\/2019\/08\/cartell-activitats_page-0001-725x1024.jpg 725w, https:\/\/bisbalpenedes.com\/web\/wp-content\/uploads\/2019\/08\/cartell-activitats_page-0001-600x848.jpg 600w, https:\/\/bisbalpenedes.com\/web\/wp-content\/uploads\/2019\/08\/cartell-activitats_page-0001-212x300.jpg 212w, https:\/\/bisbalpenedes.com\/web\/wp-content\/uploads\/2019\/08\/cartell-activitats_page-0001-768x1085.jpg 768w, https:\/\/bisbalpenedes.com\/web\/wp-content\/uploads\/2019\/08\/cartell-activitats_page-0001.jpg 1241w\" sizes=\"(max-width: 630px) 100vw, 630px\" \/><\/a><\/p>\n<p>La Biblioteca p\u00fablica de la Bisbal del Pened\u00e8s acull les activitats del Cicle ArTer.<\/p>\n<p>Fins al 30 d&#8217;agost trobareu un expositor de llibres tem\u00e0tic a la Biblioteca.<\/p>\n<p>El dimarts 27 d&#8217;agost, a les 18:30h, tindr\u00e0 lloc el contacontes &#8220;Contes per amor a l&#8217;art&#8221; a c\u00e0rrec de la directora de la Biblioteca Mestra Maria Ant\u00f2nia de Torredembarra, Ana Merino.<\/p>\n<p>El divendres 13 de setembre a les 19:30h es presentar\u00e0 el llibre &#8220;El Gaud\u00ed que no ens han explicat&#8221;, de Joan Torres i Dom\u00e8nech.<\/p>\n<hr \/>\n<p>La Biblioteca p\u00fablica de la Bisbal del Pened\u00e8s acoge las actividades del Ciclo ArTer.<\/p>\n<p>Hasta el 30 de agosto encontrar\u00e9is un expositor de libros tem\u00e1tico en la Biblioteca.<\/p>\n<p>El martes 27 de agosto, a las 18:30h, tendr\u00e1 lugar el cuentacuentos &#8220;contes per amor a l&#8217;art&#8221; a cargo de la directora de la Biblioteca Mestra Maria Ant\u00f2nia de Torredembarra, Ana Merino.<\/p>\n<p>El viernes 13 de septiembre a las 19:30h se presentar\u00e1 el libro &#8220;El Gaud\u00ed que no ens han explicat&#8221;, de Joan Torres i Dom\u00e8nech.<\/p>\n","protected":false},"excerpt":{"rendered":"<p>La Biblioteca p\u00fablica de la Bisbal del Pened\u00e8s acull les activitats del Cicle ArTer. Fins al 30 d&#8217;agost trobareu un expositor de llibres tem\u00e0tic a la Biblioteca. El dimarts 27 &hellip; <a href=\"https:\/\/bisbalpenedes.com\/web\/2019\/08\/21\/programa-dactivitats-en-el-marc-del-cicle-dart-i-artistes-del-territori-a-la-biblioteca\/\" class=\"more-link\">Read More<\/a><\/p>\n","protected":false},"author":4,"featured_media":10472,"comment_status":"closed","ping_status":"closed","sticky":false,"template":"","format":"standard","meta":[],"categories":[13],"tags":[3198,3201,421,3200,3199,47],"_links":{"self":[{"href":"https:\/\/bisbalpenedes.com\/web\/wp-json\/wp\/v2\/posts\/10471"}],"collection":[{"href":"https:\/\/bisbalpenedes.com\/web\/wp-json\/wp\/v2\/posts"}],"about":[{"href":"https:\/\/bisbalpenedes.com\/web\/wp-json\/wp\/v2\/types\/post"}],"author":[{"embeddable":true,"href":"https:\/\/bisbalpenedes.com\/web\/wp-json\/wp\/v2\/users\/4"}],"replies":[{"embeddable":true,"href":"https:\/\/bisbalpenedes.com\/web\/wp-json\/wp\/v2\/comments?post=10471"}],"version-history":[{"count":1,"href":"https:\/\/bisbalpenedes.com\/web\/wp-json\/wp\/v2\/posts\/10471\/revisions"}],"predecessor-version":[{"id":10473,"href":"https:\/\/bisbalpenedes.com\/web\/wp-json\/wp\/v2\/posts\/10471\/revisions\/10473"}],"wp:featuredmedia":[{"embeddable":true,"href":"https:\/\/bisbalpenedes.com\/web\/wp-json\/wp\/v2\/media\/10472"}],"wp:attachment":[{"href":"https:\/\/bisbalpenedes.com\/web\/wp-json\/wp\/v2\/media?parent=10471"}],"wp:term":[{"taxonomy":"category","embeddable":true,"href":"https:\/\/bisbalpenedes.com\/web\/wp-json\/wp\/v2\/categories?post=10471"},{"taxonomy":"post_tag","embeddable":true,"href":"https:\/\/bisbalpenedes.com\/web\/wp-json\/wp\/v2\/tags?post=10471"}],"curies":[{"name":"wp","href":"https:\/\/api.w.org\/{rel}","templated":true}]}}