{"id":10463,"date":"2019-08-19T13:51:33","date_gmt":"2019-08-19T12:51:33","guid":{"rendered":"http:\/\/bisbalpenedes.com\/web\/?p=10463"},"modified":"2019-08-19T13:51:33","modified_gmt":"2019-08-19T12:51:33","slug":"lassociacio-de-jubilats-de-la-bisbal-celebrara-la-seva-festa-el-dia-15-de-setembre","status":"publish","type":"post","link":"https:\/\/bisbalpenedes.com\/web\/2019\/08\/19\/lassociacio-de-jubilats-de-la-bisbal-celebrara-la-seva-festa-el-dia-15-de-setembre\/","title":{"rendered":"L&#8217;Associaci\u00f3 de Jubilats de la Bisbal celebrar\u00e0 la seva festa el dia 15 de setembre"},"content":{"rendered":"<p style=\"text-align: justify;\"><span style=\"color: #000000;\"><a style=\"color: #000000;\" href=\"http:\/\/bisbalpenedes.com\/web\/wp-content\/uploads\/2019\/08\/festa-llar-gent-gran-2019.jpg\"><img loading=\"lazy\" class=\"size-large wp-image-10464\" src=\"http:\/\/bisbalpenedes.com\/web\/wp-content\/uploads\/2019\/08\/festa-llar-gent-gran-2019-696x1024.jpg\" alt=\"festa-llar-gent-gran-2019\" width=\"630\" height=\"927\" srcset=\"https:\/\/bisbalpenedes.com\/web\/wp-content\/uploads\/2019\/08\/festa-llar-gent-gran-2019-696x1024.jpg 696w, https:\/\/bisbalpenedes.com\/web\/wp-content\/uploads\/2019\/08\/festa-llar-gent-gran-2019-600x882.jpg 600w, https:\/\/bisbalpenedes.com\/web\/wp-content\/uploads\/2019\/08\/festa-llar-gent-gran-2019-204x300.jpg 204w, https:\/\/bisbalpenedes.com\/web\/wp-content\/uploads\/2019\/08\/festa-llar-gent-gran-2019-768x1129.jpg 768w, https:\/\/bisbalpenedes.com\/web\/wp-content\/uploads\/2019\/08\/festa-llar-gent-gran-2019.jpg 1275w\" sizes=\"(max-width: 630px) 100vw, 630px\" \/><\/a><\/span><\/p>\n<p style=\"text-align: justify;\"><span style=\"color: #000000;\">Al mat\u00ed hi haur\u00e0 missa per als socis difunts.<\/span><\/p>\n<p style=\"text-align: justify;\"><span style=\"color: #000000;\">A les 19:30h, al davant del local social (a l&#8217;Era de Batre), berenar de germanor i lliurament de plaques als socis d&#8217;Honor.<\/span><\/p>\n<p style=\"text-align: justify;\"><span style=\"color: #000000;\">A continuaci\u00f3, fi de festa musical.<\/span><\/p>\n<p style=\"text-align: justify;\"><span style=\"color: #000000;\">Preu per a socis: 5\u20ac. Preu per a no socis: 8\u20ac.<\/span><\/p>\n<p style=\"text-align: justify;\"><span style=\"color: #000000;\">M\u00e9s informaci\u00f3 al Rac\u00f3 de la Gent Gran. Data l\u00edmit d&#8217;inscripcions: dijous 12 de setembre de 2019.<\/span><\/p>\n<hr \/>\n<p style=\"text-align: justify;\"><span style=\"color: #000000;\"><strong>CASTELLANO | <\/strong><\/span><\/p>\n<p style=\"text-align: justify;\"><span style=\"color: #000000;\">Por la ma\u00f1ana habr\u00e1 misa para los socios difuntos.<\/span><\/p>\n<p style=\"text-align: justify;\"><span style=\"color: #000000;\">A las 19:30h, delante del local social (en la Era de Batre), merienda de &#8216;germanor&#8217; y entrega de placas a los socios de Honor.<\/span><\/p>\n<p style=\"text-align: justify;\"><span style=\"color: #000000;\">A continuaci\u00f3n, fin de fiesta musical.<\/span><\/p>\n<p style=\"text-align: justify;\"><span style=\"color: #000000;\">Precio para socios: 5\u20ac. Precio para no socios: 8\u20ac.<\/span><\/p>\n<p style=\"text-align: justify;\"><span style=\"color: #000000;\">M\u00e1s informaci\u00f3n en el Rac\u00f3 de la Gent Gran. Fecha l\u00edmite de inscripciones: jueves 12 de septiembre del 2019.<\/span><\/p>\n","protected":false},"excerpt":{"rendered":"<p>Al mat\u00ed hi haur\u00e0 missa per als socis difunts. A les 19:30h, al davant del local social (a l&#8217;Era de Batre), berenar de germanor i lliurament de plaques als socis &hellip; <a href=\"https:\/\/bisbalpenedes.com\/web\/2019\/08\/19\/lassociacio-de-jubilats-de-la-bisbal-celebrara-la-seva-festa-el-dia-15-de-setembre\/\" class=\"more-link\">Read More<\/a><\/p>\n","protected":false},"author":4,"featured_media":10464,"comment_status":"closed","ping_status":"closed","sticky":false,"template":"","format":"standard","meta":[],"categories":[20,3088,8],"tags":[876,3197,78,305],"_links":{"self":[{"href":"https:\/\/bisbalpenedes.com\/web\/wp-json\/wp\/v2\/posts\/10463"}],"collection":[{"href":"https:\/\/bisbalpenedes.com\/web\/wp-json\/wp\/v2\/posts"}],"about":[{"href":"https:\/\/bisbalpenedes.com\/web\/wp-json\/wp\/v2\/types\/post"}],"author":[{"embeddable":true,"href":"https:\/\/bisbalpenedes.com\/web\/wp-json\/wp\/v2\/users\/4"}],"replies":[{"embeddable":true,"href":"https:\/\/bisbalpenedes.com\/web\/wp-json\/wp\/v2\/comments?post=10463"}],"version-history":[{"count":2,"href":"https:\/\/bisbalpenedes.com\/web\/wp-json\/wp\/v2\/posts\/10463\/revisions"}],"predecessor-version":[{"id":10466,"href":"https:\/\/bisbalpenedes.com\/web\/wp-json\/wp\/v2\/posts\/10463\/revisions\/10466"}],"wp:featuredmedia":[{"embeddable":true,"href":"https:\/\/bisbalpenedes.com\/web\/wp-json\/wp\/v2\/media\/10464"}],"wp:attachment":[{"href":"https:\/\/bisbalpenedes.com\/web\/wp-json\/wp\/v2\/media?parent=10463"}],"wp:term":[{"taxonomy":"category","embeddable":true,"href":"https:\/\/bisbalpenedes.com\/web\/wp-json\/wp\/v2\/categories?post=10463"},{"taxonomy":"post_tag","embeddable":true,"href":"https:\/\/bisbalpenedes.com\/web\/wp-json\/wp\/v2\/tags?post=10463"}],"curies":[{"name":"wp","href":"https:\/\/api.w.org\/{rel}","templated":true}]}}