{"id":10459,"date":"2019-08-14T12:56:29","date_gmt":"2019-08-14T11:56:29","guid":{"rendered":"http:\/\/bisbalpenedes.com\/web\/?p=10459"},"modified":"2019-08-14T12:56:29","modified_gmt":"2019-08-14T11:56:29","slug":"zones-daparcament-habilitades-durant-la-festa-major","status":"publish","type":"post","link":"https:\/\/bisbalpenedes.com\/web\/2019\/08\/14\/zones-daparcament-habilitades-durant-la-festa-major\/","title":{"rendered":"Zones d&#8217;aparcament habilitades durant la Festa Major"},"content":{"rendered":"<div class=\"\" data-block=\"true\" data-editor=\"88tsi\" data-offset-key=\"euo2l-0-0\">\n<div class=\"_1mf _1mj\" style=\"text-align: justify;\" data-offset-key=\"euo2l-0-0\"><span style=\"color: #000000;\">Aquestes s\u00f3n les zones que l&#8217;Ajuntament ha habilitat per aparcar durant la Festa Major. Us recomanem que aparqueu en els llocs indicats, ja que hi ha carrers als que no podreu accedir durant la celebraci\u00f3 de determinats actes.<\/span><\/div>\n<\/div>\n<div class=\"\" style=\"text-align: justify;\" data-block=\"true\" data-editor=\"88tsi\" data-offset-key=\"eeiuj-0-0\"><\/div>\n<div class=\"\" style=\"text-align: justify;\" data-block=\"true\" data-editor=\"88tsi\" data-offset-key=\"3p7di-0-0\">\n<div class=\"_1mf _1mj\" data-offset-key=\"3p7di-0-0\">\n<hr \/>\n<\/div>\n<\/div>\n<div class=\"\" data-block=\"true\" data-editor=\"88tsi\" data-offset-key=\"dd9pi-0-0\">\n<div class=\"_1mf _1mj\" style=\"text-align: justify;\" data-offset-key=\"dd9pi-0-0\"><span style=\"color: #000000;\">CASTELLANO | Estas son las zonas que el Ayuntamiento ha habilitado para aparcar durante la Fiesta Mayor. Os recomendamos que aparqu\u00e9is en los lugares indicados, ya que hay calles a las que no podr\u00e9is acceder durante la celebraci\u00f3n de determinados actos.<\/span><\/div>\n<div class=\"_1mf _1mj\" style=\"text-align: justify;\" data-offset-key=\"dd9pi-0-0\"><a href=\"http:\/\/bisbalpenedes.com\/web\/wp-content\/uploads\/2019\/08\/ZONES-APARCAMENT-FM-2019.jpg\"><img loading=\"lazy\" class=\"aligncenter size-large wp-image-10460\" src=\"http:\/\/bisbalpenedes.com\/web\/wp-content\/uploads\/2019\/08\/ZONES-APARCAMENT-FM-2019-1024x779.jpg\" alt=\"ZONES-APARCAMENT-FM-2019\" width=\"630\" height=\"479\" srcset=\"https:\/\/bisbalpenedes.com\/web\/wp-content\/uploads\/2019\/08\/ZONES-APARCAMENT-FM-2019-1024x779.jpg 1024w, https:\/\/bisbalpenedes.com\/web\/wp-content\/uploads\/2019\/08\/ZONES-APARCAMENT-FM-2019-600x457.jpg 600w, https:\/\/bisbalpenedes.com\/web\/wp-content\/uploads\/2019\/08\/ZONES-APARCAMENT-FM-2019-300x228.jpg 300w, https:\/\/bisbalpenedes.com\/web\/wp-content\/uploads\/2019\/08\/ZONES-APARCAMENT-FM-2019-768x585.jpg 768w, https:\/\/bisbalpenedes.com\/web\/wp-content\/uploads\/2019\/08\/ZONES-APARCAMENT-FM-2019.jpg 1189w\" sizes=\"(max-width: 630px) 100vw, 630px\" \/><\/a><\/div>\n<\/div>\n","protected":false},"excerpt":{"rendered":"<p>Aquestes s\u00f3n les zones que l&#8217;Ajuntament ha habilitat per aparcar durant la Festa Major. Us recomanem que aparqueu en els llocs indicats, ja que hi ha carrers als que no &hellip; <a href=\"https:\/\/bisbalpenedes.com\/web\/2019\/08\/14\/zones-daparcament-habilitades-durant-la-festa-major\/\" class=\"more-link\">Read More<\/a><\/p>\n","protected":false},"author":4,"featured_media":10460,"comment_status":"closed","ping_status":"closed","sticky":false,"template":"","format":"standard","meta":[],"categories":[2161],"tags":[330,688,1269,723,3196],"_links":{"self":[{"href":"https:\/\/bisbalpenedes.com\/web\/wp-json\/wp\/v2\/posts\/10459"}],"collection":[{"href":"https:\/\/bisbalpenedes.com\/web\/wp-json\/wp\/v2\/posts"}],"about":[{"href":"https:\/\/bisbalpenedes.com\/web\/wp-json\/wp\/v2\/types\/post"}],"author":[{"embeddable":true,"href":"https:\/\/bisbalpenedes.com\/web\/wp-json\/wp\/v2\/users\/4"}],"replies":[{"embeddable":true,"href":"https:\/\/bisbalpenedes.com\/web\/wp-json\/wp\/v2\/comments?post=10459"}],"version-history":[{"count":1,"href":"https:\/\/bisbalpenedes.com\/web\/wp-json\/wp\/v2\/posts\/10459\/revisions"}],"predecessor-version":[{"id":10461,"href":"https:\/\/bisbalpenedes.com\/web\/wp-json\/wp\/v2\/posts\/10459\/revisions\/10461"}],"wp:featuredmedia":[{"embeddable":true,"href":"https:\/\/bisbalpenedes.com\/web\/wp-json\/wp\/v2\/media\/10460"}],"wp:attachment":[{"href":"https:\/\/bisbalpenedes.com\/web\/wp-json\/wp\/v2\/media?parent=10459"}],"wp:term":[{"taxonomy":"category","embeddable":true,"href":"https:\/\/bisbalpenedes.com\/web\/wp-json\/wp\/v2\/categories?post=10459"},{"taxonomy":"post_tag","embeddable":true,"href":"https:\/\/bisbalpenedes.com\/web\/wp-json\/wp\/v2\/tags?post=10459"}],"curies":[{"name":"wp","href":"https:\/\/api.w.org\/{rel}","templated":true}]}}