{"id":10452,"date":"2019-08-14T11:24:40","date_gmt":"2019-08-14T10:24:40","guid":{"rendered":"http:\/\/bisbalpenedes.com\/web\/?p=10452"},"modified":"2019-08-14T11:24:55","modified_gmt":"2019-08-14T10:24:55","slug":"recorregut-dels-correfocs-de-la-festa-major-de-la-bisbal-del-penedes","status":"publish","type":"post","link":"https:\/\/bisbalpenedes.com\/web\/2019\/08\/14\/recorregut-dels-correfocs-de-la-festa-major-de-la-bisbal-del-penedes\/","title":{"rendered":"Recorregut dels correfocs de la Festa Major de la Bisbal del Pened\u00e8s"},"content":{"rendered":"<p><span style=\"color: #000000;\">Avui dimecres 14 d&#8217;agost, a les 22h, tindr\u00e0 lloc el correfoc amb el\u00a0<a class=\"profileLink\" style=\"color: #000000;\" href=\"https:\/\/www.facebook.com\/balldiables.bisbalpenedes\/?__tn__=K-R&amp;eid=ARAfU50Bg9tM35n1X61rcDHnMqQgEtho6Pb3Gm6j0AjIQREwsDXIxVgTrEnQ9iHWCklJGLfFcNjD-Q6W&amp;fref=mentions&amp;__xts__%5B0%5D=68.ARBco32PYWjUxqhTlN1CAqPLJagQR0EBaPraKRgLNyWwKn96BOkB7f6qlhtMi-fnMgb5NUqOa_yN7b9yRweUQc2mCIZk3H3ssR4NhJ-MFXINTmPvLHHllG4crQPmBBwUV3XIGUcK8mCJbBJ_9phWmgfsyem3H0JxfPRHvcu5uXK17Q2R1c-gN1ZJbsnFsTYT82p0DbTXngxGk1u4P9CIMKJ1hyAahkcuZrsjlcH85uVuCcfohh6y5BLb7iDNgoc8UgJ9fpKUuKxLVckjGJckk-tFqdNBTGMeP_zpFfty8ecF8hM8cfx5hJFAmlBASulJHv6y2Pd26qfnBzRsUaPHONU1sPux\" data-hovercard=\"\/ajax\/hovercard\/page.php?id=124585471012022&amp;extragetparams=%7B%22__tn__%22%3A%22%2CdK-R-R%22%2C%22eid%22%3A%22ARAfU50Bg9tM35n1X61rcDHnMqQgEtho6Pb3Gm6j0AjIQREwsDXIxVgTrEnQ9iHWCklJGLfFcNjD-Q6W%22%2C%22fref%22%3A%22mentions%22%7D\" data-hovercard-prefer-more-content-show=\"1\">Ball de Diables de la Bisbal del Pened\u00e8s<\/a>, la\u00a0<a class=\"profileLink\" style=\"color: #000000;\" href=\"https:\/\/www.facebook.com\/diablessitges\/?__tn__=K-R&amp;eid=ARAtWz0RfuB5w7xbHXqpV5NPnHsdv-wzX-auvsBCKfT7vsXu5y3BTE-BLXeLetS5S1qyFBTirpEYmBoL&amp;fref=mentions&amp;__xts__%5B0%5D=68.ARBco32PYWjUxqhTlN1CAqPLJagQR0EBaPraKRgLNyWwKn96BOkB7f6qlhtMi-fnMgb5NUqOa_yN7b9yRweUQc2mCIZk3H3ssR4NhJ-MFXINTmPvLHHllG4crQPmBBwUV3XIGUcK8mCJbBJ_9phWmgfsyem3H0JxfPRHvcu5uXK17Q2R1c-gN1ZJbsnFsTYT82p0DbTXngxGk1u4P9CIMKJ1hyAahkcuZrsjlcH85uVuCcfohh6y5BLb7iDNgoc8UgJ9fpKUuKxLVckjGJckk-tFqdNBTGMeP_zpFfty8ecF8hM8cfx5hJFAmlBASulJHv6y2Pd26qfnBzRsUaPHONU1sPux\" data-hovercard=\"\/ajax\/hovercard\/page.php?id=457721137722212&amp;extragetparams=%7B%22__tn__%22%3A%22%2CdK-R-R%22%2C%22eid%22%3A%22ARAtWz0RfuB5w7xbHXqpV5NPnHsdv-wzX-auvsBCKfT7vsXu5y3BTE-BLXeLetS5S1qyFBTirpEYmBoL%22%2C%22fref%22%3A%22mentions%22%7D\" data-hovercard-prefer-more-content-show=\"1\">Colla Vella Diables Sitges<\/a>, el\u00a0<a class=\"profileLink\" style=\"color: #000000;\" title=\"Ball Diables de Torredembarra\" href=\"https:\/\/www.facebook.com\/profile.php?id=100000274902952&amp;__tn__=K-R&amp;eid=ARAt9UKb2Rok-Pg2GY5AbC-mkjDALC6-f_IBfcKdqETHVs7Ss5_-N7Y4S4QzZATHsWn5n7NEi3S_zvSo&amp;fref=mentions&amp;__xts__%5B0%5D=68.ARBco32PYWjUxqhTlN1CAqPLJagQR0EBaPraKRgLNyWwKn96BOkB7f6qlhtMi-fnMgb5NUqOa_yN7b9yRweUQc2mCIZk3H3ssR4NhJ-MFXINTmPvLHHllG4crQPmBBwUV3XIGUcK8mCJbBJ_9phWmgfsyem3H0JxfPRHvcu5uXK17Q2R1c-gN1ZJbsnFsTYT82p0DbTXngxGk1u4P9CIMKJ1hyAahkcuZrsjlcH85uVuCcfohh6y5BLb7iDNgoc8UgJ9fpKUuKxLVckjGJckk-tFqdNBTGMeP_zpFfty8ecF8hM8cfx5hJFAmlBASulJHv6y2Pd26qfnBzRsUaPHONU1sPux\" data-hovercard=\"\/ajax\/hovercard\/user.php?id=100000274902952&amp;extragetparams=%7B%22__tn__%22%3A%22%2CdK-R-R%22%2C%22eid%22%3A%22ARAt9UKb2Rok-Pg2GY5AbC-mkjDALC6-f_IBfcKdqETHVs7Ss5_-N7Y4S4QzZATHsWn5n7NEi3S_zvSo%22%2C%22fref%22%3A%22mentions%22%7D\" data-hovercard-prefer-more-content-show=\"1\">Ball Diables de Torredembarra<\/a>\u00a0i el\u00a0<a class=\"profileLink\" style=\"color: #000000;\" href=\"https:\/\/www.facebook.com\/Ball-De-Diables-De-Sant-Jaume-Dels-Domenys-169909890028050\/?__tn__=K-R&amp;eid=ARAkCVoSz83hbiIYIel2FLQl23QMu7v7n1XoAQs3SECwEiz0RXY43kyM5tsM-tclsPgpUZIeX8PR5F4D&amp;fref=mentions&amp;__xts__%5B0%5D=68.ARBco32PYWjUxqhTlN1CAqPLJagQR0EBaPraKRgLNyWwKn96BOkB7f6qlhtMi-fnMgb5NUqOa_yN7b9yRweUQc2mCIZk3H3ssR4NhJ-MFXINTmPvLHHllG4crQPmBBwUV3XIGUcK8mCJbBJ_9phWmgfsyem3H0JxfPRHvcu5uXK17Q2R1c-gN1ZJbsnFsTYT82p0DbTXngxGk1u4P9CIMKJ1hyAahkcuZrsjlcH85uVuCcfohh6y5BLb7iDNgoc8UgJ9fpKUuKxLVckjGJckk-tFqdNBTGMeP_zpFfty8ecF8hM8cfx5hJFAmlBASulJHv6y2Pd26qfnBzRsUaPHONU1sPux\" data-hovercard=\"\/ajax\/hovercard\/page.php?id=169909890028050&amp;extragetparams=%7B%22__tn__%22%3A%22%2CdK-R-R%22%2C%22eid%22%3A%22ARAkCVoSz83hbiIYIel2FLQl23QMu7v7n1XoAQs3SECwEiz0RXY43kyM5tsM-tclsPgpUZIeX8PR5F4D%22%2C%22fref%22%3A%22mentions%22%7D\" data-hovercard-prefer-more-content-show=\"1\">Ball De Diables De Sant Jaume Dels Domenys<\/a>.<\/span><\/p>\n<p><span style=\"color: #000000;\">El proper divendres 16 d&#8217;agost, a les 20:30h, podreu gaudir de la cercavila de foc infantil amb els Diablons del\u00a0<a class=\"profileLink\" style=\"color: #000000;\" href=\"https:\/\/www.facebook.com\/balldiables.bisbalpenedes\/?__tn__=K-R&amp;eid=ARBhiUDjBGtLJ8VNupKdiggroAc6-ZEYUuTO3BcFrkGmrCEGYAk2b00CbuPgCthofQEWl4IkE34fjQce&amp;fref=mentions&amp;__xts__%5B0%5D=68.ARBco32PYWjUxqhTlN1CAqPLJagQR0EBaPraKRgLNyWwKn96BOkB7f6qlhtMi-fnMgb5NUqOa_yN7b9yRweUQc2mCIZk3H3ssR4NhJ-MFXINTmPvLHHllG4crQPmBBwUV3XIGUcK8mCJbBJ_9phWmgfsyem3H0JxfPRHvcu5uXK17Q2R1c-gN1ZJbsnFsTYT82p0DbTXngxGk1u4P9CIMKJ1hyAahkcuZrsjlcH85uVuCcfohh6y5BLb7iDNgoc8UgJ9fpKUuKxLVckjGJckk-tFqdNBTGMeP_zpFfty8ecF8hM8cfx5hJFAmlBASulJHv6y2Pd26qfnBzRsUaPHONU1sPux\" data-hovercard=\"\/ajax\/hovercard\/page.php?id=124585471012022&amp;extragetparams=%7B%22__tn__%22%3A%22%2CdK-R-R%22%2C%22eid%22%3A%22ARBhiUDjBGtLJ8VNupKdiggroAc6-ZEYUuTO3BcFrkGmrCEGYAk2b00CbuPgCthofQEWl4IkE34fjQce%22%2C%22fref%22%3A%22mentions%22%7D\" data-hovercard-prefer-more-content-show=\"1\">Ball de Diables de la Bisbal del Pened\u00e8s<\/a>, els diables infantils del\u00a0<a class=\"profileLink\" style=\"color: #000000;\" href=\"https:\/\/www.facebook.com\/diablesspantus\/?__tn__=K-R&amp;eid=ARCNsLU1D7kTacwWganYHowvw33RHrqDw8SIoZVs75_QDL8wLTbfFfiTnqsDbRwpYRG6A4oIrGgupwxg&amp;fref=mentions&amp;__xts__%5B0%5D=68.ARBco32PYWjUxqhTlN1CAqPLJagQR0EBaPraKRgLNyWwKn96BOkB7f6qlhtMi-fnMgb5NUqOa_yN7b9yRweUQc2mCIZk3H3ssR4NhJ-MFXINTmPvLHHllG4crQPmBBwUV3XIGUcK8mCJbBJ_9phWmgfsyem3H0JxfPRHvcu5uXK17Q2R1c-gN1ZJbsnFsTYT82p0DbTXngxGk1u4P9CIMKJ1hyAahkcuZrsjlcH85uVuCcfohh6y5BLb7iDNgoc8UgJ9fpKUuKxLVckjGJckk-tFqdNBTGMeP_zpFfty8ecF8hM8cfx5hJFAmlBASulJHv6y2Pd26qfnBzRsUaPHONU1sPux\" data-hovercard=\"\/ajax\/hovercard\/page.php?id=554333524769052&amp;extragetparams=%7B%22__tn__%22%3A%22%2CdK-R-R%22%2C%22eid%22%3A%22ARCNsLU1D7kTacwWganYHowvw33RHrqDw8SIoZVs75_QDL8wLTbfFfiTnqsDbRwpYRG6A4oIrGgupwxg%22%2C%22fref%22%3A%22mentions%22%7D\" data-hovercard-prefer-more-content-show=\"1\">Ball de Diables dels Monjos Spantus<\/a>, els Banyetes del\u00a0<a class=\"profileLink\" style=\"color: #000000;\" href=\"https:\/\/www.facebook.com\/BallDeDiablesDeLlorencDelPenedes\/?__tn__=K-R&amp;eid=ARBWtCWdXgwJzpFuaPDbbZ_ieeNTX3jIfG58Awo7svTnf9C9i8sGLmXvODhTaFSRElYlC8haTJB_pDFz&amp;fref=mentions&amp;__xts__%5B0%5D=68.ARBco32PYWjUxqhTlN1CAqPLJagQR0EBaPraKRgLNyWwKn96BOkB7f6qlhtMi-fnMgb5NUqOa_yN7b9yRweUQc2mCIZk3H3ssR4NhJ-MFXINTmPvLHHllG4crQPmBBwUV3XIGUcK8mCJbBJ_9phWmgfsyem3H0JxfPRHvcu5uXK17Q2R1c-gN1ZJbsnFsTYT82p0DbTXngxGk1u4P9CIMKJ1hyAahkcuZrsjlcH85uVuCcfohh6y5BLb7iDNgoc8UgJ9fpKUuKxLVckjGJckk-tFqdNBTGMeP_zpFfty8ecF8hM8cfx5hJFAmlBASulJHv6y2Pd26qfnBzRsUaPHONU1sPux\" data-hovercard=\"\/ajax\/hovercard\/page.php?id=462269347147253&amp;extragetparams=%7B%22__tn__%22%3A%22%2CdK-R-R%22%2C%22eid%22%3A%22ARBWtCWdXgwJzpFuaPDbbZ_ieeNTX3jIfG58Awo7svTnf9C9i8sGLmXvODhTaFSRElYlC8haTJB_pDFz%22%2C%22fref%22%3A%22mentions%22%7D\" data-hovercard-prefer-more-content-show=\"1\">Ball de diables de Lloren\u00e7 del Pened\u00e8s<\/a>\u00a0i els diables infantils del Ball de Diables de Sant Jaume dels Domenys.<\/span><\/p>\n<div class=\"text_exposed_show\">\n<hr \/>\n<p><span style=\"color: #000000;\"><strong>CASTELLANO |<\/strong> Hoy mi\u00e9rcoles 14 de agosto, a las 22h, tendr\u00e1 lugar el correfoc con el Ball de Diables de la Bisbal del pened\u00e8s, la Colla Vella de Diables de Sitges, el Ball de Diables de Torredembarra y el Ball de Diables de Sant Jaume dels Domenys.<\/span><\/p>\n<p><span style=\"color: #000000;\">El pr\u00f3ximo viernes 16 de agosto, a las 20:30h, podr\u00e9is disfrutar el pasacalle de fuego infantil con los Diablons del Ball de Diables de la Bisbal del Pened\u00e8s, los diables infantils del Ball de Diables dels Monjos Spantus, los Banyetes de Lloren\u00e7 del Pened\u00e8s y los diables infantils del Ball de Diables de Sant Jaume dels Domenys.<\/span><\/p>\n<p><span style=\"color: #000000;\"><b>RECORREGUT\/RECORRIDO<\/b><\/span><\/p>\n<p><a href=\"http:\/\/bisbalpenedes.com\/web\/wp-content\/uploads\/2019\/08\/correfoc-2019-avis-planol.jpg\"><img loading=\"lazy\" class=\"aligncenter size-large wp-image-10453\" src=\"http:\/\/bisbalpenedes.com\/web\/wp-content\/uploads\/2019\/08\/correfoc-2019-avis-planol-1024x854.jpg\" alt=\"correfoc-2019-avis-planol\" width=\"630\" height=\"525\" srcset=\"https:\/\/bisbalpenedes.com\/web\/wp-content\/uploads\/2019\/08\/correfoc-2019-avis-planol-1024x854.jpg 1024w, https:\/\/bisbalpenedes.com\/web\/wp-content\/uploads\/2019\/08\/correfoc-2019-avis-planol-600x500.jpg 600w, https:\/\/bisbalpenedes.com\/web\/wp-content\/uploads\/2019\/08\/correfoc-2019-avis-planol-300x250.jpg 300w, https:\/\/bisbalpenedes.com\/web\/wp-content\/uploads\/2019\/08\/correfoc-2019-avis-planol-768x640.jpg 768w\" sizes=\"(max-width: 630px) 100vw, 630px\" \/><\/a><\/p>\n<\/div>\n","protected":false},"excerpt":{"rendered":"<p>Avui dimecres 14 d&#8217;agost, a les 22h, tindr\u00e0 lloc el correfoc amb el\u00a0Ball de Diables de la Bisbal del Pened\u00e8s, la\u00a0Colla Vella Diables Sitges, el\u00a0Ball Diables de Torredembarra\u00a0i el\u00a0Ball De &hellip; <a href=\"https:\/\/bisbalpenedes.com\/web\/2019\/08\/14\/recorregut-dels-correfocs-de-la-festa-major-de-la-bisbal-del-penedes\/\" class=\"more-link\">Read More<\/a><\/p>\n","protected":false},"author":4,"featured_media":10453,"comment_status":"closed","ping_status":"closed","sticky":false,"template":"","format":"standard","meta":[],"categories":[2161],"tags":[698,3195,280,2535],"_links":{"self":[{"href":"https:\/\/bisbalpenedes.com\/web\/wp-json\/wp\/v2\/posts\/10452"}],"collection":[{"href":"https:\/\/bisbalpenedes.com\/web\/wp-json\/wp\/v2\/posts"}],"about":[{"href":"https:\/\/bisbalpenedes.com\/web\/wp-json\/wp\/v2\/types\/post"}],"author":[{"embeddable":true,"href":"https:\/\/bisbalpenedes.com\/web\/wp-json\/wp\/v2\/users\/4"}],"replies":[{"embeddable":true,"href":"https:\/\/bisbalpenedes.com\/web\/wp-json\/wp\/v2\/comments?post=10452"}],"version-history":[{"count":2,"href":"https:\/\/bisbalpenedes.com\/web\/wp-json\/wp\/v2\/posts\/10452\/revisions"}],"predecessor-version":[{"id":10455,"href":"https:\/\/bisbalpenedes.com\/web\/wp-json\/wp\/v2\/posts\/10452\/revisions\/10455"}],"wp:featuredmedia":[{"embeddable":true,"href":"https:\/\/bisbalpenedes.com\/web\/wp-json\/wp\/v2\/media\/10453"}],"wp:attachment":[{"href":"https:\/\/bisbalpenedes.com\/web\/wp-json\/wp\/v2\/media?parent=10452"}],"wp:term":[{"taxonomy":"category","embeddable":true,"href":"https:\/\/bisbalpenedes.com\/web\/wp-json\/wp\/v2\/categories?post=10452"},{"taxonomy":"post_tag","embeddable":true,"href":"https:\/\/bisbalpenedes.com\/web\/wp-json\/wp\/v2\/tags?post=10452"}],"curies":[{"name":"wp","href":"https:\/\/api.w.org\/{rel}","templated":true}]}}