{"id":10450,"date":"2019-08-14T10:34:22","date_gmt":"2019-08-14T09:34:22","guid":{"rendered":"http:\/\/bisbalpenedes.com\/web\/?p=10450"},"modified":"2019-08-14T10:34:22","modified_gmt":"2019-08-14T09:34:22","slug":"la-junta-de-govern-ha-aprovat-la-licitacio-de-les-obres-de-dos-habitatges-socials-a-les-antigues-cases-dels-mestres","status":"publish","type":"post","link":"https:\/\/bisbalpenedes.com\/web\/2019\/08\/14\/la-junta-de-govern-ha-aprovat-la-licitacio-de-les-obres-de-dos-habitatges-socials-a-les-antigues-cases-dels-mestres\/","title":{"rendered":"La Junta de Govern ha aprovat la licitaci\u00f3 de les obres de dos habitatges socials a les antigues cases dels mestres"},"content":{"rendered":"<p><a href=\"http:\/\/bisbalpenedes.com\/web\/wp-content\/uploads\/2018\/01\/cases-dels-mestres-e1560243306900.jpg\"><img loading=\"lazy\" class=\"size-large wp-image-4408 aligncenter\" src=\"http:\/\/bisbalpenedes.com\/web\/wp-content\/uploads\/2018\/01\/cases-dels-mestres-e1560243306900-1024x631.jpg\" alt=\"cases dels mestres\" width=\"630\" height=\"388\" srcset=\"https:\/\/bisbalpenedes.com\/web\/wp-content\/uploads\/2018\/01\/cases-dels-mestres-e1560243306900-1024x631.jpg 1024w, https:\/\/bisbalpenedes.com\/web\/wp-content\/uploads\/2018\/01\/cases-dels-mestres-e1560243306900-600x370.jpg 600w, https:\/\/bisbalpenedes.com\/web\/wp-content\/uploads\/2018\/01\/cases-dels-mestres-e1560243306900-300x185.jpg 300w, https:\/\/bisbalpenedes.com\/web\/wp-content\/uploads\/2018\/01\/cases-dels-mestres-e1560243306900-768x473.jpg 768w\" sizes=\"(max-width: 630px) 100vw, 630px\" \/><\/a><\/p>\n<p style=\"text-align: justify;\"><span style=\"color: #000000;\">La Junta de Govern celebrada el dilluns 12 d\u2019agost de 2019 ha aprovat la licitaci\u00f3 de les obres de dos habitatges socials a les antigues cases dels mestres per un import total de 76.746,11\u20ac.<\/span><\/p>\n<p style=\"text-align: justify;\"><span style=\"color: #000000;\">Els plecs de cl\u00e0usules t\u00e8cniques i econ\u00f2miques es poden trobar al Perfil del contractant, dins del Portal de Transpar\u00e8ncia de l\u2019Ajuntament de la Bisbal del Pened\u00e8s. Els licitadors han de presentar la documentaci\u00f3 per via electr\u00f2nica i el termini de presentaci\u00f3 de pliques \u00e9s de 26 dies naturals des de l\u2019endem\u00e0 de la publicaci\u00f3 de l\u2019anunci de licitaci\u00f3 al perfil del contractant:<\/span> <a href=\"https:\/\/contractaciopublica.gencat.cat\/ecofin_pscp\/AppJava\/notice.pscp?reqCode=viewCn&amp;idDoc=51265989&amp;lawType=\">https:\/\/contractaciopublica.gencat.cat\/ecofin_pscp\/AppJava\/notice.pscp?reqCode=viewCn&amp;idDoc=51265989&amp;lawType=<\/a> <span style=\"color: #000000;\">En aquest cas el termini finalitza el 7 de setembre de 2019.<\/span><\/p>\n<p style=\"text-align: justify;\"><span style=\"color: #000000;\">L\u2019any 2016 es va comen\u00e7ar a treballar amb l\u2019objectiu de desafectar les cases, que tenien consideraci\u00f3 d\u2019equipament municipal, perqu\u00e8 poguessin passar a ser habitatges socials de propietat municipal. L\u2019any 2018 es va aprovar el contracte menor per a la redacci\u00f3 del projecte b\u00e0sic, d\u2019execuci\u00f3 i de direcci\u00f3 de l\u2019obra de rehabilitaci\u00f3 de les antigues cases dels mestres i es va aprovar inicialment el projecte de rehabilitaci\u00f3. Aquest 2019 la Diputaci\u00f3 de Tarragona ha concedit la subvenci\u00f3 de 20.000\u20ac per a la rehabilitaci\u00f3 de les cases dels mestres que l\u2019Ajuntament va sol\u00b7licitar i, al juliol, s\u2019ha venut un percentatge d\u2019una parcel\u00b7la del pol\u00edgon industrial que era de propietat municipal i, de l\u2019import obtingut, se n\u2019han consignat a la partida d\u2019habitatges socials 56.746,11\u20ac que, si es sumen als 20.000\u20ac de la subvenci\u00f3, fan els 76.746,11\u20ac necessaris per a aquesta licitaci\u00f3.<\/span><\/p>\n<p style=\"text-align: justify;\"><span style=\"color: #000000;\">\u00a0<\/span><\/p>\n<p style=\"text-align: justify;\"><span style=\"color: #000000;\">&#8212;<\/span><\/p>\n<p style=\"text-align: justify;\"><span style=\"color: #000000;\">La Junta de Gobierno celebrada el lunes 12 de agosto del 2019 ha aprobado la licitaci\u00f3n de las obras de dos viviendas sociales en las antiguas casas de los maestros por un importe total de 76.746,11\u20ac.<\/span><\/p>\n<p style=\"text-align: justify;\"><span style=\"color: #000000;\">Los pliegos de cl\u00e1usulas t\u00e9cnicas y econ\u00f3micas se pueden encontrar en el Perfil del contratante, dentro del Portal de Transparencia del Ayuntamiento de la Bisbal del Pened\u00e8s. Los licitadores deben presentar la documentaci\u00f3n por v\u00eda electr\u00f3nica y el plazo de presentaci\u00f3n de plicas es de 26 d\u00edas naturales desde el d\u00eda siguiente a la publicaci\u00f3n del anuncio de licitaci\u00f3n en el perfil del contratante:<\/span> <a href=\"https:\/\/contractaciopublica.gencat.cat\/ecofin_pscp\/AppJava\/notice.pscp?reqCode=viewCn&amp;idDoc=51265989&amp;lawType=\">https:\/\/contractaciopublica.gencat.cat\/ecofin_pscp\/AppJava\/notice.pscp?reqCode=viewCn&amp;idDoc=51265989&amp;lawType=<\/a> <span style=\"color: #000000;\">En este caso, el plazo finaliza el d\u00eda 7 de septiembre de 2019.<\/span><\/p>\n<p style=\"text-align: justify;\"><span style=\"color: #000000;\">El a\u00f1o 2016 se empez\u00f3 a trabajar con el objetivo de desafectar las casas, que ten\u00edan consideraci\u00f3n de equipamiento municipal. El a\u00f1o 2018 se aprob\u00f3 el contrato menor para la redacci\u00f3n del proyecto b\u00e1sico, de ejecuci\u00f3n y de direcci\u00f3n de la obra de rehabilitaci\u00f3n de las antiguas casas de los maestros y se aprob\u00f3 inicialmente el proyecto de rehabilitaci\u00f3n. Este 2019 la Diputaci\u00f3n de Tarragona ha concedido la subvenci\u00f3n de 20.000\u20ac para la rehabilitaci\u00f3n de las casas de los maestros que el Ayuntamiento solicit\u00f3 y, en julio, ha vendido un porcentaje de una parcela del pol\u00edgono industrial que era de propiedad municipal y, del importe obtenido, se han consignado a la partida de viviendas sociales 56.746,11\u20ac que, si se suman a los 20.000\u20ac de la subvenci\u00f3n, hacen los 76.746,11\u20ac necesarios para esta licitaci\u00f3n.<\/span><\/p>\n","protected":false},"excerpt":{"rendered":"<p>La Junta de Govern celebrada el dilluns 12 d\u2019agost de 2019 ha aprovat la licitaci\u00f3 de les obres de dos habitatges socials a les antigues cases dels mestres per un &hellip; <a href=\"https:\/\/bisbalpenedes.com\/web\/2019\/08\/14\/la-junta-de-govern-ha-aprovat-la-licitacio-de-les-obres-de-dos-habitatges-socials-a-les-antigues-cases-dels-mestres\/\" class=\"more-link\">Read More<\/a><\/p>\n","protected":false},"author":4,"featured_media":4408,"comment_status":"closed","ping_status":"closed","sticky":false,"template":"","format":"standard","meta":[],"categories":[3085,15],"tags":[384,385,686,267,21],"_links":{"self":[{"href":"https:\/\/bisbalpenedes.com\/web\/wp-json\/wp\/v2\/posts\/10450"}],"collection":[{"href":"https:\/\/bisbalpenedes.com\/web\/wp-json\/wp\/v2\/posts"}],"about":[{"href":"https:\/\/bisbalpenedes.com\/web\/wp-json\/wp\/v2\/types\/post"}],"author":[{"embeddable":true,"href":"https:\/\/bisbalpenedes.com\/web\/wp-json\/wp\/v2\/users\/4"}],"replies":[{"embeddable":true,"href":"https:\/\/bisbalpenedes.com\/web\/wp-json\/wp\/v2\/comments?post=10450"}],"version-history":[{"count":1,"href":"https:\/\/bisbalpenedes.com\/web\/wp-json\/wp\/v2\/posts\/10450\/revisions"}],"predecessor-version":[{"id":10451,"href":"https:\/\/bisbalpenedes.com\/web\/wp-json\/wp\/v2\/posts\/10450\/revisions\/10451"}],"wp:featuredmedia":[{"embeddable":true,"href":"https:\/\/bisbalpenedes.com\/web\/wp-json\/wp\/v2\/media\/4408"}],"wp:attachment":[{"href":"https:\/\/bisbalpenedes.com\/web\/wp-json\/wp\/v2\/media?parent=10450"}],"wp:term":[{"taxonomy":"category","embeddable":true,"href":"https:\/\/bisbalpenedes.com\/web\/wp-json\/wp\/v2\/categories?post=10450"},{"taxonomy":"post_tag","embeddable":true,"href":"https:\/\/bisbalpenedes.com\/web\/wp-json\/wp\/v2\/tags?post=10450"}],"curies":[{"name":"wp","href":"https:\/\/api.w.org\/{rel}","templated":true}]}}