{"id":10403,"date":"2019-08-06T08:57:03","date_gmt":"2019-08-06T07:57:03","guid":{"rendered":"http:\/\/bisbalpenedes.com\/web\/?p=10403"},"modified":"2019-08-06T09:06:00","modified_gmt":"2019-08-06T08:06:00","slug":"comunicat-dalcaldia-agost-de-2019","status":"publish","type":"post","link":"https:\/\/bisbalpenedes.com\/web\/2019\/08\/06\/comunicat-dalcaldia-agost-de-2019\/","title":{"rendered":"Comunicat d&#8217;alcaldia &#8211; Agost de 2019"},"content":{"rendered":"<p style=\"text-align: justify;\"><span style=\"color: #000000;\"><strong>Comunicat d\u2019alcaldia, Agost 2019<\/strong><\/span><\/p>\n<p style=\"text-align: justify;\"><span style=\"color: #000000;\"><strong>Sent\u00e8ncia ferma del Jutjat contenci\u00f3s, que desestima el recurs presentat per la regidora no adscrita i els regidors i regidores d\u2019ERC contra l\u2019Ajuntament per possible vulneraci\u00f3 dels drets fonamentals<\/strong><\/span><\/p>\n<p style=\"text-align: justify;\"><span style=\"color: #000000;\">L\u2019Ajuntament de La Bisbal del Pened\u00e8s no va vulnerar els drets dels regidors i regidores d\u2019ERC i la regidora no adscrita en el Ple de moci\u00f3 de censura del 22 d\u2019agost de 2018.<\/span><\/p>\n<p style=\"text-align: justify;\"><span style=\"color: #000000;\">El 6 d\u2019agost del 2018 els regidors d\u2019ERC i la regidora del PSC van presentar moci\u00f3 de censura, presentant com a alcaldable a la regidora del PSC.<\/span><\/p>\n<p style=\"text-align: justify;\"><span style=\"color: #000000;\">El dia 22 d\u2019agost es va celebrar aquest Ple, per\u00f2 uns dies abans el PSC va entrar document a registre de l\u2019Ajuntament conforme notificaven que la seva regidora deixava de formar part del PSC.<\/span><\/p>\n<p style=\"text-align: justify;\"><span style=\"color: #000000;\">Comprovant la documentaci\u00f3, es va procedir a nomenar i informar la regidora del PSC que passava a ser regidora no adscrita.<\/span><\/p>\n<p style=\"text-align: justify;\"><span style=\"color: #000000;\">En el Ple de moci\u00f3 de censura es va informar de la normativa a aplicar on, en aquest cas, feia falta un vot m\u00e9s perqu\u00e8 la moci\u00f3 de censura prosper\u00e9s. \u00a0Per\u00f2 la moci\u00f3 no va prosperar perqu\u00e8 van haver-hi 5 vots en contra de la moci\u00f3 de censura (els regidors i regidores del PDeCAT) i cap vot a favor (els regidors d\u2019ERC i la regidora no adscrita no van votar).<\/span><\/p>\n<p style=\"text-align: justify;\"><span style=\"color: #000000;\">El setembre de 2018, els regidors i regidores d\u2019ERC i la regidora no adscrita, presenten den\u00fancia al Jutjat contenci\u00f3s administratiu contra l\u2019Ajuntament de La Bisbal del Pened\u00e8s, per la suposada vulneraci\u00f3 dels seus drets fonamentals en el Ple de moci\u00f3 de censura del 22 d\u2019agost de 2018.<\/span><\/p>\n<p style=\"text-align: justify;\"><span style=\"color: #000000;\">El mes de maig de 2019, el Jutjat dicta sent\u00e8ncia desestimant la den\u00fancia al no haver-se vulnerat els seus drets fonamentals.<\/span><\/p>\n<p style=\"text-align: justify;\"><span style=\"color: #000000;\">A finals de juliol de 2019 el Jutjat declara la sent\u00e8ncia com a ferma.<\/span><\/p>\n<p style=\"text-align: right;\"><span style=\"color: #000000;\">Agn\u00e8s Ferr\u00e9 Ca\u00f1ellas<\/span><\/p>\n<p style=\"text-align: right;\"><span style=\"color: #000000;\">Alcaldessa de La Bisbal del Pened\u00e8s<\/span><\/p>\n<hr \/>\n<p style=\"text-align: justify;\"><span style=\"color: #000000;\"><strong>Comunicado de alcald\u00eda, Agosto 2019<\/strong><\/span><\/p>\n<p style=\"text-align: justify;\"><span style=\"color: #000000;\"><strong>Sentencia firme del Juzgado contencioso, que desestima el recurso presentado por la concejala no adscrita y los concejales y concejalas de ERC contra el Ayuntamiento por posible vulneraci\u00f3n de los derechos fundamentales<\/strong><\/span><\/p>\n<p style=\"text-align: justify;\"><span style=\"color: #000000;\">El Ayuntamiento de La Bisbal del Pened\u00e8s no vulner\u00f3 los derechos de los concejales y concejalas de ERC y la concejala no adscrita en el Pleno de moci\u00f3n de censura del 22 de agosto del 2018.<\/span><\/p>\n<p style=\"text-align: justify;\"><span style=\"color: #000000;\">El 6 de agosto del 2018 los concejales de ERC y la concejala del PSC presentaron una moci\u00f3n de censura, presentando como alcaldable a la concejala del PSC.<\/span><\/p>\n<p style=\"text-align: justify;\"><span style=\"color: #000000;\">El d\u00eda 22 de agosto se celebr\u00f3 este Pleno, pero unos d\u00edas antes el PSC entr\u00f3 un documento por registro del Ayuntamiento conforme notificaban que su concejala dejaba de formar parte del PSC.<\/span><\/p>\n<p style=\"text-align: justify;\"><span style=\"color: #000000;\">Comprobando la documentaci\u00f3n, se procedi\u00f3 a nombrar e informar a la concejala del PSC que pasaba a ser conejala no adscrita.<\/span><\/p>\n<p style=\"text-align: justify;\"><span style=\"color: #000000;\">En el Pleno de moci\u00f3n de censura se inform\u00f3 de la normativa a aplicar donde, en este caso, hac\u00eda falta un voto m\u00e1s para que la moci\u00f3n de censura prosperase. Pero la moci\u00f3n no prosper\u00f3 porqu\u00e9 hubieron 5 votos en contra de la moci\u00f3n de censura (los concejales y concejalas del PDeCAT) y ning\u00fan voto a favor (los concejales de ERC y la concejala no adscrita no votaron).<\/span><\/p>\n<p style=\"text-align: justify;\"><span style=\"color: #000000;\">En septiembre del 2018, los concejales y concejalas de ERC y la concejala no adscrita, presentan denuncia en el Juzgado contencioso administrativo contra el Ayuntamiento de La Bisbal del Pened\u00e8s, por la supuesta vulneraci\u00f3n de sus derechos fundamentales en el Pleno de moci\u00f3n de censura del 22 de agosto del 2018.<\/span><\/p>\n<p style=\"text-align: justify;\"><span style=\"color: #000000;\">En el mes de mayo del 2019, el Juzgado dicta sentencia desestimando la denuncia en no haberse vulnerado sus derechos fundamentales.<\/span><\/p>\n<p style=\"text-align: justify;\"><span style=\"color: #000000;\">En el mes de julio del 2019, el Juzgado declara la sentencia como firme.<\/span><\/p>\n<p>&nbsp;<\/p>\n<p style=\"text-align: right;\"><span style=\"color: #000000;\">Agn\u00e8s Ferr\u00e9 Ca\u00f1ellas<\/span><\/p>\n<p style=\"text-align: right;\"><span style=\"color: #000000;\">Alcaldesa de La Bisbal del Pened\u00e8s<\/span><\/p>\n","protected":false},"excerpt":{"rendered":"<p>Comunicat d\u2019alcaldia, Agost 2019 Sent\u00e8ncia ferma del Jutjat contenci\u00f3s, que desestima el recurs presentat per la regidora no adscrita i els regidors i regidores d\u2019ERC contra l\u2019Ajuntament per possible vulneraci\u00f3 &hellip; <a href=\"https:\/\/bisbalpenedes.com\/web\/2019\/08\/06\/comunicat-dalcaldia-agost-de-2019\/\" class=\"more-link\">Read More<\/a><\/p>\n","protected":false},"author":4,"featured_media":3049,"comment_status":"closed","ping_status":"closed","sticky":false,"template":"","format":"standard","meta":[],"categories":[2057],"tags":[3173,3175,2234,3174],"_links":{"self":[{"href":"https:\/\/bisbalpenedes.com\/web\/wp-json\/wp\/v2\/posts\/10403"}],"collection":[{"href":"https:\/\/bisbalpenedes.com\/web\/wp-json\/wp\/v2\/posts"}],"about":[{"href":"https:\/\/bisbalpenedes.com\/web\/wp-json\/wp\/v2\/types\/post"}],"author":[{"embeddable":true,"href":"https:\/\/bisbalpenedes.com\/web\/wp-json\/wp\/v2\/users\/4"}],"replies":[{"embeddable":true,"href":"https:\/\/bisbalpenedes.com\/web\/wp-json\/wp\/v2\/comments?post=10403"}],"version-history":[{"count":3,"href":"https:\/\/bisbalpenedes.com\/web\/wp-json\/wp\/v2\/posts\/10403\/revisions"}],"predecessor-version":[{"id":10414,"href":"https:\/\/bisbalpenedes.com\/web\/wp-json\/wp\/v2\/posts\/10403\/revisions\/10414"}],"wp:featuredmedia":[{"embeddable":true,"href":"https:\/\/bisbalpenedes.com\/web\/wp-json\/wp\/v2\/media\/3049"}],"wp:attachment":[{"href":"https:\/\/bisbalpenedes.com\/web\/wp-json\/wp\/v2\/media?parent=10403"}],"wp:term":[{"taxonomy":"category","embeddable":true,"href":"https:\/\/bisbalpenedes.com\/web\/wp-json\/wp\/v2\/categories?post=10403"},{"taxonomy":"post_tag","embeddable":true,"href":"https:\/\/bisbalpenedes.com\/web\/wp-json\/wp\/v2\/tags?post=10403"}],"curies":[{"name":"wp","href":"https:\/\/api.w.org\/{rel}","templated":true}]}}