{"id":10399,"date":"2019-08-05T09:47:56","date_gmt":"2019-08-05T08:47:56","guid":{"rendered":"http:\/\/bisbalpenedes.com\/web\/?p=10399"},"modified":"2019-08-05T09:48:51","modified_gmt":"2019-08-05T08:48:51","slug":"lajuntament-ha-venut-un-2523-duna-parcella-poligon-industrial-les-planes-baixes","status":"publish","type":"post","link":"https:\/\/bisbalpenedes.com\/web\/2019\/08\/05\/lajuntament-ha-venut-un-2523-duna-parcella-poligon-industrial-les-planes-baixes\/","title":{"rendered":"L\u2019Ajuntament ha venut un 25,23% d\u2019una parcel\u00b7la pol\u00edgon industrial Les Planes Baixes"},"content":{"rendered":"<p style=\"text-align: justify;\"><a href=\"http:\/\/bisbalpenedes.com\/web\/wp-content\/uploads\/2019\/08\/LES-PLANES-BAIXES-CARTELL.jpg\"><img loading=\"lazy\" class=\"aligncenter size-medium wp-image-10400\" src=\"http:\/\/bisbalpenedes.com\/web\/wp-content\/uploads\/2019\/08\/LES-PLANES-BAIXES-CARTELL-300x225.jpg\" alt=\"LES PLANES BAIXES CARTELL\" width=\"300\" height=\"225\" srcset=\"https:\/\/bisbalpenedes.com\/web\/wp-content\/uploads\/2019\/08\/LES-PLANES-BAIXES-CARTELL-300x225.jpg 300w, https:\/\/bisbalpenedes.com\/web\/wp-content\/uploads\/2019\/08\/LES-PLANES-BAIXES-CARTELL-600x450.jpg 600w, https:\/\/bisbalpenedes.com\/web\/wp-content\/uploads\/2019\/08\/LES-PLANES-BAIXES-CARTELL-768x576.jpg 768w, https:\/\/bisbalpenedes.com\/web\/wp-content\/uploads\/2019\/08\/LES-PLANES-BAIXES-CARTELL-1024x768.jpg 1024w\" sizes=\"(max-width: 300px) 100vw, 300px\" \/><\/a><\/p>\n<h3><span style=\"color: #000000;\"><b>L\u2019Ajuntament de la Bisbal del Pened\u00e8s ha venut un 25,23% d\u2019una parcel\u00b7la del carrer Vinya del pol\u00edgon industrial Les Planes Baixes per 378.450\u20ac<\/b><\/span><\/h3>\n<h3><span style=\"color: #000000;\"><b>Una part d\u2019aquest import s\u2019assignar\u00e0 a la rehabilitaci\u00f3 de les \u2018cases dels mestres\u2019 amb l\u2019objectiu de destinar-les a habitatge social<\/b><\/span><\/h3>\n<p style=\"text-align: justify;\"><span style=\"color: #000000;\">L\u2019Ajuntament de la Bisbal del Pened\u00e8s\u00a0va signar davant notari, el passat dijous 1 d\u2019agost, la venda del 25,23% d\u2019una parcel\u00b7la del carrer de la Vinya del pol\u00edgon industrial Les Planes Baixes, per un import de 378.450\u20ac.<\/span><\/p>\n<p style=\"text-align: justify;\"><span style=\"color: #000000;\">El febrer de 2018 es va aprovar el plec de cl\u00e0usules per a la subhasta, mitjan\u00e7ant procediment obert, d\u2019un 33,64% d\u2019una parcel\u00b7la i del 25,23% d\u2019una altra, ambdues de propietat municipal i catalogades com a Patrimoni municipal del s\u00f2l. El procediment va quedar desert perqu\u00e8 no es va presentar cap oferta. Posteriorment, durant els mesos de mar\u00e7 i abril, es van tornar a licitar els percentatges de les dues parcel\u00b7les. En aquesta ocasi\u00f3 es va presentar una oferta per al percentatge de 25,23%, que va ser valorada per la Mesa de contractaci\u00f3 i, posteriorment, adjudicada. L\u2019altra subhasta va quedar deserta.<\/span><\/p>\n<p style=\"text-align: justify;\"><span style=\"color: #000000;\">Aix\u00ed, durant el mes de juny es va adjudicar la parcel\u00b7la i, aquest dijous 1 d\u2019agost, s\u2019ha signat davant notari l\u2019escriptura de compravenda per l\u2019adjudicaci\u00f3 d\u2019aquest 25,23% d\u2019una parcel\u00b7la del carrer de la Vinya del pol\u00edgon industrial Les Planes Baixes per un import de 378.450\u20ac.<\/span><\/p>\n<p style=\"text-align: justify;\"><span style=\"color: #000000;\">L\u2019alcaldessa de la Bisbal del Pened\u00e8s i regidora d\u2019Urbanisme, Agn\u00e8s Ferr\u00e9, ha explicat que \u201cuna part d\u2019aquest import es destinar\u00e0 a la rehabilitaci\u00f3 de les cases dels mestres per a convertir-les en habitatge social, un projecte que ja est\u00e0 aprovat definitivament i que aviat licitarem\u201d. Ferr\u00e9 ha afegit que \u201cel passat mes de juny vam sol\u00b7licitar una subvenci\u00f3 de 20.000\u20ac a la Diputaci\u00f3 de Tarragona per a inversions, amb la intenci\u00f3 de destinar-la a aquest projecte i la Diputaci\u00f3 ens l\u2019ha concedit\u201d. Des de les Regidories d\u2019Urbanisme i Benestar Social s\u2019est\u00e0 treballant per poder tirar endavant aquest projecte \u201cel m\u00e9s aviat possible\u201d. Est\u00e0 previst que l\u2019execuci\u00f3 de les obres es liciti, aquest 2019, per un import de 76.746,11\u20ac (IVA incl\u00f2s).<\/span><\/p>\n<hr \/>\n<p style=\"text-align: justify;\"><span style=\"color: #000000;\"><strong>CASTELLANO |<\/strong> <\/span><\/p>\n<p style=\"text-align: justify;\"><span style=\"color: #000000;\"><b>El Ayuntamiento de la Bisbal del Pened\u00e8s ha vendido un 25,23% de una parcela de la calle Vinya del pol\u00edgono industrial Les Planes Baixes por 378.450\u20ac.<\/b><\/span><\/p>\n<p style=\"text-align: justify;\"><span style=\"color: #000000;\"><b>Una parte de este importe se asignar\u00e1 a la rehabilitaci\u00f3n de las &#8216;casas de los maestros&#8217; con el objetivo de destinarlas a vivienda social<\/b><\/span><\/p>\n<p style=\"text-align: justify;\"><span style=\"color: #000000;\">El Ayuntamiento de la Bisbal del Pened\u00e8s\u00a0firm\u00f3 ante notario, el pasado jueves 1 de agosto, la venta del 25,23% de una parcela de la calle Vinya del pol\u00edgono industrial Les Planes Baixes, por un importe de 378.450\u20ac.<\/span><\/p>\n<p style=\"text-align: justify;\"><span style=\"color: #000000;\">En febrero del 2018 se aprob\u00f3 el pliego de cl\u00e1usulas para la subasta, mediante procedimiento abierto, de un 33,64% de una parcela y del 25,23% de otra, ambas de propiedad municipal y catalogadas como Patrimonio municipal del suelo. El procedimiento qued\u00f3 desierto porqu\u00e9 no se present\u00f3 ninguna oferta. Posteriormente, durante los meses de mayo y abril, se volvieron a licitar los porcentajes de las dos parcelas. En esta ocasi\u00f3n se present\u00f3 una oferta para el porcentaje de 25,23%, que fue valorada por la Mesa de contrataci\u00f3n y, posteriormente, adjudicada. La otra subasta qued\u00f3 desierta.<\/span><\/p>\n<p style=\"text-align: justify;\"><span style=\"color: #000000;\">As\u00ed, durante el mes de junio se adjudic\u00f3 la parcela y, este jueves 1 de agosto, se ha firmado ante notario la escritura de compraventa por la adjudicaci\u00f3n de este 25,23% de una parcela en la calle de la Vinya del pol\u00edgono industrial Les Planes Baixes por un importe de 378.450\u20ac.<\/span><\/p>\n<p style=\"text-align: justify;\"><span style=\"color: #000000;\">La alcaldesa de la Bisbal del Pened\u00e8s y regidora de Urbanismo, Agn\u00e8s Ferr\u00e9, ha explicado que &#8220;una parte de este importe se destinar\u00e1 a la rehabilitaci\u00f3n de &#8216;las casas de los maestros&#8217; para convertirlas en vivienda social, un proyecto que ya est\u00e1 aprobado definitivamente y que pronto licitaremos&#8221;. Ferr\u00e9 ha a\u00f1adido que &#8220;el pasado mes de junio solicitamos una subvenci\u00f3n de 20.000\u20ac a la Diputaci\u00f3n de Tarragona para inversiones, con la intenci\u00f3n de destinarla a este proyecto y la Diputaci\u00f3n nos la ha concedido&#8221;. Desde las Concejal\u00edas de Urbanismo y Bienestar Social se est\u00e1 trabajando para poder llevar a cabo este proyecto &#8220;lo antes posible&#8221;. Est\u00e1 previsto que la ejecuci\u00f3n de las obras se licite, este 2019, por un importe de 76.746,11\u20ac (IVA incluido).<\/span><\/p>\n<p>&nbsp;<\/p>\n<p>&nbsp;<\/p>\n<p>&nbsp;<\/p>\n","protected":false},"excerpt":{"rendered":"<p>L\u2019Ajuntament de la Bisbal del Pened\u00e8s ha venut un 25,23% d\u2019una parcel\u00b7la del carrer Vinya del pol\u00edgon industrial Les Planes Baixes per 378.450\u20ac Una part d\u2019aquest import s\u2019assignar\u00e0 a la &hellip; <a href=\"https:\/\/bisbalpenedes.com\/web\/2019\/08\/05\/lajuntament-ha-venut-un-2523-duna-parcella-poligon-industrial-les-planes-baixes\/\" class=\"more-link\">Read More<\/a><\/p>\n","protected":false},"author":4,"featured_media":10400,"comment_status":"closed","ping_status":"closed","sticky":false,"template":"","format":"standard","meta":[],"categories":[15],"tags":[384,673,2573,1021],"_links":{"self":[{"href":"https:\/\/bisbalpenedes.com\/web\/wp-json\/wp\/v2\/posts\/10399"}],"collection":[{"href":"https:\/\/bisbalpenedes.com\/web\/wp-json\/wp\/v2\/posts"}],"about":[{"href":"https:\/\/bisbalpenedes.com\/web\/wp-json\/wp\/v2\/types\/post"}],"author":[{"embeddable":true,"href":"https:\/\/bisbalpenedes.com\/web\/wp-json\/wp\/v2\/users\/4"}],"replies":[{"embeddable":true,"href":"https:\/\/bisbalpenedes.com\/web\/wp-json\/wp\/v2\/comments?post=10399"}],"version-history":[{"count":2,"href":"https:\/\/bisbalpenedes.com\/web\/wp-json\/wp\/v2\/posts\/10399\/revisions"}],"predecessor-version":[{"id":10402,"href":"https:\/\/bisbalpenedes.com\/web\/wp-json\/wp\/v2\/posts\/10399\/revisions\/10402"}],"wp:featuredmedia":[{"embeddable":true,"href":"https:\/\/bisbalpenedes.com\/web\/wp-json\/wp\/v2\/media\/10400"}],"wp:attachment":[{"href":"https:\/\/bisbalpenedes.com\/web\/wp-json\/wp\/v2\/media?parent=10399"}],"wp:term":[{"taxonomy":"category","embeddable":true,"href":"https:\/\/bisbalpenedes.com\/web\/wp-json\/wp\/v2\/categories?post=10399"},{"taxonomy":"post_tag","embeddable":true,"href":"https:\/\/bisbalpenedes.com\/web\/wp-json\/wp\/v2\/tags?post=10399"}],"curies":[{"name":"wp","href":"https:\/\/api.w.org\/{rel}","templated":true}]}}