{"id":10389,"date":"2019-08-01T17:20:57","date_gmt":"2019-08-01T16:20:57","guid":{"rendered":"http:\/\/bisbalpenedes.com\/web\/?p=10389"},"modified":"2019-08-01T17:28:40","modified_gmt":"2019-08-01T16:28:40","slug":"ja-us-podeu-descarregar-el-programa-de-la-festa-major-2019-de-la-bisbal-del-penedes","status":"publish","type":"post","link":"https:\/\/bisbalpenedes.com\/web\/2019\/08\/01\/ja-us-podeu-descarregar-el-programa-de-la-festa-major-2019-de-la-bisbal-del-penedes\/","title":{"rendered":"Ja us podeu descarregar el programa de la Festa Major 2019 de la Bisbal del Pened\u00e8s"},"content":{"rendered":"<p style=\"text-align: justify;\"><span style=\"color: #000000;\"><a style=\"color: #000000;\" href=\"http:\/\/bisbalpenedes.com\/web\/wp-content\/uploads\/2019\/08\/PROGRAMA_FM_2019_BISBAL_PORT-1.jpg\"><img loading=\"lazy\" class=\"aligncenter size-medium wp-image-10393\" src=\"http:\/\/bisbalpenedes.com\/web\/wp-content\/uploads\/2019\/08\/PROGRAMA_FM_2019_BISBAL_PORT-1-215x300.jpg\" alt=\"PROGRAMA_FM_2019_BISBAL_PORT\" width=\"215\" height=\"300\" srcset=\"https:\/\/bisbalpenedes.com\/web\/wp-content\/uploads\/2019\/08\/PROGRAMA_FM_2019_BISBAL_PORT-1-215x300.jpg 215w, https:\/\/bisbalpenedes.com\/web\/wp-content\/uploads\/2019\/08\/PROGRAMA_FM_2019_BISBAL_PORT-1-600x839.jpg 600w, https:\/\/bisbalpenedes.com\/web\/wp-content\/uploads\/2019\/08\/PROGRAMA_FM_2019_BISBAL_PORT-1-768x1074.jpg 768w, https:\/\/bisbalpenedes.com\/web\/wp-content\/uploads\/2019\/08\/PROGRAMA_FM_2019_BISBAL_PORT-1-732x1024.jpg 732w, https:\/\/bisbalpenedes.com\/web\/wp-content\/uploads\/2019\/08\/PROGRAMA_FM_2019_BISBAL_PORT-1-scaled.jpg 1831w\" sizes=\"(max-width: 215px) 100vw, 215px\" \/><\/a><\/span><\/p>\n<p style=\"text-align: justify;\"><span style=\"color: #000000;\">La Bisbal del Pened\u00e8s es prepara per celebrar la seva Festa Major, del 14 al 18 d\u2019agost, que comptar\u00e0 amb una trentena d\u2019activitats tradicionals, populars, culturals, associatives, musicals, esportives i de lleure. Enguany, com a novetat, els grups musicals que protagonitzaran els concerts de les nits del 14 i el 16 d\u2019agost han estat triats pels joves del muncipi, fent-se realitat aix\u00ed la proposta que l\u2019any passat va guanyar el concurs \u2018Videobox\u2019, organitzat des de la Regidoria de Joventut. En concret, hi actuaran Adala &amp; the same song band, Auxili, L\u00e1grimas de Sangre i Tapeo Sound System. Els dos dies, despr\u00e9s dels concerts, hi haur\u00e0 m\u00fasica punxada per R\u00e0dio Esventada i Boom Watts Sound Systems.<\/span><\/p>\n<p style=\"text-align: justify;\"><span style=\"color: #000000;\">L\u2019Ajuntament de la Bisbal del Pened\u00e8s continua apostant pel concurs de fotografia de la Festa Major d\u2019Instagram i, aquest 2019, en lloc del Videobox s\u2019ha optat pel Photobox. Per participar-hi caldr\u00e0 que els participants, durant els concerts dels dies 14 i 16 d\u2019agost, es facin una foto i la publiquin a Instagram amb l\u2019etiqueta #PhotoBoxBisbal i una breu descripci\u00f3 d\u2019una proposta relacionada amb la Festa Major i l\u2019\u00e0rea de Joventut.<\/span><\/p>\n<p style=\"text-align: justify;\"><span style=\"color: #000000;\">L\u2019alcaldessa Ang\u00e8s Ferr\u00e9 ha explicat que \u201cla Festa Major bisbalenca es prepara amb la participaci\u00f3 i la col\u00b7laboraci\u00f3 d\u2019un gran nombre d\u2019entitats bisbalenques, aix\u00ed com de persones que organitzen activitats de forma altruista. Sense totes aquestes persones no seria possible tirar endavant una festa tan llu\u00efda com la que, cada any, podem viure a la Bisbal\u201d. Ferr\u00e9 ha afegit que \u201cun dels plats forts \u00e9s la diada castellera del 15 d\u2019agost, que com cada any, omple el carrer Dr. Robert i la pla\u00e7a Sant Jordi de gom a gom per\u00f2, m\u00e9s enll\u00e0 d\u2019aquesta cita tradicional, hi ha una trentena d\u2019actes programats que valen molt la pena i ens agradaria que tothom els pogu\u00e9s gaudir\u201d.<\/span><\/p>\n<p style=\"text-align: justify;\"><span style=\"color: #000000;\"><strong>FERRAN AIXAL\u00c0: PREGONER DE LA FESTA MAJOR 2019<\/strong><\/span><\/p>\n<p style=\"text-align: justify;\"><span style=\"color: #000000;\">Enguany el preg\u00f3 de la Festa Major es far\u00e0 el dimecres 14 d\u2019agost a les 19:30h i anir\u00e0 a c\u00e0rrec de l\u2019humorista, guionista i animador de televisi\u00f3 Ferran Aixal\u00e0 que, tot i haver nascut i viscut la major part de la seva vida a Lleida, fa vuit anys que viu a la Bisbal del Pened\u00e8s.<\/span><\/p>\n<p style=\"text-align: justify;\"><span style=\"color: #000000;\"><a style=\"color: #000000;\" href=\"http:\/\/bisbalpenedes.com\/web\/wp-content\/uploads\/2019\/08\/FERRAN-AIXALA-LES-7-POMES-LA-BISBAL.jpg\"><img loading=\"lazy\" class=\"aligncenter size-medium wp-image-10390\" src=\"http:\/\/bisbalpenedes.com\/web\/wp-content\/uploads\/2019\/08\/FERRAN-AIXALA-LES-7-POMES-LA-BISBAL-300x200.jpg\" alt=\"FERRAN AIXALA LES 7 POMES LA BISBAL\" width=\"300\" height=\"200\" srcset=\"https:\/\/bisbalpenedes.com\/web\/wp-content\/uploads\/2019\/08\/FERRAN-AIXALA-LES-7-POMES-LA-BISBAL-300x200.jpg 300w, https:\/\/bisbalpenedes.com\/web\/wp-content\/uploads\/2019\/08\/FERRAN-AIXALA-LES-7-POMES-LA-BISBAL-600x400.jpg 600w, https:\/\/bisbalpenedes.com\/web\/wp-content\/uploads\/2019\/08\/FERRAN-AIXALA-LES-7-POMES-LA-BISBAL-768x512.jpg 768w, https:\/\/bisbalpenedes.com\/web\/wp-content\/uploads\/2019\/08\/FERRAN-AIXALA-LES-7-POMES-LA-BISBAL-1024x683.jpg 1024w\" sizes=\"(max-width: 300px) 100vw, 300px\" \/><\/a><\/span><\/p>\n<p style=\"text-align: justify;\"><span style=\"color: #000000;\">El Ferran fa vint anys que es dedica al m\u00f3n de l\u2019espectacle i s\u2019ha especialitzat en l\u2019humor i el pallasso, \u00a0portant la com\u00e8dia a pa\u00efsos com Nova York, Jord\u00e0nia, Corea del Sud, It\u00e0lia o Fran\u00e7a amb els espectacles \u201cHumortal\u201d i \u201cCops\u201d (EFS Produccions). Ha treballat com a guionista o animador de p\u00fablic en diversos espais televisius, com ara El Gran Dictat (TV3), Oh happy day (TV3), La Marat\u00f3 (TV3) o El Foraster (TV3), programa en qu\u00e8 treballa des de l\u2019any 2015.\u00a0 Fa dos anys que presenta La Festa dels S\u00fapers (TV3) i, en l\u2019actualitat, tamb\u00e9 treballa a El Paisano (TVE), Ahora Caigo (A3), Booom (A3), La Hora Musa (TVE), Juego de ni\u00f1os (TVE) i al programa radiof\u00f2nic Versi\u00f3 Estiu (Rac1). Des de fa 18 anys \u00e9s cantant del grup Pastorets Rock i ha participat en nombroses obres de teatre, la darrera de les quals ha estat \u201cDelikatessen\u201d, dirigida per Joan Oll\u00e9. En l\u2019actualitat compagina la feina a la televisi\u00f3 amb els concerts de \u2018Pastorets Rock\u2019 i \u00a0mon\u00f2leg \u2018Les 7 pomes\u2019, que es va representar a la Bisbal del Pened\u00e8s el passat Sant Jordi i que tamb\u00e9 han programat municipis com Belltall, Bellvei, Pacs del Pened\u00e8s, Montson\u00eds o la ciutat de Lleida.<\/span><\/p>\n<p style=\"text-align: justify;\"><span style=\"color: #000000;\"><strong>ENGUANY TAMB\u00c9 HI HAUR\u00c0 GOT REUTILITZABLE<\/strong><\/span><\/p>\n<p style=\"text-align: justify;\"><span style=\"color: #000000;\">Enguany l\u2019Ajuntament continua apostant per la campanya \u2018Oh my got!\u2019 de les regidories de Joventut i Medi Ambient amb l\u2019objectiu de promoure l\u2019\u00fas d\u2019un sol got reutilitzable durant tota la festa major. D\u2019aquesta manera es vol aconseguir que la festa sigui m\u00e9s sostenible, evitant la generaci\u00f3 de residus innecessaris. El got es podr\u00e0 comprar a la barra (servei de bar) de la festa major pel preu d\u20191\u20ac.<\/span><\/p>\n<p style=\"text-align: justify;\"><span style=\"color: #000000;\"><a style=\"color: #000000;\" href=\"http:\/\/bisbalpenedes.com\/web\/wp-content\/uploads\/2019\/01\/OHMYGOT1.jpg\"><img loading=\"lazy\" class=\"aligncenter size-medium wp-image-8303\" src=\"http:\/\/bisbalpenedes.com\/web\/wp-content\/uploads\/2019\/01\/OHMYGOT1-225x300.jpg\" alt=\"OHMYGOT1\" width=\"225\" height=\"300\" srcset=\"https:\/\/bisbalpenedes.com\/web\/wp-content\/uploads\/2019\/01\/OHMYGOT1-225x300.jpg 225w, https:\/\/bisbalpenedes.com\/web\/wp-content\/uploads\/2019\/01\/OHMYGOT1-600x800.jpg 600w, https:\/\/bisbalpenedes.com\/web\/wp-content\/uploads\/2019\/01\/OHMYGOT1-768x1024.jpg 768w, https:\/\/bisbalpenedes.com\/web\/wp-content\/uploads\/2019\/01\/OHMYGOT1-scaled.jpg 1920w\" sizes=\"(max-width: 225px) 100vw, 225px\" \/><\/a><\/span><\/p>\n<h2 style=\"text-align: center;\"><span style=\"color: #3366ff;\"><strong>\u2193Trobareu el programa complet al final d&#8217;aquesta p\u00e0gina\u2193<\/strong><\/span><\/h2>\n<hr \/>\n<p style=\"text-align: justify;\"><span style=\"color: #000000;\"><a style=\"color: #000000;\" href=\"http:\/\/bisbalpenedes.com\/web\/wp-content\/uploads\/2019\/08\/PROGRAMA_FM_2019_BISBAL_PORT-1.jpg\"><img loading=\"lazy\" class=\"aligncenter size-medium wp-image-10393\" src=\"http:\/\/bisbalpenedes.com\/web\/wp-content\/uploads\/2019\/08\/PROGRAMA_FM_2019_BISBAL_PORT-1-215x300.jpg\" alt=\"PROGRAMA_FM_2019_BISBAL_PORT\" width=\"215\" height=\"300\" srcset=\"https:\/\/bisbalpenedes.com\/web\/wp-content\/uploads\/2019\/08\/PROGRAMA_FM_2019_BISBAL_PORT-1-215x300.jpg 215w, https:\/\/bisbalpenedes.com\/web\/wp-content\/uploads\/2019\/08\/PROGRAMA_FM_2019_BISBAL_PORT-1-600x839.jpg 600w, https:\/\/bisbalpenedes.com\/web\/wp-content\/uploads\/2019\/08\/PROGRAMA_FM_2019_BISBAL_PORT-1-768x1074.jpg 768w, https:\/\/bisbalpenedes.com\/web\/wp-content\/uploads\/2019\/08\/PROGRAMA_FM_2019_BISBAL_PORT-1-732x1024.jpg 732w, https:\/\/bisbalpenedes.com\/web\/wp-content\/uploads\/2019\/08\/PROGRAMA_FM_2019_BISBAL_PORT-1-scaled.jpg 1831w\" sizes=\"(max-width: 215px) 100vw, 215px\" \/><\/a><\/span><\/p>\n<p style=\"text-align: justify;\"><span style=\"color: #000000;\"><strong>CASTELLANO |<\/strong> La Bisbal del Pened\u00e8s se prepara para celebrar su Fiesta Mayor, del 14 al 18 de agosto, que contar\u00e1 con una treintena de actividades tradicionales, populares, culturales, asociativas, musicales, deportivas y de ocio. Este a\u00f1o, como novedad, los grupos musicales que protagonizar\u00e1n los conciertos de las noches del 14 y el 16 de agosto han sido escogidos por los j\u00f3venes del municipio, haci\u00e9ndose realidad as\u00ed la propuesta que el a\u00f1o pasado gan\u00f3 el concurso &#8216;Videobox&#8217;, organizado desde la Concejal\u00eda de Juventud. En concreto, actuar\u00e1n Adala &amp; the same song band, Auxili, L\u00e1grimas de Sangre y Tapeo Sound System.\u00a0<\/span><\/p>\n<p style=\"text-align: justify;\"><span style=\"color: #000000;\">Los dos d\u00edas, despu\u00e9s de los conciertos, habr\u00e1 m\u00fasica pinchada por Radio Esventada y Boom Watts Sound Systems.<\/span><\/p>\n<p style=\"text-align: justify;\"><span style=\"color: #000000;\">El Ayuntamiento de la Bisbal del Pened\u00e8s contin\u00faa apostando por el concurso de fotograf\u00eda de la Fiesta Mayor de Instagram y, este 2019, en lugar del Videobox, se ha optado por el Photobox. Para participar en \u00e9l, los participantes, durante los conciertos de los d\u00edas 14 y 16 de agosto, tendr\u00e1n que hacerse una foto y publicarla en Instagram con la etiqueta #PhotoBoxBisbal y una breve descripci\u00f3n de una propuesta relacionada con la Fiesta Mayor y el \u00e1rea de Juventud.<\/span><\/p>\n<p style=\"text-align: justify;\"><span style=\"color: #000000;\">La alcaldesa Agn\u00e8s Ferr\u00e9 ha explicado que &#8220;la Fiesta Mayor bisbalenca se prepara con la participaci\u00f3n y la colaboraci\u00f3n de un gran n\u00famero de entidades bisbalenques, as\u00ed como de personas que organizan actividades de forma altruista. Sin todas estas personas no ser\u00eda posible sacar adelante una fiesta tan lucida\u00a0 como la que, cada a\u00f1o, podemos vivir en la Bisbal&#8221;. Ferr\u00e9\u00a0 ha a\u00f1adido que &#8220;uno de los platos fuertes es la diada castellera del 15 de agosto, que como cada a\u00f1o, llena la calle Dr. Robert y la plaza Sant Jordi hasta los topes pero, m\u00e1s all\u00e1 de esta cita tradicional, hay una treintena de actos programados que valen mucho la pena y que nos gustar\u00eda que todo el mundo pudiese disfrutar&#8221;.<\/span><\/p>\n<p style=\"text-align: justify;\"><span style=\"color: #000000;\"><strong>FERRAN AIXAL\u00c0: PREGONERO DE LA FIESTA MAYOR 2019<\/strong><\/span><\/p>\n<p style=\"text-align: justify;\"><span style=\"color: #000000;\">Este a\u00f1o el preg\u00f3n de la Fiesta Mayor se har\u00e1 el mi\u00e9rcoles 14 de agosto a las 19:30h e ir\u00e1 a cargo del humorista, guionista y animador de televisi\u00f3n Ferran Aixal\u00e0 que aunque\u00a0naci\u00f3\u00a0y ha vivido la mayor parte de su vida en Lleida, hace ocho a\u00f1os que vive en la Bisbal del Pened\u00e8s.<\/span><\/p>\n<p style=\"text-align: justify;\"><span style=\"color: #000000;\"><a style=\"color: #000000;\" href=\"http:\/\/bisbalpenedes.com\/web\/wp-content\/uploads\/2019\/08\/FERRAN-AIXALA-LES-7-POMES-LA-BISBAL.jpg\"><img loading=\"lazy\" class=\"aligncenter size-medium wp-image-10390\" src=\"http:\/\/bisbalpenedes.com\/web\/wp-content\/uploads\/2019\/08\/FERRAN-AIXALA-LES-7-POMES-LA-BISBAL-300x200.jpg\" alt=\"FERRAN AIXALA LES 7 POMES LA BISBAL\" width=\"300\" height=\"200\" srcset=\"https:\/\/bisbalpenedes.com\/web\/wp-content\/uploads\/2019\/08\/FERRAN-AIXALA-LES-7-POMES-LA-BISBAL-300x200.jpg 300w, https:\/\/bisbalpenedes.com\/web\/wp-content\/uploads\/2019\/08\/FERRAN-AIXALA-LES-7-POMES-LA-BISBAL-600x400.jpg 600w, https:\/\/bisbalpenedes.com\/web\/wp-content\/uploads\/2019\/08\/FERRAN-AIXALA-LES-7-POMES-LA-BISBAL-768x512.jpg 768w, https:\/\/bisbalpenedes.com\/web\/wp-content\/uploads\/2019\/08\/FERRAN-AIXALA-LES-7-POMES-LA-BISBAL-1024x683.jpg 1024w\" sizes=\"(max-width: 300px) 100vw, 300px\" \/><\/a><\/span><\/p>\n<p style=\"text-align: justify;\"><span style=\"color: #000000;\">Ferran hace veinte a\u00f1os que se dedica al mundo del espect\u00e1culo y se ha especializado en el humor y el payaso, llevando la comedia a pa\u00edses como Nueva York, Jordania, Corea del Sur, Italia o Francia con los espect\u00e1culos &#8220;Humortal&#8221; y &#8220;Cops&#8221; (EFS Produccions). Ha trabajado como guionista o animador de p\u00fablico en varios espacios televisivos, como por ejemplo El Gran Dictat (TV3), Oh Happy Day (TV3), La Marat\u00f3 (TV3) o El Foraster (TV3), programa en el que trabaja desde el a\u00f1o 2015. Hace dos a\u00f1os que presenta La Festa dels S\u00fapers (TV3) y, en la actualidad, tambi\u00e9n trabaja en El Paisano (TVE), Ahora Caigo (A3), Booom (A3), La Hora Musa (TVE), Juego de ni\u00f1os (TVE) y en el programa radiof\u00f3nico Versi\u00f3 Estiu (RAC1). Desde hace 18 a\u00f1os es cantante del grupo Pastorets Rock y ha participado en numerosas obras de teatro, la \u00faltima de las cuales ha sido &#8220;Delikatessen&#8221;, dirigida por Joan Oll\u00e9. En la actualidad compagina el trabajo en televisi\u00f3n con los conciertos de &#8216;Pastorets Rock&#8217; y el mon\u00f3logo &#8216;Les 7 pomes&#8217;, que se represent\u00f3 en la Bisbal del Pened\u00e8s el pasado Sant Jordi y que tambi\u00e9n han programado municipios como Belltall, Bellvei, Pacs del Pened\u00e8s, Montson\u00eds o la ciudad de Lleida.<\/span><\/p>\n<p style=\"text-align: justify;\"><span style=\"color: #000000;\"><strong>ESTE A\u00d1O TAMBI\u00c9N HABR\u00c1 VASO REUTILIZABLE<\/strong><\/span><\/p>\n<p style=\"text-align: justify;\"><span style=\"color: #000000;\">Este a\u00f1o el Ayuntamiento contin\u00faa apostando por la campa\u00f1a &#8216;Oh my got!&#8217; de las concejal\u00edas de Juventud y Medio Ambiente con el objetivo de promover el uso de un solo vaso reutilizable durante toda la fiesta mayor. Des esta manera se quiere conseguir que la fiesta sea m\u00e1s sostenible, evitando la generaci\u00f3n de residuos innecesarios. El vaso se podr\u00e1 comprar en la barra (servicio de bar) de la fiesta mayor por 1\u20ac.<\/span><\/p>\n<p style=\"text-align: justify;\"><span style=\"color: #000000;\"><a style=\"color: #000000;\" href=\"http:\/\/bisbalpenedes.com\/web\/wp-content\/uploads\/2019\/01\/OHMYGOT1.jpg\"><img loading=\"lazy\" class=\"aligncenter size-medium wp-image-8303\" src=\"http:\/\/bisbalpenedes.com\/web\/wp-content\/uploads\/2019\/01\/OHMYGOT1-225x300.jpg\" alt=\"OHMYGOT1\" width=\"225\" height=\"300\" srcset=\"https:\/\/bisbalpenedes.com\/web\/wp-content\/uploads\/2019\/01\/OHMYGOT1-225x300.jpg 225w, https:\/\/bisbalpenedes.com\/web\/wp-content\/uploads\/2019\/01\/OHMYGOT1-600x800.jpg 600w, https:\/\/bisbalpenedes.com\/web\/wp-content\/uploads\/2019\/01\/OHMYGOT1-768x1024.jpg 768w, https:\/\/bisbalpenedes.com\/web\/wp-content\/uploads\/2019\/01\/OHMYGOT1-scaled.jpg 1920w\" sizes=\"(max-width: 225px) 100vw, 225px\" \/><\/a><\/span><\/p>\n<p style=\"text-align: justify;\"><span style=\"color: #000000;\">PROGRAMA:<\/span><\/p>\n<p style=\"text-align: justify;\"><span style=\"color: #000000;\"><a style=\"color: #000000;\" href=\"http:\/\/bisbalpenedes.com\/web\/wp-content\/uploads\/2019\/08\/PROGRAMA_FM_2019_BISBAL_INT.jpg\"><img loading=\"lazy\" class=\"aligncenter size-full wp-image-10392\" src=\"http:\/\/bisbalpenedes.com\/web\/wp-content\/uploads\/2019\/08\/PROGRAMA_FM_2019_BISBAL_INT.jpg\" alt=\"PROGRAMA_FM_2019_BISBAL_INT\" width=\"2070\" height=\"2894\" \/><\/a><a style=\"color: #000000;\" href=\"http:\/\/bisbalpenedes.com\/web\/wp-content\/uploads\/2019\/08\/PROGRAMA_FM_2019_BISBAL_INT.jpg\"><br \/>\n<\/a><\/span><\/p>\n<p>&nbsp;<\/p>\n","protected":false},"excerpt":{"rendered":"<p>La Bisbal del Pened\u00e8s es prepara per celebrar la seva Festa Major, del 14 al 18 d\u2019agost, que comptar\u00e0 amb una trentena d\u2019activitats tradicionals, populars, culturals, associatives, musicals, esportives i &hellip; <a href=\"https:\/\/bisbalpenedes.com\/web\/2019\/08\/01\/ja-us-podeu-descarregar-el-programa-de-la-festa-major-2019-de-la-bisbal-del-penedes\/\" class=\"more-link\">Read More<\/a><\/p>\n","protected":false},"author":4,"featured_media":10391,"comment_status":"closed","ping_status":"closed","sticky":false,"template":"","format":"standard","meta":[],"categories":[2161],"tags":[377,667,1207,688,3169,698,3166,86,3167,280,367,2178,393,3172,638,3168,3171,690,85,126,2177,3170],"_links":{"self":[{"href":"https:\/\/bisbalpenedes.com\/web\/wp-json\/wp\/v2\/posts\/10389"}],"collection":[{"href":"https:\/\/bisbalpenedes.com\/web\/wp-json\/wp\/v2\/posts"}],"about":[{"href":"https:\/\/bisbalpenedes.com\/web\/wp-json\/wp\/v2\/types\/post"}],"author":[{"embeddable":true,"href":"https:\/\/bisbalpenedes.com\/web\/wp-json\/wp\/v2\/users\/4"}],"replies":[{"embeddable":true,"href":"https:\/\/bisbalpenedes.com\/web\/wp-json\/wp\/v2\/comments?post=10389"}],"version-history":[{"count":4,"href":"https:\/\/bisbalpenedes.com\/web\/wp-json\/wp\/v2\/posts\/10389\/revisions"}],"predecessor-version":[{"id":10397,"href":"https:\/\/bisbalpenedes.com\/web\/wp-json\/wp\/v2\/posts\/10389\/revisions\/10397"}],"wp:featuredmedia":[{"embeddable":true,"href":"https:\/\/bisbalpenedes.com\/web\/wp-json\/wp\/v2\/media\/10391"}],"wp:attachment":[{"href":"https:\/\/bisbalpenedes.com\/web\/wp-json\/wp\/v2\/media?parent=10389"}],"wp:term":[{"taxonomy":"category","embeddable":true,"href":"https:\/\/bisbalpenedes.com\/web\/wp-json\/wp\/v2\/categories?post=10389"},{"taxonomy":"post_tag","embeddable":true,"href":"https:\/\/bisbalpenedes.com\/web\/wp-json\/wp\/v2\/tags?post=10389"}],"curies":[{"name":"wp","href":"https:\/\/api.w.org\/{rel}","templated":true}]}}