{"id":10381,"date":"2019-08-01T11:29:28","date_gmt":"2019-08-01T10:29:28","guid":{"rendered":"http:\/\/bisbalpenedes.com\/web\/?p=10381"},"modified":"2019-08-01T11:34:01","modified_gmt":"2019-08-01T10:34:01","slug":"aquest-dimarts-30-de-juliol-ha-tingut-lloc-la-comissio-especial-de-comptes-de-lexercici-2018","status":"publish","type":"post","link":"https:\/\/bisbalpenedes.com\/web\/2019\/08\/01\/aquest-dimarts-30-de-juliol-ha-tingut-lloc-la-comissio-especial-de-comptes-de-lexercici-2018\/","title":{"rendered":"Aquest dimarts 30 de juliol ha tingut lloc la Comissi\u00f3 Especial de Comptes de l\u2019Exercici 2018"},"content":{"rendered":"<p><a href=\"http:\/\/bisbalpenedes.com\/web\/wp-content\/uploads\/2019\/08\/COMISSIO-DE-COMPTES-20199.jpg\"><img loading=\"lazy\" class=\"aligncenter size-large wp-image-10382\" src=\"http:\/\/bisbalpenedes.com\/web\/wp-content\/uploads\/2019\/08\/COMISSIO-DE-COMPTES-20199-1024x683.jpg\" alt=\"COMISSIO DE COMPTES 20199\" width=\"630\" height=\"420\" srcset=\"https:\/\/bisbalpenedes.com\/web\/wp-content\/uploads\/2019\/08\/COMISSIO-DE-COMPTES-20199-1024x683.jpg 1024w, https:\/\/bisbalpenedes.com\/web\/wp-content\/uploads\/2019\/08\/COMISSIO-DE-COMPTES-20199-600x400.jpg 600w, https:\/\/bisbalpenedes.com\/web\/wp-content\/uploads\/2019\/08\/COMISSIO-DE-COMPTES-20199-300x200.jpg 300w, https:\/\/bisbalpenedes.com\/web\/wp-content\/uploads\/2019\/08\/COMISSIO-DE-COMPTES-20199-768x512.jpg 768w\" sizes=\"(max-width: 630px) 100vw, 630px\" \/><\/a><\/p>\n<p><span style=\"color: #000000;\">Aquest dimarts 30 de juliol, a les 13h, ha tingut lloc la Comissi\u00f3 Especial de Comptes de l\u2019Exercici 2018 amb l\u2019objectiu d\u2019examinar, estudiar i informar del Compte General anual del Pressupost de l\u2019Ajuntament en compliment del que disposa la Llei\u00b9 i el ROM. La Comissi\u00f3, que es convoca amb quinze dies d\u2019antelaci\u00f3 perqu\u00e8 els regidors i les regidores puguin consultar la documentaci\u00f3 de l\u2019expedient, est\u00e0 integrada per un membre de cada grup pol\u00edtic de la Corporaci\u00f3 amb vot ponderat, en aquest cas:<\/span><\/p>\n<p style=\"padding-left: 30px;\"><span style=\"color: #000000;\">-Feliu Gil en representaci\u00f3 de Comprom\u00eds amb la Bisbal (6 vots ponderats)<\/span><\/p>\n<p style=\"padding-left: 30px;\"><span style=\"color: #000000;\">-Daniel Caballero en representaci\u00f3 del PSC (2 vots ponderats)<\/span><\/p>\n<p style=\"padding-left: 30px;\"><span style=\"color: #000000;\">-Xavier Faura en representaci\u00f3 d\u2019Units per la Bisbal-FIC (1 vot ponderat)<\/span><\/p>\n<p style=\"padding-left: 30px;\"><span style=\"color: #000000;\">-Maguy Antol\u00edn en representaci\u00f3 d\u2019Ara la Bisbal (1 vot ponderat)<\/span><\/p>\n<p style=\"padding-left: 30px;\"><span style=\"color: #000000;\">-S\u00edlvia Monfort en representaci\u00f3 d\u2019ERC-AM (1 vot ponderat)<\/span><\/p>\n<p><span style=\"color: #000000;\">De la Comissi\u00f3 tamb\u00e9 en prenen part l\u2019alcaldessa Agn\u00e8s Ferr\u00e9 com a presidenta, la secret\u00e0ria municipal i la tresorera municipal.<\/span><\/p>\n<p><span style=\"color: #000000;\">Val a dir que, aquest dimarts, s\u2019han absentat de la Comissi\u00f3 de Comptes, amb la justificaci\u00f3 corresponent, els regidors Xavier Faura i Maguy Antol\u00edn.<\/span><\/p>\n<p><span style=\"color: #000000;\">La Comissi\u00f3 Especial de Comptes ha aprovat el Compte General de l\u2019exercici 2018 amb 9 vots ponderats a favor: Comprom\u00eds amb la Bisbal (6 vots), PSC (2 vots) i ERC-AM (1 vot). El Compte General de l\u2019exercici 2018 es publicar\u00e0, pr\u00f2ximament, al BOP i al tauler de la seu electr\u00f2nica de l\u2019Ajuntament de la Bisbal del Pened\u00e8s [<a style=\"color: #000000;\" href=\"http:\/\/bisbalpenedes.eadministracio.cat\/\">http:\/\/bisbalpenedes.eadministracio.cat<\/a>] i es podr\u00e0 consultar, en l\u00ednia o de forma presencial, durant un termini de quinze dies h\u00e0bils, a comptar des de l\u2019endem\u00e0 al de la publicaci\u00f3 de l\u2019Edicte, i vuit dies m\u00e9s despr\u00e9s de la publicaci\u00f3 al BOP. Durant el per\u00edode d\u2019exposici\u00f3 p\u00fablica es podran presentar reclamacions, objeccions i observacions i, aquestes, hauran de ser examinades per la Comissi\u00f3, pr\u00e8via pr\u00e0ctica de les comprovacions oportunes, per a l\u2019emissi\u00f3 d\u2019un nou informe que seria elevat, juntament amb les objeccions, reclamacions o objeccions formulades, a votaci\u00f3 plen\u00e0ria.<\/span><\/p>\n<p><span style=\"color: #000000;\">Val a dir que, durant el transcurs de la Comissi\u00f3 Especial de Comptes s\u2019ha comptat amb la pres\u00e8ncia de dos dels bisbalencs que han estat seleccionats per participar en l\u2019Auditoria Ciutadana. Ambd\u00f3s, igual que els altres vuit seleccionats, han tingut acc\u00e9s a documentaci\u00f3 relacionada amb la comptabilitat de l\u2019Ajuntament, com ara factures, aix\u00ed com han rebut un dossier amb el pressupost de l\u2019any 2018 i la Mem\u00f2ria del Model Compte General de l\u2019any 2018.<\/span><\/p>\n<p><span style=\"color: #000000;\">El pressupost de l\u2019any 2018 ascendia a 4.854.927,02\u20ac. A la finalitzaci\u00f3 de l\u2019exercici:<\/span><\/p>\n<p><span style=\"color: #000000;\">\u00a0\u00a0\u00a0\u00a0\u00a0\u00a0\u00a0\u00a0\u00a0\u00a0\u00a0 -Hi va haver un super\u00e0vit pressupostari de 222.904,00\u20ac<\/span><\/p>\n<p><span style=\"color: #000000;\">\u00a0\u00a0\u00a0\u00a0\u00a0\u00a0\u00a0\u00a0\u00a0\u00a0\u00a0 -El coeficient de deute viu va ser del 40,47%<\/span><\/p>\n<p><span style=\"color: #000000;\">\u00a0\u00a0\u00a0\u00a0\u00a0\u00a0\u00a0\u00a0\u00a0\u00a0\u00a0 -El per\u00edode mig de pagament era de 19,17 dies<\/span><\/p>\n<p><span style=\"color: #000000;\">\u00a0\u00a0\u00a0\u00a0\u00a0\u00a0\u00a0\u00a0\u00a0\u00a0\u00a0 -Es complia amb l\u2019objectiu d\u2019estabilitat pressupost\u00e0ria.<\/span><\/p>\n<p><span style=\"color: #000000;\">\u00a0\u00a0\u00a0\u00a0\u00a0\u00a0\u00a0\u00a0\u00a0\u00a0\u00a0 -No es complia amb la regla de la despesa, a causa de l\u2019endarreriment de les obres realitzades per Fecsa-Endesa per incrementar la pot\u00e8ncia el\u00e8ctrica al pol\u00edgon. Aix\u00f2 va fer que la despesa corresponent a les quotes que s\u2019han d\u2019abonar als propietaris no es poguessin restar de la regla de la despesa. Es tracta d\u2019un incompliment puntual per un efecte extern a l\u2019Ajuntament i, tal com indica l\u2019article 21 de la LOEPSF (Llei org\u00e0nica d\u2019estabilitat pressupost\u00e0ria i sostenibilitat financera) en cas d\u2019incompliment d\u2019alguns dels par\u00e0metres citats, cal elaborar un pla econ\u00f2mic \u2013 financer que permeti, en aquest any o l\u2019any vinent, complir tots els objectius. En aquest cas, en tractar-se d\u2019un incompliment puntual, quedar\u00e0 resolt el 2019 i, per tant, ja es compliran tots els requisits i no cal aplicar cap mesura correctora. \u00c9s per aix\u00f2 que el passat 4 de juliol de 2019, al Ple extraordinari, es va aprovar un pla econ\u00f2mic \u2013 financer que especificava que, sense aplicar cap mesura correctora, ja es complirien els requisits d\u2019estabilitat pressupost\u00e0ria per als anys 2019 i 2020.<\/span><\/p>\n<hr \/>\n<p><a href=\"http:\/\/bisbalpenedes.com\/web\/wp-content\/uploads\/2019\/08\/COMISSIO-DE-COMPTES-20199.jpg\"><img loading=\"lazy\" class=\"aligncenter size-large wp-image-10382\" src=\"http:\/\/bisbalpenedes.com\/web\/wp-content\/uploads\/2019\/08\/COMISSIO-DE-COMPTES-20199-1024x683.jpg\" alt=\"COMISSIO DE COMPTES 20199\" width=\"630\" height=\"420\" srcset=\"https:\/\/bisbalpenedes.com\/web\/wp-content\/uploads\/2019\/08\/COMISSIO-DE-COMPTES-20199-1024x683.jpg 1024w, https:\/\/bisbalpenedes.com\/web\/wp-content\/uploads\/2019\/08\/COMISSIO-DE-COMPTES-20199-600x400.jpg 600w, https:\/\/bisbalpenedes.com\/web\/wp-content\/uploads\/2019\/08\/COMISSIO-DE-COMPTES-20199-300x200.jpg 300w, https:\/\/bisbalpenedes.com\/web\/wp-content\/uploads\/2019\/08\/COMISSIO-DE-COMPTES-20199-768x512.jpg 768w\" sizes=\"(max-width: 630px) 100vw, 630px\" \/><\/a><\/p>\n<p><span style=\"color: #000000;\"><strong>CASTELLANO |<\/strong> Este martes 30 de julio, a las 13h, ha tenido lugar la Comisi\u00f3n Especial de Cuentas del Ejercicio 2018 con el objetivo de examinar, estudiar e informar de la cuenta General anual del Presupuesto del Ayuntamiento en cumplimiento de lo que dispone la Ley\u00b9 y el ROM. La Comisi\u00f3n, que se convoca con quince d\u00edas de antelaci\u00f3n para que los concejales y las concejalas puedan consultar la documentaci\u00f3n del expediente, est\u00e1 integrada por un miembro de cada grupo pol\u00edtico de la Corporaci\u00f3n con voto ponderado, en este caso:<\/span><\/p>\n<p><span style=\"color: #000000;\">\u00a0\u00a0\u00a0\u00a0\u00a0\u00a0\u00a0\u00a0\u00a0\u00a0\u00a0 -Feliu Gil en representaci\u00f3n de Comprom\u00eds amb la Bisbal (6 votos ponderados)<\/span><\/p>\n<p><span style=\"color: #000000;\">\u00a0\u00a0\u00a0\u00a0\u00a0\u00a0\u00a0\u00a0\u00a0\u00a0\u00a0 -Daniel Caballero en representaci\u00f3n del PSC (2 votos ponderados)<\/span><\/p>\n<p><span style=\"color: #000000;\">\u00a0\u00a0\u00a0\u00a0\u00a0\u00a0\u00a0\u00a0\u00a0\u00a0\u00a0 -Xavier Faura en representaci\u00f3n de Units per la Bisbal-FIC (1 voto ponderado)<\/span><\/p>\n<p><span style=\"color: #000000;\">\u00a0\u00a0\u00a0\u00a0\u00a0\u00a0\u00a0\u00a0\u00a0\u00a0\u00a0 -Maguy Antol\u00edn en representaci\u00f3n de Ara la Bisbal (1 voto ponderado)<\/span><\/p>\n<p><span style=\"color: #000000;\">\u00a0\u00a0\u00a0\u00a0\u00a0\u00a0\u00a0\u00a0\u00a0\u00a0\u00a0 -Silvia Monfort en representaci\u00f3n de ERC-AM (1 voto ponderado)<\/span><\/p>\n<p><span style=\"color: #000000;\">De la Comisi\u00f3n tambi\u00e9n toman parte la alcaldesa Agn\u00e8s Ferr\u00e9 como presidenta, la secretaria municipal y la tesorera municipal.<\/span><\/p>\n<p><span style=\"color: #000000;\">Cabe decir que, este martes, se han ausentado de la Comisi\u00f3n de Cuentas, con la justificaci\u00f3n correspondiente, los concejales Xavier Faura y Maguy Antol\u00edn.<\/span><\/p>\n<p><span style=\"color: #000000;\">La Comisi\u00f3n Especial de Cuentas ha aprobado la Cuenta General del ejercicio 2018 con 9 votos ponderados a favor: Comprom\u00eds amb la Bisbal (6 votos), PSC (2 votos) y ERC-AM (1 voto). La Cuenta General del ejercicio 2018 se publicar\u00e1, pr\u00f3ximamente, en el BOP y en el tabl\u00f3n de la sede electr\u00f3nica del Ayuntamiento de la Bisbal del Pened\u00e8s [<a style=\"color: #000000;\" href=\"http:\/\/bisbalpenedes.eadministracio.cat\/\">http:\/\/bisbalpenedes.eadministracio.cat<\/a>] y se podr\u00e1 consultar, en l\u00ednea o de forma presencial, durante un plazo de quince d\u00edas h\u00e1biles, a contar desde el d\u00eda siguiente al de la publicaci\u00f3n del Edicto, y ocho d\u00edas m\u00e1s despu\u00e9s de la publicaci\u00f3n en el BOP. Durante el periodo de exposici\u00f3n p\u00fablica se podr\u00e1n presentar reclamaciones, objeciones y observaciones y, estas, deber\u00e1n ser examinadas por la Comisi\u00f3n, previa pr\u00e1ctica de las comprobaciones oportunas, para la emisi\u00f3n de un nuevo informe que ser\u00eda elevado, junto con las objeciones, reclamaciones u objeciones formuladas, a votaci\u00f3n plenaria.<\/span><\/p>\n<p><span style=\"color: #000000;\">Cabe decir que, durante el transcurso de la Comisi\u00f3n Especial de Cuentas se ha contado con la presencia de dos de los bisbalencs que han sido seleccionados para participar en la Auditor\u00eda Ciudadana. Ambos, igual que los otros ocho seleccionados, han tenido acceso a documentaci\u00f3n relacionada con la contabilidad del Ayuntamiento, como por ejemplo facturas, as\u00ed como han recibido un dossier con el presupuesto del a\u00f1o 2018 y la Memoria del Modelo Cuenta General del a\u00f1o 2018.<\/span><\/p>\n<p><span style=\"color: #000000;\">El presupuesto del a\u00f1o 2018 ascend\u00eda a 4.854.927,02\u20ac. A la finalizaci\u00f3n del ejercicio:<\/span><\/p>\n<p><span style=\"color: #000000;\">\u00a0\u00a0\u00a0\u00a0\u00a0\u00a0\u00a0\u00a0\u00a0\u00a0\u00a0 -Hubo un super\u00e1vit presupuestario de 222.904,00\u20ac.<\/span><\/p>\n<p><span style=\"color: #000000;\">\u00a0\u00a0\u00a0\u00a0\u00a0\u00a0\u00a0\u00a0\u00a0\u00a0\u00a0 -El coeficiente de deuda viva fue del 40,47\u20ac.<\/span><\/p>\n<p><span style=\"color: #000000;\">\u00a0\u00a0\u00a0\u00a0\u00a0\u00a0\u00a0\u00a0\u00a0\u00a0\u00a0 -El periodo medio de pago era de 19,17 d\u00edas.<\/span><\/p>\n<p><span style=\"color: #000000;\">\u00a0\u00a0\u00a0\u00a0\u00a0\u00a0\u00a0\u00a0\u00a0\u00a0\u00a0 -Se cumpl\u00eda con el objetivo de estabilidad presupuestaria.<\/span><\/p>\n<p><span style=\"color: #000000;\">\u00a0\u00a0\u00a0\u00a0\u00a0\u00a0\u00a0\u00a0\u00a0\u00a0\u00a0 -No se cumpl\u00eda con la regla del gasto, a causa del atraso de las obras realizadas por Fecsa-Endesa para incrementar la potencia el\u00e9ctrica en el pol\u00edgono. Esto hizo que el gasto correspondiente a las cuotas que se deben abonar a los propietarios no se pudiesen restar de la regla del gasto. Se trata de un incumplimiento puntual por un efecto externo al Ayuntamiento y, tal como indica el art\u00edculo 21 de la LOEPSF (Ley org\u00e1nica de estabilidad presupuestaria y sostenibilidad financiera) en caso de incumplimiento de algunos de los par\u00e1metros citados, hay que elaborar un plan econ\u00f3mico \u2013 financiero que permita, en este a\u00f1o o el a\u00f1o que viene, cumplir todos los objetivos. En este caso, en tratarse de un incumplimiento puntual, quedar\u00e1 resuelto en el 2019 y, por lo tanto, ya se cumplir\u00e1n todos los requisitos y no hay que aplicar ninguna medida correctora. Es por este motivo que el pasado 4 de julio del 2019, en el Pleno extraordinario, se aprob\u00f3 un plan econ\u00f3mico \u2013 financiero que especificaba que, sin aplicar ninguna medida correctora, ya se cumplir\u00edan los requisitos de estabilidad presupuestaria para los a\u00f1os 2019 y 2020.<\/span><\/p>\n<p>&nbsp;<\/p>\n<h6><span style=\"color: #999999;\">\u00b9 Llei 7\/1985, de 2 d\u2019abril, Reguladora de les Bases de R\u00e8gim Local, Text Ref\u00f3s de la Llei Reguladora de les Hisendes Locals aprovat per Reial Decret Legislatiu 2\/2004, de 5 de mar\u00e7 i DL 2\/2003, de 28 d\u2019abril, pel qual s\u2019aprova el Text Ref\u00f3s de la Llei municipal i de r\u00e8gim local de Catalunya.<\/span><\/h6>\n<h6><span style=\"color: #999999;\">Ley 7\/1985, de 2 d\u2019abril, Reguladora de les Bases de R\u00e9gimen Local, Texto Refundido de la Ley Reguladora de las Haciendas Locales aprobado por Real Decreto Legislativo 2\/2004, de 5 de marzo y DL 2\/2003, del 28 de abril, por el cual se aprueba el Texto Refundido de la Ley municipal y de r\u00e9gimen local de Catalunya.<\/span><\/h6>\n","protected":false},"excerpt":{"rendered":"<p>Aquest dimarts 30 de juliol, a les 13h, ha tingut lloc la Comissi\u00f3 Especial de Comptes de l\u2019Exercici 2018 amb l\u2019objectiu d\u2019examinar, estudiar i informar del Compte General anual del &hellip; <a href=\"https:\/\/bisbalpenedes.com\/web\/2019\/08\/01\/aquest-dimarts-30-de-juliol-ha-tingut-lloc-la-comissio-especial-de-comptes-de-lexercici-2018\/\" class=\"more-link\">Read More<\/a><\/p>\n","protected":false},"author":4,"featured_media":10382,"comment_status":"closed","ping_status":"closed","sticky":false,"template":"","format":"standard","meta":[],"categories":[8],"tags":[3164,2077,3165,515,2076],"_links":{"self":[{"href":"https:\/\/bisbalpenedes.com\/web\/wp-json\/wp\/v2\/posts\/10381"}],"collection":[{"href":"https:\/\/bisbalpenedes.com\/web\/wp-json\/wp\/v2\/posts"}],"about":[{"href":"https:\/\/bisbalpenedes.com\/web\/wp-json\/wp\/v2\/types\/post"}],"author":[{"embeddable":true,"href":"https:\/\/bisbalpenedes.com\/web\/wp-json\/wp\/v2\/users\/4"}],"replies":[{"embeddable":true,"href":"https:\/\/bisbalpenedes.com\/web\/wp-json\/wp\/v2\/comments?post=10381"}],"version-history":[{"count":4,"href":"https:\/\/bisbalpenedes.com\/web\/wp-json\/wp\/v2\/posts\/10381\/revisions"}],"predecessor-version":[{"id":10386,"href":"https:\/\/bisbalpenedes.com\/web\/wp-json\/wp\/v2\/posts\/10381\/revisions\/10386"}],"wp:featuredmedia":[{"embeddable":true,"href":"https:\/\/bisbalpenedes.com\/web\/wp-json\/wp\/v2\/media\/10382"}],"wp:attachment":[{"href":"https:\/\/bisbalpenedes.com\/web\/wp-json\/wp\/v2\/media?parent=10381"}],"wp:term":[{"taxonomy":"category","embeddable":true,"href":"https:\/\/bisbalpenedes.com\/web\/wp-json\/wp\/v2\/categories?post=10381"},{"taxonomy":"post_tag","embeddable":true,"href":"https:\/\/bisbalpenedes.com\/web\/wp-json\/wp\/v2\/tags?post=10381"}],"curies":[{"name":"wp","href":"https:\/\/api.w.org\/{rel}","templated":true}]}}