{"id":10378,"date":"2019-08-01T10:42:47","date_gmt":"2019-08-01T09:42:47","guid":{"rendered":"http:\/\/bisbalpenedes.com\/web\/?p=10378"},"modified":"2019-08-01T11:42:16","modified_gmt":"2019-08-01T10:42:16","slug":"el-ball-de-gitanes-el-ball-de-diables-la-colla-bous-i-els-geganters-i-grallers-de-la-societat-faran-un-assaig-obert-aquest-divendres-al-vespre","status":"publish","type":"post","link":"https:\/\/bisbalpenedes.com\/web\/2019\/08\/01\/el-ball-de-gitanes-el-ball-de-diables-la-colla-bous-i-els-geganters-i-grallers-de-la-societat-faran-un-assaig-obert-aquest-divendres-al-vespre\/","title":{"rendered":"El Ball de Gitanes, el Ball de Diables, la colla Bous i els Geganters i Grallers de la Societat faran un assaig obert aquest divendres al vespre"},"content":{"rendered":"<p><a href=\"http:\/\/bisbalpenedes.com\/web\/wp-content\/uploads\/2019\/08\/les-entitats-escalfen-motors-divendres-3-dagost_opt-1.png\"><img loading=\"lazy\" class=\"aligncenter size-full wp-image-10387\" src=\"http:\/\/bisbalpenedes.com\/web\/wp-content\/uploads\/2019\/08\/les-entitats-escalfen-motors-divendres-3-dagost_opt-1.png\" alt=\"les entitats escalfen motors divendres 3 d'agost_opt\" width=\"400\" height=\"400\" srcset=\"https:\/\/bisbalpenedes.com\/web\/wp-content\/uploads\/2019\/08\/les-entitats-escalfen-motors-divendres-3-dagost_opt-1.png 400w, https:\/\/bisbalpenedes.com\/web\/wp-content\/uploads\/2019\/08\/les-entitats-escalfen-motors-divendres-3-dagost_opt-1-300x300.png 300w, https:\/\/bisbalpenedes.com\/web\/wp-content\/uploads\/2019\/08\/les-entitats-escalfen-motors-divendres-3-dagost_opt-1-100x100.png 100w, https:\/\/bisbalpenedes.com\/web\/wp-content\/uploads\/2019\/08\/les-entitats-escalfen-motors-divendres-3-dagost_opt-1-150x150.png 150w\" sizes=\"(max-width: 400px) 100vw, 400px\" \/><\/a><a href=\"http:\/\/bisbalpenedes.com\/web\/wp-content\/uploads\/2019\/08\/les-entitats-escalfen-motors-divendres-3-dagost_opt.png\"><br \/>\n<\/a><\/p>\n<p><span style=\"color: #000000;\">El Ball de Gitanes de la Bisbal, el Ball de Diables de la Bisbal,\u00a0els Bous i els Geganters i Grallers de la Societat faran un assaig obert, aquest divendres al vespre, en el marc dels preparatius de la Festa Major 2019. Les quatre entitats, que promouen la cultura popular i la tradici\u00f3 durant tot l&#8217;any, se citaran aquest divendres a les 20:30h a la Riba per iniciar un recorregut que sortir\u00e0 del carrer Santa Cristina i passar\u00e0 pel carrer Jacint Verdaguer, el carrer Major, la pla\u00e7a de Catalunya, el carrer de la Llibertat, la pla\u00e7a de Sant Jordi i, de nou, el carrer Major, fins a les portes de l&#8217;Ajuntament de la Bisbal del Pened\u00e8s.<\/span><\/p>\n<p><span style=\"color: #000000;\">Tothom qui ho vulgui podr\u00e0 gaudir d&#8217;aquest assaig obert aquest divendres 2 d&#8217;agost, a partir de les 20.30h.<\/span><\/p>\n<hr \/>\n<p><span style=\"color: #000000;\"><strong>CASTELLANO |<\/strong> El Ball de Gitanes de la Bisbal, el Ball de Diables de la Bisbal, los Bous y los Geganters i Grallers de la Societat har\u00e1n un ensayo abierto, este viernes al anochecer, en el marco de los preparativos de la Fiesta Mayor 2019. Las cuatro entidades, que promueven la cultura popular y la tradici\u00f3n durante todo el a\u00f1o, se citar\u00e1n este viernes a las 20:30h en la Riba para iniciar un recorrido que saldr\u00e1 de la calle Santa Cristina y que pasar\u00e1 por la calle Jacint Verdaguer, el <em>carrer<\/em> Major, la plaza de Catalunya, la calle de la Llibertat, la pla\u00e7a de Sant Jordi y, de nuevo, el <em>carrer<\/em> Major, hasta las puertas del Ayuntamiento de la Bisbal del Pened\u00e8s.<\/span><\/p>\n<p><span style=\"color: #000000;\">Todo aquel que quiera\u00a0podr\u00e1 disfrutar de este ensayo abierto este viernes 2 de agosto, a partir de las 20.30h.<\/span><\/p>\n","protected":false},"excerpt":{"rendered":"<p>El Ball de Gitanes de la Bisbal, el Ball de Diables de la Bisbal,\u00a0els Bous i els Geganters i Grallers de la Societat faran un assaig obert, aquest divendres al &hellip; <a href=\"https:\/\/bisbalpenedes.com\/web\/2019\/08\/01\/el-ball-de-gitanes-el-ball-de-diables-la-colla-bous-i-els-geganters-i-grallers-de-la-societat-faran-un-assaig-obert-aquest-divendres-al-vespre\/\" class=\"more-link\">Read More<\/a><\/p>\n","protected":false},"author":4,"featured_media":10387,"comment_status":"closed","ping_status":"closed","sticky":false,"template":"","format":"standard","meta":[],"categories":[20,2161],"tags":[3163,351,280,2535],"_links":{"self":[{"href":"https:\/\/bisbalpenedes.com\/web\/wp-json\/wp\/v2\/posts\/10378"}],"collection":[{"href":"https:\/\/bisbalpenedes.com\/web\/wp-json\/wp\/v2\/posts"}],"about":[{"href":"https:\/\/bisbalpenedes.com\/web\/wp-json\/wp\/v2\/types\/post"}],"author":[{"embeddable":true,"href":"https:\/\/bisbalpenedes.com\/web\/wp-json\/wp\/v2\/users\/4"}],"replies":[{"embeddable":true,"href":"https:\/\/bisbalpenedes.com\/web\/wp-json\/wp\/v2\/comments?post=10378"}],"version-history":[{"count":2,"href":"https:\/\/bisbalpenedes.com\/web\/wp-json\/wp\/v2\/posts\/10378\/revisions"}],"predecessor-version":[{"id":10388,"href":"https:\/\/bisbalpenedes.com\/web\/wp-json\/wp\/v2\/posts\/10378\/revisions\/10388"}],"wp:featuredmedia":[{"embeddable":true,"href":"https:\/\/bisbalpenedes.com\/web\/wp-json\/wp\/v2\/media\/10387"}],"wp:attachment":[{"href":"https:\/\/bisbalpenedes.com\/web\/wp-json\/wp\/v2\/media?parent=10378"}],"wp:term":[{"taxonomy":"category","embeddable":true,"href":"https:\/\/bisbalpenedes.com\/web\/wp-json\/wp\/v2\/categories?post=10378"},{"taxonomy":"post_tag","embeddable":true,"href":"https:\/\/bisbalpenedes.com\/web\/wp-json\/wp\/v2\/tags?post=10378"}],"curies":[{"name":"wp","href":"https:\/\/api.w.org\/{rel}","templated":true}]}}