{"id":10370,"date":"2019-07-31T10:34:57","date_gmt":"2019-07-31T09:34:57","guid":{"rendered":"http:\/\/bisbalpenedes.com\/web\/?p=10370"},"modified":"2019-07-31T10:34:57","modified_gmt":"2019-07-31T09:34:57","slug":"les-inscripcions-per-a-la-gimkana-esventada-es-podran-fer-el-dimarts-13-dagost-a-les-18h-al-cmc","status":"publish","type":"post","link":"https:\/\/bisbalpenedes.com\/web\/2019\/07\/31\/les-inscripcions-per-a-la-gimkana-esventada-es-podran-fer-el-dimarts-13-dagost-a-les-18h-al-cmc\/","title":{"rendered":"Les inscripcions per a la Gimkana Esventada es podran fer el dimarts 13 d&#8217;agost a les 18h al CMC"},"content":{"rendered":"<p><a href=\"http:\/\/bisbalpenedes.com\/web\/wp-content\/uploads\/2019\/07\/gimkana-esventada-2019.jpg\"><img loading=\"lazy\" class=\"aligncenter size-full wp-image-10371\" src=\"http:\/\/bisbalpenedes.com\/web\/wp-content\/uploads\/2019\/07\/gimkana-esventada-2019.jpg\" alt=\"gimkana esventada 2019\" width=\"960\" height=\"960\" srcset=\"https:\/\/bisbalpenedes.com\/web\/wp-content\/uploads\/2019\/07\/gimkana-esventada-2019.jpg 960w, https:\/\/bisbalpenedes.com\/web\/wp-content\/uploads\/2019\/07\/gimkana-esventada-2019-300x300.jpg 300w, https:\/\/bisbalpenedes.com\/web\/wp-content\/uploads\/2019\/07\/gimkana-esventada-2019-100x100.jpg 100w, https:\/\/bisbalpenedes.com\/web\/wp-content\/uploads\/2019\/07\/gimkana-esventada-2019-600x600.jpg 600w, https:\/\/bisbalpenedes.com\/web\/wp-content\/uploads\/2019\/07\/gimkana-esventada-2019-150x150.jpg 150w, https:\/\/bisbalpenedes.com\/web\/wp-content\/uploads\/2019\/07\/gimkana-esventada-2019-768x768.jpg 768w\" sizes=\"(max-width: 960px) 100vw, 960px\" \/><\/a><\/p>\n<p style=\"text-align: justify;\"><span style=\"color: #000000;\">Els Esventats organitzen, un any m\u00e9s, la Gimkana Esventada de la Festa Major, que tindr\u00e0 lloc el diumenge 18 d&#8217;agost. Les inscripcions es podran fer el dimarts 13 d&#8217;agost, a les 18h, al CMC. Les places s\u00f3n limitades i els grups hauran de ser d&#8217;entre 8 i 10 persones. Per a m\u00e9s informaci\u00f3 us podeu adre\u00e7ar al perfil de Facebook de l&#8217;entitat:<\/span>\u00a0<a href=\"https:\/\/www.facebook.com\/esventats.bisbal\" target=\"_blank\">https:\/\/www.facebook.com\/esventats.bisbal<\/a><\/p>\n<hr \/>\n<p style=\"text-align: justify;\"><span style=\"color: #000000;\"><strong>CASTELLANO |<\/strong> Els Esventats organizan, un a\u00f1o m\u00e1s, la Gimkana Esventada de la Fiesta Mayor, que tendr\u00e1 lugar el domingo 18 de agosto. Las inscripciones se podr\u00e1n hacer el martes 13 de agosto, a las 18h, en el CMC. Las plazas son limitadas y los grupos deber\u00e1n ser de entre 8 y 10 personas. Para m\u00e1s informaci\u00f3n os pod\u00e9is dirigir al perfil de Facebook de la entidad:<\/span>\u00a0<a href=\"https:\/\/www.facebook.com\/esventats.bisbal\" target=\"_blank\">https:\/\/www.facebook.com\/esventats.bisbal<\/a><\/p>\n","protected":false},"excerpt":{"rendered":"<p>Els Esventats organitzen, un any m\u00e9s, la Gimkana Esventada de la Festa Major, que tindr\u00e0 lloc el diumenge 18 d&#8217;agost. Les inscripcions es podran fer el dimarts 13 d&#8217;agost, a &hellip; <a href=\"https:\/\/bisbalpenedes.com\/web\/2019\/07\/31\/les-inscripcions-per-a-la-gimkana-esventada-es-podran-fer-el-dimarts-13-dagost-a-les-18h-al-cmc\/\" class=\"more-link\">Read More<\/a><\/p>\n","protected":false},"author":4,"featured_media":10372,"comment_status":"closed","ping_status":"closed","sticky":false,"template":"","format":"standard","meta":[],"categories":[20,2161],"tags":[2179,2783,2178,273],"_links":{"self":[{"href":"https:\/\/bisbalpenedes.com\/web\/wp-json\/wp\/v2\/posts\/10370"}],"collection":[{"href":"https:\/\/bisbalpenedes.com\/web\/wp-json\/wp\/v2\/posts"}],"about":[{"href":"https:\/\/bisbalpenedes.com\/web\/wp-json\/wp\/v2\/types\/post"}],"author":[{"embeddable":true,"href":"https:\/\/bisbalpenedes.com\/web\/wp-json\/wp\/v2\/users\/4"}],"replies":[{"embeddable":true,"href":"https:\/\/bisbalpenedes.com\/web\/wp-json\/wp\/v2\/comments?post=10370"}],"version-history":[{"count":1,"href":"https:\/\/bisbalpenedes.com\/web\/wp-json\/wp\/v2\/posts\/10370\/revisions"}],"predecessor-version":[{"id":10373,"href":"https:\/\/bisbalpenedes.com\/web\/wp-json\/wp\/v2\/posts\/10370\/revisions\/10373"}],"wp:featuredmedia":[{"embeddable":true,"href":"https:\/\/bisbalpenedes.com\/web\/wp-json\/wp\/v2\/media\/10372"}],"wp:attachment":[{"href":"https:\/\/bisbalpenedes.com\/web\/wp-json\/wp\/v2\/media?parent=10370"}],"wp:term":[{"taxonomy":"category","embeddable":true,"href":"https:\/\/bisbalpenedes.com\/web\/wp-json\/wp\/v2\/categories?post=10370"},{"taxonomy":"post_tag","embeddable":true,"href":"https:\/\/bisbalpenedes.com\/web\/wp-json\/wp\/v2\/tags?post=10370"}],"curies":[{"name":"wp","href":"https:\/\/api.w.org\/{rel}","templated":true}]}}