{"id":10362,"date":"2019-07-30T10:44:28","date_gmt":"2019-07-30T09:44:28","guid":{"rendered":"http:\/\/bisbalpenedes.com\/web\/?p=10362"},"modified":"2019-07-30T10:49:48","modified_gmt":"2019-07-30T09:49:48","slug":"el-dissabte-17-dagost-tindra-lloc-el-sopar-popular-de-festa-major-del-ball-de-diables-de-la-bisbal","status":"publish","type":"post","link":"https:\/\/bisbalpenedes.com\/web\/2019\/07\/30\/el-dissabte-17-dagost-tindra-lloc-el-sopar-popular-de-festa-major-del-ball-de-diables-de-la-bisbal\/","title":{"rendered":"El dissabte 17 d&#8217;agost tindr\u00e0 lloc el sopar popular de Festa Major que organitza el Ball de Diables de la Bisbal"},"content":{"rendered":"<p><span style=\"color: #000000;\">El Ball de Diables de la Bisbal del Pened\u00e8s organitza, un any m\u00e9s, el sopar popular de Festa Major. Tindr\u00e0 lloc el dissabte 17 d&#8217;agost, a les 21h, a la pla\u00e7a Pau Casals (la pista).\u00a0<\/span><\/p>\n<p><span style=\"color: #000000;\">Per reservar taula cal que us adreceu al local del Ball de Diables els dies (c\/ Jacint Verdaguer, 3; al davant de l&#8217;Ajuntament):<\/span><\/p>\n<ul>\n<li style=\"padding-left: 30px;\"><span style=\"color: #000000;\">13 d&#8217;agost: de 19h a 21h<\/span><\/li>\n<li style=\"padding-left: 30px;\"><span style=\"color: #000000;\">16 d&#8217;agost: de 16h a 18h<\/span><\/li>\n<\/ul>\n<p><span style=\"color: #000000;\">Els punts de venda dels tiquets s\u00f3n: l&#8217;Estanc, el Supermercat Jaume, el Forn de pa les Escales, Cal Pere Busquet, la FRuiteria Montserrat i la Fruiteria Sol\u00e9.<\/span><\/p>\n<p><span style=\"color: #000000;\">Trobareu m\u00e9s informaci\u00f3 al cartell adjunt.<\/span><\/p>\n<hr \/>\n<p><span style=\"color: #000000;\"><strong>CASTELLANO |<\/strong> El Ball de Diables de la Bisbal del Pened\u00e8s organiza, un a\u00f1o m\u00e1s, la cena popular de Fiesta Mayor. Tendr\u00e1 lugar el s\u00e1bado 17 de agosto, a las 21h, en la pla\u00e7a Pau Casals (la pista).<\/span><\/p>\n<p><span style=\"color: #000000;\">Para reservar mesa, dirig\u00edos al local del Ball de Diables (c\/Jacint Verdaguer, 3; delante del Ayuntamiento):<\/span><\/p>\n<ul>\n<li style=\"padding-left: 30px;\"><span style=\"color: #000000;\">13 de agosto: de 19h a 21h<\/span><\/li>\n<li style=\"padding-left: 30px;\"><span style=\"color: #000000;\">16 de agosto: de 16h a 18h<\/span><\/li>\n<\/ul>\n<p><span style=\"color: #000000;\">Los puntos de venta de los tiques son: el Estanco, el Supermercat Jaume, el Forn de pa les Escales, Cal Pere Busquet, la Fruiteria Montserrat y la Fruiteria Sol\u00e9.<\/span><\/p>\n<p><span style=\"color: #000000;\">Encontrar\u00e9is m\u00e1s informaci\u00f3n en el cartel adjunto.<\/span><\/p>\n<p><a href=\"http:\/\/bisbalpenedes.com\/web\/wp-content\/uploads\/2019\/07\/SOPAR-POPULAR-DIABLES-2019-CARTELL.jpg\"><img loading=\"lazy\" class=\"aligncenter size-large wp-image-10363\" src=\"http:\/\/bisbalpenedes.com\/web\/wp-content\/uploads\/2019\/07\/SOPAR-POPULAR-DIABLES-2019-CARTELL-719x1024.jpg\" alt=\"SOPAR POPULAR DIABLES 2019 CARTELL\" width=\"630\" height=\"897\" srcset=\"https:\/\/bisbalpenedes.com\/web\/wp-content\/uploads\/2019\/07\/SOPAR-POPULAR-DIABLES-2019-CARTELL-719x1024.jpg 719w, https:\/\/bisbalpenedes.com\/web\/wp-content\/uploads\/2019\/07\/SOPAR-POPULAR-DIABLES-2019-CARTELL-600x855.jpg 600w, https:\/\/bisbalpenedes.com\/web\/wp-content\/uploads\/2019\/07\/SOPAR-POPULAR-DIABLES-2019-CARTELL-211x300.jpg 211w, https:\/\/bisbalpenedes.com\/web\/wp-content\/uploads\/2019\/07\/SOPAR-POPULAR-DIABLES-2019-CARTELL-768x1094.jpg 768w, https:\/\/bisbalpenedes.com\/web\/wp-content\/uploads\/2019\/07\/SOPAR-POPULAR-DIABLES-2019-CARTELL.jpg 1030w\" sizes=\"(max-width: 630px) 100vw, 630px\" \/><\/a><\/p>\n<p>&nbsp;<\/p>\n","protected":false},"excerpt":{"rendered":"<p>El Ball de Diables de la Bisbal del Pened\u00e8s organitza, un any m\u00e9s, el sopar popular de Festa Major. Tindr\u00e0 lloc el dissabte 17 d&#8217;agost, a les 21h, a la &hellip; <a href=\"https:\/\/bisbalpenedes.com\/web\/2019\/07\/30\/el-dissabte-17-dagost-tindra-lloc-el-sopar-popular-de-festa-major-del-ball-de-diables-de-la-bisbal\/\" class=\"more-link\">Read More<\/a><\/p>\n","protected":false},"author":4,"featured_media":10365,"comment_status":"closed","ping_status":"closed","sticky":false,"template":"","format":"standard","meta":[],"categories":[20,2161],"tags":[3162,280,2239],"_links":{"self":[{"href":"https:\/\/bisbalpenedes.com\/web\/wp-json\/wp\/v2\/posts\/10362"}],"collection":[{"href":"https:\/\/bisbalpenedes.com\/web\/wp-json\/wp\/v2\/posts"}],"about":[{"href":"https:\/\/bisbalpenedes.com\/web\/wp-json\/wp\/v2\/types\/post"}],"author":[{"embeddable":true,"href":"https:\/\/bisbalpenedes.com\/web\/wp-json\/wp\/v2\/users\/4"}],"replies":[{"embeddable":true,"href":"https:\/\/bisbalpenedes.com\/web\/wp-json\/wp\/v2\/comments?post=10362"}],"version-history":[{"count":2,"href":"https:\/\/bisbalpenedes.com\/web\/wp-json\/wp\/v2\/posts\/10362\/revisions"}],"predecessor-version":[{"id":10366,"href":"https:\/\/bisbalpenedes.com\/web\/wp-json\/wp\/v2\/posts\/10362\/revisions\/10366"}],"wp:featuredmedia":[{"embeddable":true,"href":"https:\/\/bisbalpenedes.com\/web\/wp-json\/wp\/v2\/media\/10365"}],"wp:attachment":[{"href":"https:\/\/bisbalpenedes.com\/web\/wp-json\/wp\/v2\/media?parent=10362"}],"wp:term":[{"taxonomy":"category","embeddable":true,"href":"https:\/\/bisbalpenedes.com\/web\/wp-json\/wp\/v2\/categories?post=10362"},{"taxonomy":"post_tag","embeddable":true,"href":"https:\/\/bisbalpenedes.com\/web\/wp-json\/wp\/v2\/tags?post=10362"}],"curies":[{"name":"wp","href":"https:\/\/api.w.org\/{rel}","templated":true}]}}