{"id":10360,"date":"2019-07-30T10:35:23","date_gmt":"2019-07-30T09:35:23","guid":{"rendered":"http:\/\/bisbalpenedes.com\/web\/?p=10360"},"modified":"2019-07-30T10:35:23","modified_gmt":"2019-07-30T09:35:23","slug":"la-propera-recollida-de-trastos-i-voluminosos-tindra-lloc-el-dilluns-5-dagost","status":"publish","type":"post","link":"https:\/\/bisbalpenedes.com\/web\/2019\/07\/30\/la-propera-recollida-de-trastos-i-voluminosos-tindra-lloc-el-dilluns-5-dagost\/","title":{"rendered":"La propera recollida de trastos i voluminosos tindr\u00e0 lloc el dilluns 5 d&#8217;agost"},"content":{"rendered":"<div class=\"\" data-block=\"true\" data-editor=\"2foan\" data-offset-key=\"46s08-0-0\">\n<div class=\"_1mf _1mj\" data-offset-key=\"46s08-0-0\"><span style=\"color: #000000;\">Si teniu trastos vells o voluminosos per llen\u00e7ar i no us podeu despla\u00e7ar al Punt Verd, poseu-vos en contacte, durant el dia d&#8217;avui, amb l&#8217;Ajuntament perqu\u00e8 us els vinguin a recollir el dilluns 5 d&#8217;agost.<\/span><\/div>\n<\/div>\n<div class=\"\" data-block=\"true\" data-editor=\"2foan\" data-offset-key=\"5rldj-0-0\">\n<div class=\"_1mf _1mj\" data-offset-key=\"5rldj-0-0\"><span style=\"color: #000000;\">Podeu consultar els horaris de l&#8217;Ajuntament en aquest enlla\u00e7:\u00a0<\/span><a href=\"http:\/\/bisbalpenedes.com\/web\/horaris-datencio-a-la-ciutadania\/\" target=\"_blank\">http:\/\/bisbalpenedes.com\/web\/horaris-datencio-a-la-ciutadania\/<\/a><\/div>\n<\/div>\n<div class=\"\" data-block=\"true\" data-editor=\"2foan\" data-offset-key=\"4qlcq-0-0\">\n<div class=\"_1mf _1mj\" data-offset-key=\"4qlcq-0-0\">\n<hr \/>\n<\/div>\n<\/div>\n<div class=\"\" data-block=\"true\" data-editor=\"2foan\" data-offset-key=\"sbjl-0-0\">\n<div class=\"_1mf _1mj\" data-offset-key=\"sbjl-0-0\"><span style=\"color: #000000;\"><b>CASTELLANO |\u00a0<\/b>Si ten\u00e9is trastos viejos o voluminosos para tirar y no os pod\u00e9is desplazar al Punt Verd, poneos en contacto, durante el d\u00eda de hoy, con el Ayuntamiento para que os los vengan a recoger el lunes 5 de agosto.<\/span><\/div>\n<\/div>\n<div class=\"\" data-block=\"true\" data-editor=\"2foan\" data-offset-key=\"amhf5-0-0\">\n<div class=\"_1mf _1mj\" data-offset-key=\"amhf5-0-0\"><span style=\"color: #000000;\">Pod\u00e9is consultar los horarios del Ayuntamiento en este enlace:<\/span>\u00a0<a href=\"http:\/\/bisbalpenedes.com\/web\/horaris-datencio-a-la-ciutadania\/\" target=\"_blank\">http:\/\/bisbalpenedes.com\/web\/horaris-datencio-a-la-ciutadania\/<\/a><\/div>\n<div class=\"_1mf _1mj\" data-offset-key=\"amhf5-0-0\"><\/div>\n<div class=\"_1mf _1mj\" data-offset-key=\"amhf5-0-0\"><a href=\"http:\/\/bisbalpenedes.com\/web\/wp-content\/uploads\/2018\/01\/Trastos-Vells-Recollida.jpg\"><img loading=\"lazy\" class=\"aligncenter size-large wp-image-4417\" src=\"http:\/\/bisbalpenedes.com\/web\/wp-content\/uploads\/2018\/01\/Trastos-Vells-Recollida-498x1024.jpg\" alt=\"Trastos-Vells-Recollida\" width=\"498\" height=\"1024\" srcset=\"https:\/\/bisbalpenedes.com\/web\/wp-content\/uploads\/2018\/01\/Trastos-Vells-Recollida-498x1024.jpg 498w, https:\/\/bisbalpenedes.com\/web\/wp-content\/uploads\/2018\/01\/Trastos-Vells-Recollida-600x1234.jpg 600w, https:\/\/bisbalpenedes.com\/web\/wp-content\/uploads\/2018\/01\/Trastos-Vells-Recollida-146x300.jpg 146w, https:\/\/bisbalpenedes.com\/web\/wp-content\/uploads\/2018\/01\/Trastos-Vells-Recollida-768x1580.jpg 768w, https:\/\/bisbalpenedes.com\/web\/wp-content\/uploads\/2018\/01\/Trastos-Vells-Recollida.jpg 1240w\" sizes=\"(max-width: 498px) 100vw, 498px\" \/><\/a><\/div>\n<\/div>\n","protected":false},"excerpt":{"rendered":"<p>Si teniu trastos vells o voluminosos per llen\u00e7ar i no us podeu despla\u00e7ar al Punt Verd, poseu-vos en contacte, durant el dia d&#8217;avui, amb l&#8217;Ajuntament perqu\u00e8 us els vinguin a &hellip; <a href=\"https:\/\/bisbalpenedes.com\/web\/2019\/07\/30\/la-propera-recollida-de-trastos-i-voluminosos-tindra-lloc-el-dilluns-5-dagost\/\" class=\"more-link\">Read More<\/a><\/p>\n","protected":false},"author":4,"featured_media":4417,"comment_status":"closed","ping_status":"closed","sticky":false,"template":"","format":"standard","meta":[],"categories":[32],"tags":[3161,629,3052,92,207,1729,1883,1183],"_links":{"self":[{"href":"https:\/\/bisbalpenedes.com\/web\/wp-json\/wp\/v2\/posts\/10360"}],"collection":[{"href":"https:\/\/bisbalpenedes.com\/web\/wp-json\/wp\/v2\/posts"}],"about":[{"href":"https:\/\/bisbalpenedes.com\/web\/wp-json\/wp\/v2\/types\/post"}],"author":[{"embeddable":true,"href":"https:\/\/bisbalpenedes.com\/web\/wp-json\/wp\/v2\/users\/4"}],"replies":[{"embeddable":true,"href":"https:\/\/bisbalpenedes.com\/web\/wp-json\/wp\/v2\/comments?post=10360"}],"version-history":[{"count":1,"href":"https:\/\/bisbalpenedes.com\/web\/wp-json\/wp\/v2\/posts\/10360\/revisions"}],"predecessor-version":[{"id":10361,"href":"https:\/\/bisbalpenedes.com\/web\/wp-json\/wp\/v2\/posts\/10360\/revisions\/10361"}],"wp:featuredmedia":[{"embeddable":true,"href":"https:\/\/bisbalpenedes.com\/web\/wp-json\/wp\/v2\/media\/4417"}],"wp:attachment":[{"href":"https:\/\/bisbalpenedes.com\/web\/wp-json\/wp\/v2\/media?parent=10360"}],"wp:term":[{"taxonomy":"category","embeddable":true,"href":"https:\/\/bisbalpenedes.com\/web\/wp-json\/wp\/v2\/categories?post=10360"},{"taxonomy":"post_tag","embeddable":true,"href":"https:\/\/bisbalpenedes.com\/web\/wp-json\/wp\/v2\/tags?post=10360"}],"curies":[{"name":"wp","href":"https:\/\/api.w.org\/{rel}","templated":true}]}}