{"id":10353,"date":"2019-07-25T14:18:19","date_gmt":"2019-07-25T13:18:19","guid":{"rendered":"http:\/\/bisbalpenedes.com\/web\/?p=10353"},"modified":"2019-07-25T14:21:55","modified_gmt":"2019-07-25T13:21:55","slug":"34-persones-han-donat-sang-aquest-dimarts-23-de-juliol-a-la-bisbal-del-penedes","status":"publish","type":"post","link":"https:\/\/bisbalpenedes.com\/web\/2019\/07\/25\/34-persones-han-donat-sang-aquest-dimarts-23-de-juliol-a-la-bisbal-del-penedes\/","title":{"rendered":"34 persones han donat sang aquest dimarts 23 de juliol a la Bisbal del Pened\u00e8s"},"content":{"rendered":"<p><span style=\"color: #000000;\">Un total de 39 persones es van oferir dimarts per donar sang a la Bisbal del Pened\u00e8s. D&#8217;aquestes, 34 en van poder donar. Des de la Regidoria de Sanitat us agra\u00efm el gest. Gr\u00e0cies a accions com la vostra, <a style=\"color: #000000;\" href=\"http:\/\/www.donasang.org\/per-que-donar\/\" target=\"_blank\">es poden salvar moltes vides.<\/a><\/span><\/p>\n<p><span style=\"color: #000000;\">Si no vau poder donar sang per\u00f2\u00a0us agradaria poder-ne\u00a0donar, podeu consultar els punts de donaci\u00f3 en aquest enlla\u00e7:\u00a0<a style=\"color: #000000;\" href=\"https:\/\/www.donarsang.gencat.cat\/ca\/vull-donar\/\" target=\"_blank\">https:\/\/www.donarsang.gencat.cat\/ca\/vull-donar\/<\/a>\u00a0\u00a0<\/span><\/p>\n<p><span style=\"color: #000000;\">Al Vendrell, per exemple, es pot donar sang\u00a0l&#8217;\u00faltim dilluns de cada mes a l&#8217;Hospital Comarcal.<\/span><\/p>\n<p><span style=\"color: #000000;\">A la p\u00e0gina del <a style=\"color: #000000;\" href=\"https:\/\/www.donarsang.gencat.cat\/ca\/\" target=\"_blank\">Banc de Sang<\/a> podreu trobar l&#8217;estat de les reserves actualitzat. Aquest \u00e9s el d&#8217;avui dijous 25 de juliol:<\/span><\/p>\n<p><a href=\"http:\/\/bisbalpenedes.com\/web\/wp-content\/uploads\/2019\/07\/ESTAT-RESERVES-BANC-DE-SANG-190725.png\"><img loading=\"lazy\" class=\"aligncenter size-full wp-image-10354\" src=\"http:\/\/bisbalpenedes.com\/web\/wp-content\/uploads\/2019\/07\/ESTAT-RESERVES-BANC-DE-SANG-190725.png\" alt=\"ESTAT RESERVES BANC DE SANG 190725\" width=\"961\" height=\"463\" srcset=\"https:\/\/bisbalpenedes.com\/web\/wp-content\/uploads\/2019\/07\/ESTAT-RESERVES-BANC-DE-SANG-190725.png 961w, https:\/\/bisbalpenedes.com\/web\/wp-content\/uploads\/2019\/07\/ESTAT-RESERVES-BANC-DE-SANG-190725-600x289.png 600w, https:\/\/bisbalpenedes.com\/web\/wp-content\/uploads\/2019\/07\/ESTAT-RESERVES-BANC-DE-SANG-190725-300x145.png 300w, https:\/\/bisbalpenedes.com\/web\/wp-content\/uploads\/2019\/07\/ESTAT-RESERVES-BANC-DE-SANG-190725-768x370.png 768w\" sizes=\"(max-width: 961px) 100vw, 961px\" \/><\/a><\/p>\n<hr \/>\n<p><span style=\"color: #000000;\"><strong>CASTELLANO |<\/strong> Un total de 39 personas se ofrecieron el martes para dar sangre en la Bisbal del Pened\u00e8s. De estas, 34 pudieron donar. Desde la Concejal\u00eda de Sanidad os agradecemos el gesto. Gracias a acciones como la vuestra, <a style=\"color: #000000;\" href=\"http:\/\/www.donasang.org\/per-que-donar\/\" target=\"_blank\">se pueden salvar muchas vidas.<\/a><\/span><\/p>\n<p><span style=\"color: #000000;\">Si no pudisteis donar sangre el martes pero os gustar\u00eda poder donar, pod\u00e9is consultar los puntos de donaci\u00f3n en este enlace:\u00a0<a style=\"color: #000000;\" href=\"https:\/\/www.donarsang.gencat.cat\/ca\/vull-donar\/\" target=\"_blank\">https:\/\/www.donarsang.gencat.cat\/ca\/vull-donar\/<\/a>\u00a0\u00a0<\/span><\/p>\n<p><span style=\"color: #000000;\">En el Vendrell, por ejemplo, se puede donar sangre el \u00faltimo lunes de cada mes en el Hospital Comarcal.<\/span><\/p>\n<p><span style=\"color: #000000;\">En la p\u00e1gina del\u00a0<a style=\"color: #000000;\" href=\"https:\/\/www.donarsang.gencat.cat\/ca\/\" target=\"_blank\">Banc de Sang<\/a>\u00a0podr\u00e9is encontrar el estado de las reservas actualizado. Este es el de hoy jueves 25 de julio:\u00a0<\/span><\/p>\n<p><a href=\"http:\/\/bisbalpenedes.com\/web\/wp-content\/uploads\/2019\/07\/ESTAT-RESERVES-BANC-DE-SANG-190725.png\"><img loading=\"lazy\" class=\"aligncenter size-full wp-image-10354\" src=\"http:\/\/bisbalpenedes.com\/web\/wp-content\/uploads\/2019\/07\/ESTAT-RESERVES-BANC-DE-SANG-190725.png\" alt=\"ESTAT RESERVES BANC DE SANG 190725\" width=\"961\" height=\"463\" srcset=\"https:\/\/bisbalpenedes.com\/web\/wp-content\/uploads\/2019\/07\/ESTAT-RESERVES-BANC-DE-SANG-190725.png 961w, https:\/\/bisbalpenedes.com\/web\/wp-content\/uploads\/2019\/07\/ESTAT-RESERVES-BANC-DE-SANG-190725-600x289.png 600w, https:\/\/bisbalpenedes.com\/web\/wp-content\/uploads\/2019\/07\/ESTAT-RESERVES-BANC-DE-SANG-190725-300x145.png 300w, https:\/\/bisbalpenedes.com\/web\/wp-content\/uploads\/2019\/07\/ESTAT-RESERVES-BANC-DE-SANG-190725-768x370.png 768w\" sizes=\"(max-width: 961px) 100vw, 961px\" \/><\/a><\/p>\n","protected":false},"excerpt":{"rendered":"<p>Un total de 39 persones es van oferir dimarts per donar sang a la Bisbal del Pened\u00e8s. D&#8217;aquestes, 34 en van poder donar. Des de la Regidoria de Sanitat us &hellip; <a href=\"https:\/\/bisbalpenedes.com\/web\/2019\/07\/25\/34-persones-han-donat-sang-aquest-dimarts-23-de-juliol-a-la-bisbal-del-penedes\/\" class=\"more-link\">Read More<\/a><\/p>\n","protected":false},"author":4,"featured_media":10355,"comment_status":"closed","ping_status":"closed","sticky":false,"template":"","format":"standard","meta":[],"categories":[2797],"tags":[3160,2106,393],"_links":{"self":[{"href":"https:\/\/bisbalpenedes.com\/web\/wp-json\/wp\/v2\/posts\/10353"}],"collection":[{"href":"https:\/\/bisbalpenedes.com\/web\/wp-json\/wp\/v2\/posts"}],"about":[{"href":"https:\/\/bisbalpenedes.com\/web\/wp-json\/wp\/v2\/types\/post"}],"author":[{"embeddable":true,"href":"https:\/\/bisbalpenedes.com\/web\/wp-json\/wp\/v2\/users\/4"}],"replies":[{"embeddable":true,"href":"https:\/\/bisbalpenedes.com\/web\/wp-json\/wp\/v2\/comments?post=10353"}],"version-history":[{"count":2,"href":"https:\/\/bisbalpenedes.com\/web\/wp-json\/wp\/v2\/posts\/10353\/revisions"}],"predecessor-version":[{"id":10357,"href":"https:\/\/bisbalpenedes.com\/web\/wp-json\/wp\/v2\/posts\/10353\/revisions\/10357"}],"wp:featuredmedia":[{"embeddable":true,"href":"https:\/\/bisbalpenedes.com\/web\/wp-json\/wp\/v2\/media\/10355"}],"wp:attachment":[{"href":"https:\/\/bisbalpenedes.com\/web\/wp-json\/wp\/v2\/media?parent=10353"}],"wp:term":[{"taxonomy":"category","embeddable":true,"href":"https:\/\/bisbalpenedes.com\/web\/wp-json\/wp\/v2\/categories?post=10353"},{"taxonomy":"post_tag","embeddable":true,"href":"https:\/\/bisbalpenedes.com\/web\/wp-json\/wp\/v2\/tags?post=10353"}],"curies":[{"name":"wp","href":"https:\/\/api.w.org\/{rel}","templated":true}]}}