{"id":10350,"date":"2019-07-25T12:47:55","date_gmt":"2019-07-25T11:47:55","guid":{"rendered":"http:\/\/bisbalpenedes.com\/web\/?p=10350"},"modified":"2019-07-25T12:47:55","modified_gmt":"2019-07-25T11:47:55","slug":"obert-el-termini-per-presentar-sollicitud-per-a-les-subvencions-per-afavorir-lautoocupacio-de-joves-inscrits-al-programa-de-garantia-juvenil-per-a-lany-2019","status":"publish","type":"post","link":"https:\/\/bisbalpenedes.com\/web\/2019\/07\/25\/obert-el-termini-per-presentar-sollicitud-per-a-les-subvencions-per-afavorir-lautoocupacio-de-joves-inscrits-al-programa-de-garantia-juvenil-per-a-lany-2019\/","title":{"rendered":"Obert el termini per presentar sol\u00b7licitud per a les subvencions  per afavorir l&#8217;autoocupaci\u00f3 de joves inscrits al programa de Garantia Juvenil per a l&#8217;any 2019"},"content":{"rendered":"<p><span style=\"color: #000000;\">Us informem que el Departament de Treball, Afers Socials i Fam\u00edlies de la Generalitat de Catalunya ha obert el termini per sol\u00b7licitar les subvencions per afavorir l&#8217;autoocupaci\u00f3 de joves inscrits al programa de Garantia Juvenil per a l&#8217;any 2019. Trobareu tota la informaci\u00f3 en aquest enlla\u00e7:\u00a0<\/span><a href=\"https:\/\/portaldogc.gencat.cat\/utilsEADOP\/PDF\/7922\/1754753.pdf\" target=\"_blank\">https:\/\/portaldogc.gencat.cat\/utilsEADOP\/PDF\/7922\/1754753.pdf\u00a0<\/a><\/p>\n<hr \/>\n<p><span style=\"color: #000000;\">Os informamos que el Departament de Treball, Afers Socials i Fam\u00edlies de la Generalitat de Catalunya ha abierto el plazo para solicitar las subvenciones para favorecer la auto ocupaci\u00f3n de j\u00f3venes inscritos en el programa de Garant\u00eda Juvenil para el a\u00f1o 2019. Encontrar\u00e9is toda la informaci\u00f3n en este enlace:\u00a0<\/span><a href=\"https:\/\/portaldogc.gencat.cat\/utilsEADOP\/PDF\/7922\/1754753.pdf\" target=\"_blank\">https:\/\/portaldogc.gencat.cat\/utilsEADOP\/PDF\/7922\/1754753.pdf<\/a><\/p>\n<p><a href=\"http:\/\/bisbalpenedes.com\/web\/wp-content\/uploads\/2019\/07\/INFOGRAFIA-AUTOOCUPACIO-GARANTIA-JUVENIL-2019.jpg\"><img loading=\"lazy\" class=\"aligncenter size-large wp-image-10351\" src=\"http:\/\/bisbalpenedes.com\/web\/wp-content\/uploads\/2019\/07\/INFOGRAFIA-AUTOOCUPACIO-GARANTIA-JUVENIL-2019-709x1024.jpg\" alt=\"INFOGRAFIA AUTOOCUPACIO GARANTIA JUVENIL 2019\" width=\"630\" height=\"910\" srcset=\"https:\/\/bisbalpenedes.com\/web\/wp-content\/uploads\/2019\/07\/INFOGRAFIA-AUTOOCUPACIO-GARANTIA-JUVENIL-2019-709x1024.jpg 709w, https:\/\/bisbalpenedes.com\/web\/wp-content\/uploads\/2019\/07\/INFOGRAFIA-AUTOOCUPACIO-GARANTIA-JUVENIL-2019-600x867.jpg 600w, https:\/\/bisbalpenedes.com\/web\/wp-content\/uploads\/2019\/07\/INFOGRAFIA-AUTOOCUPACIO-GARANTIA-JUVENIL-2019-208x300.jpg 208w, https:\/\/bisbalpenedes.com\/web\/wp-content\/uploads\/2019\/07\/INFOGRAFIA-AUTOOCUPACIO-GARANTIA-JUVENIL-2019-768x1109.jpg 768w, https:\/\/bisbalpenedes.com\/web\/wp-content\/uploads\/2019\/07\/INFOGRAFIA-AUTOOCUPACIO-GARANTIA-JUVENIL-2019.jpg 1125w\" sizes=\"(max-width: 630px) 100vw, 630px\" \/><\/a><\/p>\n","protected":false},"excerpt":{"rendered":"<p>Us informem que el Departament de Treball, Afers Socials i Fam\u00edlies de la Generalitat de Catalunya ha obert el termini per sol\u00b7licitar les subvencions per afavorir l&#8217;autoocupaci\u00f3 de joves inscrits &hellip; <a href=\"https:\/\/bisbalpenedes.com\/web\/2019\/07\/25\/obert-el-termini-per-presentar-sollicitud-per-a-les-subvencions-per-afavorir-lautoocupacio-de-joves-inscrits-al-programa-de-garantia-juvenil-per-a-lany-2019\/\" class=\"more-link\">Read More<\/a><\/p>\n","protected":false},"author":4,"featured_media":10351,"comment_status":"closed","ping_status":"closed","sticky":false,"template":"","format":"standard","meta":[],"categories":[1486],"tags":[3158,3159,210],"_links":{"self":[{"href":"https:\/\/bisbalpenedes.com\/web\/wp-json\/wp\/v2\/posts\/10350"}],"collection":[{"href":"https:\/\/bisbalpenedes.com\/web\/wp-json\/wp\/v2\/posts"}],"about":[{"href":"https:\/\/bisbalpenedes.com\/web\/wp-json\/wp\/v2\/types\/post"}],"author":[{"embeddable":true,"href":"https:\/\/bisbalpenedes.com\/web\/wp-json\/wp\/v2\/users\/4"}],"replies":[{"embeddable":true,"href":"https:\/\/bisbalpenedes.com\/web\/wp-json\/wp\/v2\/comments?post=10350"}],"version-history":[{"count":1,"href":"https:\/\/bisbalpenedes.com\/web\/wp-json\/wp\/v2\/posts\/10350\/revisions"}],"predecessor-version":[{"id":10352,"href":"https:\/\/bisbalpenedes.com\/web\/wp-json\/wp\/v2\/posts\/10350\/revisions\/10352"}],"wp:featuredmedia":[{"embeddable":true,"href":"https:\/\/bisbalpenedes.com\/web\/wp-json\/wp\/v2\/media\/10351"}],"wp:attachment":[{"href":"https:\/\/bisbalpenedes.com\/web\/wp-json\/wp\/v2\/media?parent=10350"}],"wp:term":[{"taxonomy":"category","embeddable":true,"href":"https:\/\/bisbalpenedes.com\/web\/wp-json\/wp\/v2\/categories?post=10350"},{"taxonomy":"post_tag","embeddable":true,"href":"https:\/\/bisbalpenedes.com\/web\/wp-json\/wp\/v2\/tags?post=10350"}],"curies":[{"name":"wp","href":"https:\/\/api.w.org\/{rel}","templated":true}]}}