{"id":10335,"date":"2019-07-25T08:36:01","date_gmt":"2019-07-25T07:36:01","guid":{"rendered":"http:\/\/bisbalpenedes.com\/web\/?p=10335"},"modified":"2019-07-25T08:40:09","modified_gmt":"2019-07-25T07:40:09","slug":"el-proper-dimarts-30-de-juliol-a-les-19h-es-fara-el-sorteig-de-lordre-dactuacions-de-la-diada-castellera-de-la-mare-de-deu-dagost","status":"publish","type":"post","link":"https:\/\/bisbalpenedes.com\/web\/2019\/07\/25\/el-proper-dimarts-30-de-juliol-a-les-19h-es-fara-el-sorteig-de-lordre-dactuacions-de-la-diada-castellera-de-la-mare-de-deu-dagost\/","title":{"rendered":"El proper dimarts 30 de juliol a les 19h es far\u00e0 el sorteig de l&#8217;ordre d&#8217;actuacions de la diada castellera de la Mare de D\u00e9u d&#8217;Agost"},"content":{"rendered":"<p><span style=\"color: #000000;\"><a style=\"color: #000000;\" href=\"http:\/\/bisbalpenedes.com\/web\/wp-content\/uploads\/2019\/07\/IMG_0962.jpg\"><img loading=\"lazy\" class=\"size-large wp-image-10336 aligncenter\" src=\"http:\/\/bisbalpenedes.com\/web\/wp-content\/uploads\/2019\/07\/IMG_0962-1024x683.jpg\" alt=\"sorteig colles castelleres 2018\" width=\"630\" height=\"420\" srcset=\"https:\/\/bisbalpenedes.com\/web\/wp-content\/uploads\/2019\/07\/IMG_0962-1024x683.jpg 1024w, https:\/\/bisbalpenedes.com\/web\/wp-content\/uploads\/2019\/07\/IMG_0962-600x400.jpg 600w, https:\/\/bisbalpenedes.com\/web\/wp-content\/uploads\/2019\/07\/IMG_0962-300x200.jpg 300w, https:\/\/bisbalpenedes.com\/web\/wp-content\/uploads\/2019\/07\/IMG_0962-768x512.jpg 768w\" sizes=\"(max-width: 630px) 100vw, 630px\" \/><\/a><\/span><\/p>\n<p style=\"text-align: justify;\"><span style=\"color: #000000;\">El proper dimarts 30 de juliol, a les 19h, tindr\u00e0 lloc la presentaci\u00f3 de la diada castellera de la Mare de D\u00e9u d&#8217;Agost (15 d&#8217;agost) i el sorteig de l&#8217;ordre d&#8217;actuacions a l&#8217;Auditori Salb\u00e0 del CMC. L&#8217;acte ser\u00e0 obert a tothom i\u00a0es comptar\u00e0\u00a0amb l&#8217;assist\u00e8ncia de representants dels Castellers de Vilafranca, la Colla Vella dels Xiquets de Valls, la Colla Joves Xiquets de Valls i tamb\u00e9 amb representants de la Colla Castellera de la Bisbal &#8211; Bous, ja que la colla local far\u00e0 un pilar\u00a0al davant de l&#8217;Ajuntament de la Bisbal del Pened\u00e8s, com la resta de colles, i obrir\u00e0 la diada amb el castell d&#8217;inici.<\/span><\/p>\n<hr \/>\n<p style=\"text-align: justify;\"><span style=\"color: #000000;\"><strong>CASTELLANO |<\/strong> El pr\u00f3ximo martes 30 de julio, a las 19h, tendr\u00e1 lugar la presentaci\u00f3n de la diada castellera de la Mare de D\u00e9u d&#8217;Agost (15 de agosto) y el sorteo del orden de actuaciones en el Auditori Salb\u00e0 del CMC. El acto ser\u00e1 abierto a toda la poblaci\u00f3n y\u00a0se contar\u00e1\u00a0con la asistencia de representantes de los Castellers de Vilafranca, la Colla Vella dels Xiquets de Valls, la Colla Joves Xiquets de Valls y tambi\u00e9n con representantes de la Colla Castellera de la Bisbal &#8211; Bous, ya que la colla local har\u00e1 un pilar delante del Ayuntamiento de la Bisbal del Pened\u00e8s, como el resto de\u00a0<em>colles<\/em>\u00a0y abrir\u00e1 la diada con el\u00a0<em>castell<\/em>\u00a0de inicio.<\/span><\/p>\n","protected":false},"excerpt":{"rendered":"<p>El proper dimarts 30 de juliol, a les 19h, tindr\u00e0 lloc la presentaci\u00f3 de la diada castellera de la Mare de D\u00e9u d&#8217;Agost (15 d&#8217;agost) i el sorteig de l&#8217;ordre &hellip; <a href=\"https:\/\/bisbalpenedes.com\/web\/2019\/07\/25\/el-proper-dimarts-30-de-juliol-a-les-19h-es-fara-el-sorteig-de-lordre-dactuacions-de-la-diada-castellera-de-la-mare-de-deu-dagost\/\" class=\"more-link\">Read More<\/a><\/p>\n","protected":false},"author":4,"featured_media":10336,"comment_status":"closed","ping_status":"closed","sticky":false,"template":"","format":"standard","meta":[],"categories":[1042],"tags":[3151,377,379,3154,1720,1220,3153,691,393,3152],"_links":{"self":[{"href":"https:\/\/bisbalpenedes.com\/web\/wp-json\/wp\/v2\/posts\/10335"}],"collection":[{"href":"https:\/\/bisbalpenedes.com\/web\/wp-json\/wp\/v2\/posts"}],"about":[{"href":"https:\/\/bisbalpenedes.com\/web\/wp-json\/wp\/v2\/types\/post"}],"author":[{"embeddable":true,"href":"https:\/\/bisbalpenedes.com\/web\/wp-json\/wp\/v2\/users\/4"}],"replies":[{"embeddable":true,"href":"https:\/\/bisbalpenedes.com\/web\/wp-json\/wp\/v2\/comments?post=10335"}],"version-history":[{"count":2,"href":"https:\/\/bisbalpenedes.com\/web\/wp-json\/wp\/v2\/posts\/10335\/revisions"}],"predecessor-version":[{"id":10338,"href":"https:\/\/bisbalpenedes.com\/web\/wp-json\/wp\/v2\/posts\/10335\/revisions\/10338"}],"wp:featuredmedia":[{"embeddable":true,"href":"https:\/\/bisbalpenedes.com\/web\/wp-json\/wp\/v2\/media\/10336"}],"wp:attachment":[{"href":"https:\/\/bisbalpenedes.com\/web\/wp-json\/wp\/v2\/media?parent=10335"}],"wp:term":[{"taxonomy":"category","embeddable":true,"href":"https:\/\/bisbalpenedes.com\/web\/wp-json\/wp\/v2\/categories?post=10335"},{"taxonomy":"post_tag","embeddable":true,"href":"https:\/\/bisbalpenedes.com\/web\/wp-json\/wp\/v2\/tags?post=10335"}],"curies":[{"name":"wp","href":"https:\/\/api.w.org\/{rel}","templated":true}]}}