{"id":10328,"date":"2019-07-24T19:30:34","date_gmt":"2019-07-24T18:30:34","guid":{"rendered":"http:\/\/bisbalpenedes.com\/web\/?p=10328"},"modified":"2019-07-24T19:30:34","modified_gmt":"2019-07-24T18:30:34","slug":"lajuntament-de-la-bisbal-del-penedes-ha-concedit-la-subvencio-per-a-nous-autonoms-a-3-bisbalencs","status":"publish","type":"post","link":"https:\/\/bisbalpenedes.com\/web\/2019\/07\/24\/lajuntament-de-la-bisbal-del-penedes-ha-concedit-la-subvencio-per-a-nous-autonoms-a-3-bisbalencs\/","title":{"rendered":"L\u2019Ajuntament de la Bisbal del Pened\u00e8s ha concedit la subvenci\u00f3 per a nous aut\u00f2noms a 3 bisbalencs"},"content":{"rendered":"<p style=\"text-align: justify;\"><a href=\"http:\/\/bisbalpenedes.com\/web\/wp-content\/uploads\/2019\/03\/SUBV_2019_AUTO.jpg\"><img loading=\"lazy\" class=\"aligncenter size-large wp-image-8960\" src=\"http:\/\/bisbalpenedes.com\/web\/wp-content\/uploads\/2019\/03\/SUBV_2019_AUTO-1024x514.jpg\" alt=\"SUBV_2019_AUTO\" width=\"630\" height=\"316\" srcset=\"https:\/\/bisbalpenedes.com\/web\/wp-content\/uploads\/2019\/03\/SUBV_2019_AUTO-1024x514.jpg 1024w, https:\/\/bisbalpenedes.com\/web\/wp-content\/uploads\/2019\/03\/SUBV_2019_AUTO-600x301.jpg 600w, https:\/\/bisbalpenedes.com\/web\/wp-content\/uploads\/2019\/03\/SUBV_2019_AUTO-300x151.jpg 300w, https:\/\/bisbalpenedes.com\/web\/wp-content\/uploads\/2019\/03\/SUBV_2019_AUTO-768x386.jpg 768w, https:\/\/bisbalpenedes.com\/web\/wp-content\/uploads\/2019\/03\/SUBV_2019_AUTO.jpg 1500w\" sizes=\"(max-width: 630px) 100vw, 630px\" \/><\/a><\/p>\n<p style=\"text-align: justify;\"><span style=\"color: #000000;\">La Junta de Govern Local ha aprovat, aquest dilluns 22 de juliol de 2019, la concessi\u00f3 de la subvenci\u00f3 per a persones desocupades que s\u2019han establert com a aut\u00f2nomes, durant el 2018, a tres bisbalencs. L\u2019Ajuntament de la Bisbal del Pened\u00e8s comptava, al pressupost de 2018, amb una partida pressupost\u00e0ria de 15.000\u20ac per a aquestes subvencions i s\u2019han aprovat les sol\u00b7licituds de tres beneficiaris que rebran els imports de 2.800\u20ac, 2.800\u20ac i 629,29\u20ac. Val a dir que, en aquesta nova convocat\u00f2ria, havien presentat sol\u00b7licitud un total de sis bisbalencs per\u00f2 tres de les sol\u00b7licituds han estat desestimades perqu\u00e8 no es complien la totalitat dels requisits necessaris per obtenir aquest ajut.<\/span><\/p>\n<p style=\"text-align: justify;\"><span style=\"color: #000000;\">Les subvencions per a nous aut\u00f2noms estan pensades per a aquelles persones procedents de l\u2019atur, que estiguin empadronades a la Bisbal del Pened\u00e8s i que hagin iniciat una activitat econ\u00f2mica com a aut\u00f2nom\/a o que s\u2019hagin incorporat a una activitat econ\u00f2mica, preexistent o de nova creaci\u00f3, com a socis d\u2019una societat civil o mercantil, que els obliga a estar donats d\u2019alta al r\u00e8gim d\u2019aut\u00f2noms. L\u2019import m\u00e0xim que es concedeix a cada persona \u00e9s de 2.800\u20ac. La Regidoria d\u2019Ocupaci\u00f3, amb aquesta convocat\u00f2ria, subvenciona: els pagaments de les quotes d\u2019aut\u00f2noms del primer any; les despeses de tributs i preus p\u00fablics locals, auton\u00f2mics i estatals relacionats amb l\u2019inici de l\u2019activitat i el primer establiment; els informes t\u00e8cnics obligatoris per a la legalitzaci\u00f3 de la nova activitat; les despeses de gestoria\/assessoria per a la posada en marxa de la nova activitat i les despeses d\u2019arrendament del primer any dels locals destinats a realitzar l\u2019activitat.<\/span><\/p>\n<hr \/>\n<p style=\"text-align: justify;\"><span style=\"color: #000000;\">La Junta de Gobierno Local ha aprobado, este lunes 22 de julio del 2019, la concesi\u00f3n de la subvenci\u00f3n para personas desocupadas que se han establecido como aut\u00f3nomas, durante el 2018, a tres bisbalencs. El Ayuntamiento de la Bisbal del Pened\u00e8s contaba, en el presupuesto del 2018, con una partida presupuestaria de 15.000\u20ac para estas subvenciones y se han aprobado las solicitudes tres beneficiarios, que recibir\u00e1n los importes de 2.800\u20ac, 2.800\u20ac y 629,29\u20ac. Cabe decir que, en esta nueva convocatoria, hab\u00edan presentado solicitud un total de seis bisbalencs pero tres de las solicitudes han sido desestimadas porque no se cumpl\u00edan la totalidad de los requisitos necesarios para obtener esta ayuda.<\/span><\/p>\n<p style=\"text-align: justify;\"><span style=\"color: #000000;\">Las subvenciones para nuevos aut\u00f3nomos est\u00e1n pensadas para aquellas personas procedentes del paro, que est\u00e9n empadronadas en la Bisbal del Pened\u00e8s y que hayan iniciado una actividad econ\u00f3mica como aut\u00f3nomo\/a o que se hayan incorporado a una actividad econ\u00f3mica, preexistente o de nueva creaci\u00f3n, como socios de una sociedad civil o mercantil, que les obliga a estar dados de alta en el r\u00e9gimen de aut\u00f3nomos. El importe m\u00e1ximo que se concede a cada persona es de 2.800\u20ac. La Concejal\u00eda de Ocupaci\u00f3n, con esta convocatoria, subvenciona: los pagos de las cuotas de aut\u00f3nomos del primer a\u00f1o; los gastos de tributos y precios p\u00fablicos locales, auton\u00f3micos y estatales relacionados con el inicio de la actividad y el primer establecimiento; los informes t\u00e9cnicos obligatorios para la legalizaci\u00f3n de la nueva actividad; los gastos de gestor\u00eda\/asesor\u00eda para la puesta en marcha de la nueva actividad y los gastos de arrendamiento del primer a\u00f1o de los locales destinados a realizar la actividad.<\/span><\/p>\n","protected":false},"excerpt":{"rendered":"<p>La Junta de Govern Local ha aprovat, aquest dilluns 22 de juliol de 2019, la concessi\u00f3 de la subvenci\u00f3 per a persones desocupades que s\u2019han establert com a aut\u00f2nomes, durant &hellip; <a href=\"https:\/\/bisbalpenedes.com\/web\/2019\/07\/24\/lajuntament-de-la-bisbal-del-penedes-ha-concedit-la-subvencio-per-a-nous-autonoms-a-3-bisbalencs\/\" class=\"more-link\">Read More<\/a><\/p>\n","protected":false},"author":4,"featured_media":8960,"comment_status":"closed","ping_status":"closed","sticky":false,"template":"","format":"standard","meta":[],"categories":[9],"tags":[163,99,102],"_links":{"self":[{"href":"https:\/\/bisbalpenedes.com\/web\/wp-json\/wp\/v2\/posts\/10328"}],"collection":[{"href":"https:\/\/bisbalpenedes.com\/web\/wp-json\/wp\/v2\/posts"}],"about":[{"href":"https:\/\/bisbalpenedes.com\/web\/wp-json\/wp\/v2\/types\/post"}],"author":[{"embeddable":true,"href":"https:\/\/bisbalpenedes.com\/web\/wp-json\/wp\/v2\/users\/4"}],"replies":[{"embeddable":true,"href":"https:\/\/bisbalpenedes.com\/web\/wp-json\/wp\/v2\/comments?post=10328"}],"version-history":[{"count":1,"href":"https:\/\/bisbalpenedes.com\/web\/wp-json\/wp\/v2\/posts\/10328\/revisions"}],"predecessor-version":[{"id":10329,"href":"https:\/\/bisbalpenedes.com\/web\/wp-json\/wp\/v2\/posts\/10328\/revisions\/10329"}],"wp:featuredmedia":[{"embeddable":true,"href":"https:\/\/bisbalpenedes.com\/web\/wp-json\/wp\/v2\/media\/8960"}],"wp:attachment":[{"href":"https:\/\/bisbalpenedes.com\/web\/wp-json\/wp\/v2\/media?parent=10328"}],"wp:term":[{"taxonomy":"category","embeddable":true,"href":"https:\/\/bisbalpenedes.com\/web\/wp-json\/wp\/v2\/categories?post=10328"},{"taxonomy":"post_tag","embeddable":true,"href":"https:\/\/bisbalpenedes.com\/web\/wp-json\/wp\/v2\/tags?post=10328"}],"curies":[{"name":"wp","href":"https:\/\/api.w.org\/{rel}","templated":true}]}}