{"id":10322,"date":"2019-07-24T18:59:55","date_gmt":"2019-07-24T17:59:55","guid":{"rendered":"http:\/\/bisbalpenedes.com\/web\/?p=10322"},"modified":"2019-07-24T19:03:56","modified_gmt":"2019-07-24T18:03:56","slug":"saprova-inicialment-el-projecte-dobres-de-la-fase-1-2-del-poliesportiu-municipal","status":"publish","type":"post","link":"https:\/\/bisbalpenedes.com\/web\/2019\/07\/24\/saprova-inicialment-el-projecte-dobres-de-la-fase-1-2-del-poliesportiu-municipal\/","title":{"rendered":"S&#8217;aprova inicialment el projecte d&#8217;obres de la fase 1.2. del Poliesportiu Municipal"},"content":{"rendered":"<p style=\"text-align: justify;\"><a href=\"http:\/\/bisbalpenedes.com\/web\/wp-content\/uploads\/2019\/07\/POLIESPORTIU-MUNICIPAL.jpg\"><img loading=\"lazy\" class=\"aligncenter size-large wp-image-10323\" src=\"http:\/\/bisbalpenedes.com\/web\/wp-content\/uploads\/2019\/07\/POLIESPORTIU-MUNICIPAL-1024x768.jpg\" alt=\"POLIESPORTIU MUNICIPAL\" width=\"630\" height=\"473\" srcset=\"https:\/\/bisbalpenedes.com\/web\/wp-content\/uploads\/2019\/07\/POLIESPORTIU-MUNICIPAL-1024x768.jpg 1024w, https:\/\/bisbalpenedes.com\/web\/wp-content\/uploads\/2019\/07\/POLIESPORTIU-MUNICIPAL-600x450.jpg 600w, https:\/\/bisbalpenedes.com\/web\/wp-content\/uploads\/2019\/07\/POLIESPORTIU-MUNICIPAL-300x225.jpg 300w, https:\/\/bisbalpenedes.com\/web\/wp-content\/uploads\/2019\/07\/POLIESPORTIU-MUNICIPAL-768x576.jpg 768w\" sizes=\"(max-width: 630px) 100vw, 630px\" \/><\/a><\/p>\n<p style=\"text-align: justify;\"><span style=\"color: #000000;\">La Junta de Govern Local del 22 de juliol ha aprovat, inicialment, el projecte d\u2019obres de la fase 1.2. del Poliesportiu municipal. Aquesta fase correspon a la construcci\u00f3 del pavell\u00f3 esportiu del poliesportiu municipal amb el projecte redactat per l\u2019equip UTE Anton P\u00e0mies, Josep Angl\u00e8s i Albert P\u00e0mies per un import de 711.472,33\u20ac.<\/span><\/p>\n<p style=\"text-align: justify;\"><span style=\"color: #000000;\">Ara la fase 1.2. es publicar\u00e0 al tauler d\u2019anuncis, a la seu electr\u00f2nica i al BOP de Tarragona durant 30 dies, en per\u00edode d\u2019informaci\u00f3 p\u00fablica, com ja es va fer amb el projecte de la fase 1.1., corresponent a la construcci\u00f3 dels vestuaris del pavell\u00f3.<\/span><\/p>\n<p style=\"text-align: justify;\"><span style=\"color: #000000;\">M\u00e9s enll\u00e0 d\u2019aquesta aprovaci\u00f3 inicial, l\u2019Ajuntament de la Bisbal del Pened\u00e8s ha sol\u00b7licitat el control preventiu al Departament de prevenci\u00f3 d\u2019incendis de la Generalitat de Catalunya, d\u2019acord amb la llei 3\/2010, del 18 de febrer, de prevenci\u00f3 i seguretat en mat\u00e8ria d\u2019incendis en establiments, activitats, infraestructures i edificis.<\/span><\/p>\n<hr \/>\n<p style=\"text-align: justify;\"><span style=\"color: #000000;\">La Junta de Gobierno Local del 22 de julio ha aprobado, inicialmente, el proyecto de obras de la fase 1.2. del Polideportivo municipal. Esta fase corresponde a la construcci\u00f3n del pabell\u00f3n deportivo del polideportivo municipal con el proyecto redactado por el equipo UTE Antonn P\u00e0mies, Josep Angl\u00e8s y Albert P\u00e0mies por un importe de 711.472,33\u20ac.<\/span><\/p>\n<p style=\"text-align: justify;\"><span style=\"color: #000000;\">Ahora la fase 1.2. se publicar\u00e1 en el tabl\u00f3n de anuncios, en la sede electr\u00f3nica y en el BOP de Tarragona durante 30 d\u00edas, en periodo de informaci\u00f3n p\u00fablica, como ya se hizo con el proyecto de la fase 1.1., correspondiente a la construcci\u00f3n de los vestuarios del pabell\u00f3n.<\/span><\/p>\n<p style=\"text-align: justify;\"><span style=\"color: #000000;\">Adem\u00e1s de esta aprobaci\u00f3n inicial, el Ayuntamiento de la Bisbal del Pened\u00e8s ha solicitado el control preventivo al Departamento de prevenci\u00f3n de incendios de la Generalitat de Catalunya, de acuerdo con la ley 3\/2010, del 18 de febrero, de prevenci\u00f3n y seguridad en materia de incendios en establecimientos, actividades, infraestructuras y edificios.<\/span><\/p>\n","protected":false},"excerpt":{"rendered":"<p>La Junta de Govern Local del 22 de juliol ha aprovat, inicialment, el projecte d\u2019obres de la fase 1.2. del Poliesportiu municipal. Aquesta fase correspon a la construcci\u00f3 del pavell\u00f3 &hellip; <a href=\"https:\/\/bisbalpenedes.com\/web\/2019\/07\/24\/saprova-inicialment-el-projecte-dobres-de-la-fase-1-2-del-poliesportiu-municipal\/\" class=\"more-link\">Read More<\/a><\/p>\n","protected":false},"author":4,"featured_media":10323,"comment_status":"closed","ping_status":"closed","sticky":false,"template":"","format":"standard","meta":[],"categories":[3085,15],"tags":[3145,3146,204],"_links":{"self":[{"href":"https:\/\/bisbalpenedes.com\/web\/wp-json\/wp\/v2\/posts\/10322"}],"collection":[{"href":"https:\/\/bisbalpenedes.com\/web\/wp-json\/wp\/v2\/posts"}],"about":[{"href":"https:\/\/bisbalpenedes.com\/web\/wp-json\/wp\/v2\/types\/post"}],"author":[{"embeddable":true,"href":"https:\/\/bisbalpenedes.com\/web\/wp-json\/wp\/v2\/users\/4"}],"replies":[{"embeddable":true,"href":"https:\/\/bisbalpenedes.com\/web\/wp-json\/wp\/v2\/comments?post=10322"}],"version-history":[{"count":2,"href":"https:\/\/bisbalpenedes.com\/web\/wp-json\/wp\/v2\/posts\/10322\/revisions"}],"predecessor-version":[{"id":10325,"href":"https:\/\/bisbalpenedes.com\/web\/wp-json\/wp\/v2\/posts\/10322\/revisions\/10325"}],"wp:featuredmedia":[{"embeddable":true,"href":"https:\/\/bisbalpenedes.com\/web\/wp-json\/wp\/v2\/media\/10323"}],"wp:attachment":[{"href":"https:\/\/bisbalpenedes.com\/web\/wp-json\/wp\/v2\/media?parent=10322"}],"wp:term":[{"taxonomy":"category","embeddable":true,"href":"https:\/\/bisbalpenedes.com\/web\/wp-json\/wp\/v2\/categories?post=10322"},{"taxonomy":"post_tag","embeddable":true,"href":"https:\/\/bisbalpenedes.com\/web\/wp-json\/wp\/v2\/tags?post=10322"}],"curies":[{"name":"wp","href":"https:\/\/api.w.org\/{rel}","templated":true}]}}