{"id":10320,"date":"2019-07-24T16:50:26","date_gmt":"2019-07-24T15:50:26","guid":{"rendered":"http:\/\/bisbalpenedes.com\/web\/?p=10320"},"modified":"2019-07-24T16:50:26","modified_gmt":"2019-07-24T15:50:26","slug":"licitacio-de-la-gestio-de-lescola-de-musica-municipal-termini-obert-fins-al-7-dagost-de-2019-a-les-14h","status":"publish","type":"post","link":"https:\/\/bisbalpenedes.com\/web\/2019\/07\/24\/licitacio-de-la-gestio-de-lescola-de-musica-municipal-termini-obert-fins-al-7-dagost-de-2019-a-les-14h\/","title":{"rendered":"Licitaci\u00f3 de la gesti\u00f3 de l&#8217;escola de m\u00fasica municipal [termini obert fins al 7 d&#8217;agost de 2019 a les 14h]"},"content":{"rendered":"<p style=\"text-align: justify;\"><span style=\"color: #000000;\">L\u2019Ajuntament de la Bisbal del Pened\u00e8s informa que\u00a0s&#8217;ha obert el\u00a0 proc\u00e9s de licitaci\u00f3 la gesti\u00f3 de l\u2019escola de m\u00fasica municipal, mitjan\u00e7ant procediment obert, oferta econ\u00f2micament m\u00e9s avantatjosa, amb diversos criteris d\u2019adjudicaci\u00f3 i tramitaci\u00f3 ordin\u00e0ria.<\/span><\/p>\n<p style=\"text-align: justify;\"><span style=\"color: #000000;\">La durada del contracte ser\u00e0 de dos anys a comptar des de l\u2019octubre de 2019 amb possibilitat de dues pr\u00f2rrogues anuals.<\/span><\/p>\n<p style=\"text-align: justify;\"><span style=\"color: #000000;\">El servei de gesti\u00f3 de l\u2019escola de m\u00fasica municipal compr\u00e8n la doc\u00e8ncia, la gesti\u00f3 administrativa, l\u2019organitzaci\u00f3, control i gesti\u00f3 (tant la t\u00e8cnica com l\u2019econ\u00f2mica) aix\u00ed com el cobrament del preu p\u00fablic aprovat per l\u2019Ajuntament de la Bisbal del Pened\u00e8s.<\/span><\/p>\n<p style=\"text-align: justify;\"><span style=\"color: #000000;\">L\u2019objectiu de l\u2019escola de m\u00fasica municipal \u00e9s el foment de la m\u00fasica, la sensibilitzaci\u00f3 de les persones cap a aquesta i el seu ensenyament al municipi. L\u2019escola est\u00e0 oberta a tota la poblaci\u00f3, sense l\u00edmit d\u2019edat.<\/span><\/p>\n<p style=\"text-align: justify;\"><span style=\"color: #000000;\">Per tal de continuar amb la formaci\u00f3 que es venia oferint a l\u2019escola, els licitadors hauran d\u2019oferir classes de: llenguatge musical, piano, guitarra, bateria\/percussi\u00f3 i conjunt instrumental. L\u2019horari de l\u2019escola ser\u00e0 de dilluns a divendres a la tarda, d\u2019octubre a juny, ja que es contempla com una activitat complement\u00e0ria a l\u2019ensenyament obligatori de l\u2019escola p\u00fablica.<\/span><\/p>\n<p style=\"text-align: justify;\"><span style=\"color: #000000;\">Els licitadors hauran de preparar i presentar les seves propostes, obligat\u00f2riament, de forma electr\u00f2nica, tal com estableix la llei actual. Ho hauran de fer a trav\u00e9s de l\u2019eina de preparaci\u00f3 i presentaci\u00f3 d\u2019ofertes de la Plataforma de serveis de contractaci\u00f3 p\u00fablica de la Generalitat de Catalunya. El termini de presentaci\u00f3 de propostes \u00e9s de quinze dies naturals i va del 24 de juliol fins al 7 d\u2019agost de 2019 a les 14:00h.<\/span><\/p>\n<p style=\"text-align: justify;\"><span style=\"color: #000000;\">Per consultar el plec de cl\u00e0usules administratives, el plec de prescripcions t\u00e8cniques, la mem\u00f2ria justificativa i l&#8217;anunci de licitaci\u00f3, cal accedir a aquest enlla\u00e7: <a style=\"color: #000000;\" href=\"https:\/\/contractaciopublica.gencat.cat\/ecofin_pscp\/AppJava\/notice.pscp?reqCode=viewCn&amp;idDoc=50363920&amp;lawType=\">https:\/\/contractaciopublica.gencat.cat\/ecofin_pscp\/AppJava\/notice.pscp?reqCode=viewCn&amp;idDoc=50363920&amp;lawType=<\/a><\/span><\/p>\n<hr \/>\n<p style=\"text-align: justify;\"><span style=\"color: #000000;\">El Ayuntamiento de la Bisbal del Pened\u00e8s informa que\u00a0se ha abierto\u00a0el proceso de\u00a0licitaci\u00f3n la gesti\u00f3n de la escuela de m\u00fasica municipal, mediante procedimiento abierto, oferta econ\u00f3micamente m\u00e1s ventajosa, con varios criterios de adjudicaci\u00f3n y tramitaci\u00f3n ordinaria.<\/span><\/p>\n<p style=\"text-align: justify;\"><span style=\"color: #000000;\">La duraci\u00f3n del contrato ser\u00e1 de dos a\u00f1os a contar desde el octubre del 2019 con la posibilidad de dos pr\u00f3rrogas anuales.<\/span><\/p>\n<p style=\"text-align: justify;\"><span style=\"color: #000000;\">El servicio de gesti\u00f3n de la escuela de m\u00fasica municipal comprende la docencia, la gesti\u00f3n administrativa, la organizaci\u00f3n, control y gesti\u00f3n (tanto la t\u00e9cnica como la econ\u00f3mica) as\u00ed como el cobro del precio p\u00fablico aprobado por el Ayuntamiento de la Bisbal del Pened\u00e8s.<\/span><\/p>\n<p style=\"text-align: justify;\"><span style=\"color: #000000;\">El objetivo de la escuela de m\u00fasica municipal es el fomento de la m\u00fasica, la sensibilizaci\u00f3n de las personas hacia esta y su ense\u00f1anza en el municipio. La escuela est\u00e1 abierta a toda la poblaci\u00f3n, sin l\u00edmite de edad.<\/span><\/p>\n<p style=\"text-align: justify;\"><span style=\"color: #000000;\">Por tal de continuar con la formaci\u00f3n que se ven\u00eda ofreciendo en la escuela, los licitadores deber\u00e1n ofrecer clases de: lenguaje musical, piano, guitarra, bater\u00eda\/percusi\u00f3n y conjunto instrumental. El horario de la escuela ser\u00e1 de lunes a viernes por la tarde, de octubre a junio, ya que se contempla como una actividad complementaria a la ense\u00f1anza obligatoria de la escuela p\u00fablica.<\/span><\/p>\n<p style=\"text-align: justify;\"><span style=\"color: #000000;\">Los licitadores deber\u00e1n preparar y presentar sus propuestas, obligatoriamente, de forma electr\u00f3nica, tal como establece la ley actual. Lo deber\u00e1n hacer a trav\u00e9s de la herramienta de preparaci\u00f3n y presentaci\u00f3n de ofertas de la Plataforma de servicios de contrataci\u00f3n p\u00fablica de la Generalitat de Catalunya. El plazo de presentaci\u00f3n de propuestas es de quince d\u00edas naturales y va del 24 de julio hasta el 7 de agosto de 2019 a las 14:00h.<\/span><\/p>\n<p style=\"text-align: justify;\"><span style=\"color: #000000;\">Para consultar el pliego de cl\u00e1usulas administrativas, el pliego de prescripciones t\u00e9cnicas, la memoria justificativa y el anuncio de licitaci\u00f3n, hay que acceder a este enlace: <a style=\"color: #000000;\" href=\"https:\/\/contractaciopublica.gencat.cat\/ecofin_pscp\/AppJava\/notice.pscp?reqCode=viewCn&amp;idDoc=50363920&amp;lawType=\">https:\/\/contractaciopublica.gencat.cat\/ecofin_pscp\/AppJava\/notice.pscp?reqCode=viewCn&amp;idDoc=50363920&amp;lawType=<\/a><\/span><\/p>\n<p style=\"text-align: justify;\">\n<p style=\"text-align: justify;\">\n<p style=\"text-align: justify;\">\n<p>&nbsp;<\/p>\n","protected":false},"excerpt":{"rendered":"<p>L\u2019Ajuntament de la Bisbal del Pened\u00e8s informa que\u00a0s&#8217;ha obert el\u00a0 proc\u00e9s de licitaci\u00f3 la gesti\u00f3 de l\u2019escola de m\u00fasica municipal, mitjan\u00e7ant procediment obert, oferta econ\u00f2micament m\u00e9s avantatjosa, amb diversos criteris &hellip; <a href=\"https:\/\/bisbalpenedes.com\/web\/2019\/07\/24\/licitacio-de-la-gestio-de-lescola-de-musica-municipal-termini-obert-fins-al-7-dagost-de-2019-a-les-14h\/\" class=\"more-link\">Read More<\/a><\/p>\n","protected":false},"author":4,"featured_media":9911,"comment_status":"closed","ping_status":"closed","sticky":false,"template":"","format":"standard","meta":[],"categories":[2397],"tags":[781,267],"_links":{"self":[{"href":"https:\/\/bisbalpenedes.com\/web\/wp-json\/wp\/v2\/posts\/10320"}],"collection":[{"href":"https:\/\/bisbalpenedes.com\/web\/wp-json\/wp\/v2\/posts"}],"about":[{"href":"https:\/\/bisbalpenedes.com\/web\/wp-json\/wp\/v2\/types\/post"}],"author":[{"embeddable":true,"href":"https:\/\/bisbalpenedes.com\/web\/wp-json\/wp\/v2\/users\/4"}],"replies":[{"embeddable":true,"href":"https:\/\/bisbalpenedes.com\/web\/wp-json\/wp\/v2\/comments?post=10320"}],"version-history":[{"count":1,"href":"https:\/\/bisbalpenedes.com\/web\/wp-json\/wp\/v2\/posts\/10320\/revisions"}],"predecessor-version":[{"id":10321,"href":"https:\/\/bisbalpenedes.com\/web\/wp-json\/wp\/v2\/posts\/10320\/revisions\/10321"}],"wp:featuredmedia":[{"embeddable":true,"href":"https:\/\/bisbalpenedes.com\/web\/wp-json\/wp\/v2\/media\/9911"}],"wp:attachment":[{"href":"https:\/\/bisbalpenedes.com\/web\/wp-json\/wp\/v2\/media?parent=10320"}],"wp:term":[{"taxonomy":"category","embeddable":true,"href":"https:\/\/bisbalpenedes.com\/web\/wp-json\/wp\/v2\/categories?post=10320"},{"taxonomy":"post_tag","embeddable":true,"href":"https:\/\/bisbalpenedes.com\/web\/wp-json\/wp\/v2\/tags?post=10320"}],"curies":[{"name":"wp","href":"https:\/\/api.w.org\/{rel}","templated":true}]}}