{"id":10309,"date":"2019-07-23T16:14:53","date_gmt":"2019-07-23T15:14:53","guid":{"rendered":"http:\/\/bisbalpenedes.com\/web\/?p=10309"},"modified":"2019-07-23T16:14:53","modified_gmt":"2019-07-23T15:14:53","slug":"la-junta-de-govern-ha-aprovat-el-segon-pagament-de-les-subvencions-de-menjador-escolar","status":"publish","type":"post","link":"https:\/\/bisbalpenedes.com\/web\/2019\/07\/23\/la-junta-de-govern-ha-aprovat-el-segon-pagament-de-les-subvencions-de-menjador-escolar\/","title":{"rendered":"La Junta de Govern ha aprovat el segon pagament de les subvencions de menjador escolar"},"content":{"rendered":"<p style=\"text-align: justify;\"><span style=\"color: #000000;\">La Junta de Govern del 22 de juliol de 2019 ha aprovat el segon pagament de la subvenci\u00f3 de menjador escolar per al curs 2018\/2019, corresponent als mesos de febrer a juny, a 79 fam\u00edlies beneficiaries.<\/span><\/p>\n<p style=\"text-align: justify;\"><span style=\"color: #000000;\">L\u2019import total que s\u2019abonar\u00e0 ascendeix a 3.910\u20ac, corresponent a la suma dels imports que rebran les 79 fam\u00edlies benefici\u00e0ries, i es desglossa, per mesos, de la seg\u00fcent manera:<\/span><\/p>\n<p style=\"padding-left: 30px; text-align: justify;\"><span style=\"color: #000000;\">Febrer: 1.016,60\u20ac<\/span><\/p>\n<p style=\"padding-left: 30px; text-align: justify;\"><span style=\"color: #000000;\">Mar\u00e7: 1.103,30\u20ac<\/span><\/p>\n<p style=\"padding-left: 30px; text-align: justify;\"><span style=\"color: #000000;\">Abril: 606,90\u20ac<\/span><\/p>\n<p style=\"padding-left: 30px; text-align: justify;\"><span style=\"color: #000000;\">Maig: 606,90\u20ac<\/span><\/p>\n<p style=\"padding-left: 30px; text-align: justify;\"><span style=\"color: #000000;\">Juny: 576,30\u20ac<\/span><\/p>\n<p style=\"text-align: justify;\"><span style=\"color: #000000;\">El 8 de mar\u00e7 es va aprovar el pagament de les subvencions de menjador dels mesos de setembre de 2018 a gener de 2019.<\/span><\/p>\n<p style=\"text-align: justify;\">\n<p style=\"text-align: justify;\"><span style=\"color: #000000;\">&#8212;<\/span><\/p>\n<p style=\"text-align: justify;\"><span style=\"color: #000000;\">La Junta de Gobierno del 22 de julio del 2019 ha aprobado el segundo pago de la subvenci\u00f3n de comedor escolar para el curso 2018\/2019, correspondiente a los meses de febrero a junio, a 79 familias beneficiarias.<\/span><\/p>\n<p style=\"text-align: justify;\"><span style=\"color: #000000;\">El importe total que se abonar\u00e1 asciende a 3.910\u20ac, correspondiente a la suma de los importes que recibir\u00e1n las 79 familias beneficiarias, y que se desglosa, por meses, de la siguiente manera:<\/span><\/p>\n<p style=\"padding-left: 30px; text-align: justify;\"><span style=\"color: #000000;\">Febrero: 1.016,60\u20ac<\/span><\/p>\n<p style=\"padding-left: 30px; text-align: justify;\"><span style=\"color: #000000;\">Marzo: 1.103,30\u20ac<\/span><\/p>\n<p style=\"padding-left: 30px; text-align: justify;\"><span style=\"color: #000000;\">Abril: 606,90\u20ac<\/span><\/p>\n<p style=\"padding-left: 30px; text-align: justify;\"><span style=\"color: #000000;\">Mayo: 606,90\u20ac<\/span><\/p>\n<p style=\"padding-left: 30px; text-align: justify;\"><span style=\"color: #000000;\">Junio: 576,30\u20ac<\/span><\/p>\n<p style=\"text-align: justify;\"><span style=\"color: #000000;\">El 8 de marzo se aprob\u00f3 el pago de las subvenciones de comedor de los meses de septiembre del 2018 a enero del 2019.<\/span><\/p>\n<p>&nbsp;<\/p>\n","protected":false},"excerpt":{"rendered":"<p>La Junta de Govern del 22 de juliol de 2019 ha aprovat el segon pagament de la subvenci\u00f3 de menjador escolar per al curs 2018\/2019, corresponent als mesos de febrer &hellip; <a href=\"https:\/\/bisbalpenedes.com\/web\/2019\/07\/23\/la-junta-de-govern-ha-aprovat-el-segon-pagament-de-les-subvencions-de-menjador-escolar\/\" class=\"more-link\">Read More<\/a><\/p>\n","protected":false},"author":4,"featured_media":10310,"comment_status":"closed","ping_status":"closed","sticky":false,"template":"","format":"standard","meta":[],"categories":[2397],"tags":[686,113,99,102],"_links":{"self":[{"href":"https:\/\/bisbalpenedes.com\/web\/wp-json\/wp\/v2\/posts\/10309"}],"collection":[{"href":"https:\/\/bisbalpenedes.com\/web\/wp-json\/wp\/v2\/posts"}],"about":[{"href":"https:\/\/bisbalpenedes.com\/web\/wp-json\/wp\/v2\/types\/post"}],"author":[{"embeddable":true,"href":"https:\/\/bisbalpenedes.com\/web\/wp-json\/wp\/v2\/users\/4"}],"replies":[{"embeddable":true,"href":"https:\/\/bisbalpenedes.com\/web\/wp-json\/wp\/v2\/comments?post=10309"}],"version-history":[{"count":1,"href":"https:\/\/bisbalpenedes.com\/web\/wp-json\/wp\/v2\/posts\/10309\/revisions"}],"predecessor-version":[{"id":10311,"href":"https:\/\/bisbalpenedes.com\/web\/wp-json\/wp\/v2\/posts\/10309\/revisions\/10311"}],"wp:featuredmedia":[{"embeddable":true,"href":"https:\/\/bisbalpenedes.com\/web\/wp-json\/wp\/v2\/media\/10310"}],"wp:attachment":[{"href":"https:\/\/bisbalpenedes.com\/web\/wp-json\/wp\/v2\/media?parent=10309"}],"wp:term":[{"taxonomy":"category","embeddable":true,"href":"https:\/\/bisbalpenedes.com\/web\/wp-json\/wp\/v2\/categories?post=10309"},{"taxonomy":"post_tag","embeddable":true,"href":"https:\/\/bisbalpenedes.com\/web\/wp-json\/wp\/v2\/tags?post=10309"}],"curies":[{"name":"wp","href":"https:\/\/api.w.org\/{rel}","templated":true}]}}