{"id":10306,"date":"2019-07-23T16:01:07","date_gmt":"2019-07-23T15:01:07","guid":{"rendered":"http:\/\/bisbalpenedes.com\/web\/?p=10306"},"modified":"2019-07-23T16:15:08","modified_gmt":"2019-07-23T15:15:08","slug":"lajuntament-aprova-un-contracte-menor-per-fer-un-estudi-topografic-en-diversos-carrers-de-la-miralba","status":"publish","type":"post","link":"https:\/\/bisbalpenedes.com\/web\/2019\/07\/23\/lajuntament-aprova-un-contracte-menor-per-fer-un-estudi-topografic-en-diversos-carrers-de-la-miralba\/","title":{"rendered":"L\u2019Ajuntament aprova un contracte menor per fer un estudi topogr\u00e0fic en diversos carrers de la Miralba"},"content":{"rendered":"<p style=\"text-align: justify;\">\n<p style=\"text-align: justify;\"><span style=\"color: #000000;\">La Junta de Govern local del dilluns 22 de juliol ha aprovat un contracte menor amb l\u2019objectiu de dur a terme treballs de topografia en diversos carrers de la Miralba. Es d\u00f3na el cas que l\u2019illa urbana dels carrers Margarida, Orqu\u00eddia, Magn\u00f2lia, Tulipa i Pet\u00fania presenta difer\u00e8ncies entre les dades existents al projecte de reparcel\u00b7laci\u00f3 de la Miralba (aprovat el 2008), el Registre de la Propietat i el Cadastre. Amb l\u2019objectiu de regularitzar aquestes difer\u00e8ncies, l\u2019Ajuntament tirar\u00e0 endavant un estudi topogr\u00e0fic i, per aquest motiu, la Junta de Govern ha aprovat un contracte menor per un import de 3.786,09\u20ac (IVA incl\u00f2s).<\/span><\/p>\n<hr \/>\n<p style=\"text-align: justify;\"><span style=\"color: #000000;\"><strong>CASTELLANO |<\/strong> La Junta de Gobierno local del lunes 22 de julio ha aprobado un contrato menor con el objetivo de llevar a cabo trabajos de topograf\u00eda en distintas calles de la Miralba. Se da el caso que la isla urbana de las calles Margarida, Orqu\u00eddia, Magn\u00f2lia, Tulipa y Pet\u00fania presenta diferencias entre los datos existentes en el proyecto de reparcelaci\u00f3n de la Miralba (aprobado en el 2008), el Registro de la Propiedad y el Catastro. Con el objetivo de regularizar estas diferencias, el Ayuntamiento llevar\u00e1 a cabo un estudio topogr\u00e1fico y, por este motivo, la Junta de Gobierno ha aprobado un contrato menor por un importe de 3.786,09\u20ac (IVA incluido).<\/span><\/p>\n","protected":false},"excerpt":{"rendered":"<p>La Junta de Govern local del dilluns 22 de juliol ha aprovat un contracte menor amb l\u2019objectiu de dur a terme treballs de topografia en diversos carrers de la Miralba. &hellip; <a href=\"https:\/\/bisbalpenedes.com\/web\/2019\/07\/23\/lajuntament-aprova-un-contracte-menor-per-fer-un-estudi-topografic-en-diversos-carrers-de-la-miralba\/\" class=\"more-link\">Read More<\/a><\/p>\n","protected":false},"author":4,"featured_media":10307,"comment_status":"closed","ping_status":"closed","sticky":false,"template":"","format":"standard","meta":[],"categories":[1047,3085,15],"tags":[3144,686,246],"_links":{"self":[{"href":"https:\/\/bisbalpenedes.com\/web\/wp-json\/wp\/v2\/posts\/10306"}],"collection":[{"href":"https:\/\/bisbalpenedes.com\/web\/wp-json\/wp\/v2\/posts"}],"about":[{"href":"https:\/\/bisbalpenedes.com\/web\/wp-json\/wp\/v2\/types\/post"}],"author":[{"embeddable":true,"href":"https:\/\/bisbalpenedes.com\/web\/wp-json\/wp\/v2\/users\/4"}],"replies":[{"embeddable":true,"href":"https:\/\/bisbalpenedes.com\/web\/wp-json\/wp\/v2\/comments?post=10306"}],"version-history":[{"count":2,"href":"https:\/\/bisbalpenedes.com\/web\/wp-json\/wp\/v2\/posts\/10306\/revisions"}],"predecessor-version":[{"id":10312,"href":"https:\/\/bisbalpenedes.com\/web\/wp-json\/wp\/v2\/posts\/10306\/revisions\/10312"}],"wp:featuredmedia":[{"embeddable":true,"href":"https:\/\/bisbalpenedes.com\/web\/wp-json\/wp\/v2\/media\/10307"}],"wp:attachment":[{"href":"https:\/\/bisbalpenedes.com\/web\/wp-json\/wp\/v2\/media?parent=10306"}],"wp:term":[{"taxonomy":"category","embeddable":true,"href":"https:\/\/bisbalpenedes.com\/web\/wp-json\/wp\/v2\/categories?post=10306"},{"taxonomy":"post_tag","embeddable":true,"href":"https:\/\/bisbalpenedes.com\/web\/wp-json\/wp\/v2\/tags?post=10306"}],"curies":[{"name":"wp","href":"https:\/\/api.w.org\/{rel}","templated":true}]}}