{"id":10295,"date":"2019-07-23T08:31:32","date_gmt":"2019-07-23T07:31:32","guid":{"rendered":"http:\/\/bisbalpenedes.com\/web\/?p=10295"},"modified":"2019-07-23T08:35:29","modified_gmt":"2019-07-23T07:35:29","slug":"lajuntament-ha-rebut-als-nous-empadronats-del-municipi-aquest-dilluns-22-de-juliol","status":"publish","type":"post","link":"https:\/\/bisbalpenedes.com\/web\/2019\/07\/23\/lajuntament-ha-rebut-als-nous-empadronats-del-municipi-aquest-dilluns-22-de-juliol\/","title":{"rendered":"L&#8217;Ajuntament ha rebut als nous empadronats del municipi aquest dilluns 22 de juliol"},"content":{"rendered":"<p style=\"text-align: justify;\"><a href=\"http:\/\/bisbalpenedes.com\/web\/wp-content\/uploads\/2019\/07\/NOUVINGUTSJULIOL2019.jpg\"><img loading=\"lazy\" class=\"aligncenter size-large wp-image-10297\" src=\"http:\/\/bisbalpenedes.com\/web\/wp-content\/uploads\/2019\/07\/NOUVINGUTSJULIOL2019-1024x768.jpg\" alt=\"NOUVINGUTSJULIOL2019\" width=\"630\" height=\"473\" srcset=\"https:\/\/bisbalpenedes.com\/web\/wp-content\/uploads\/2019\/07\/NOUVINGUTSJULIOL2019-1024x768.jpg 1024w, https:\/\/bisbalpenedes.com\/web\/wp-content\/uploads\/2019\/07\/NOUVINGUTSJULIOL2019-600x450.jpg 600w, https:\/\/bisbalpenedes.com\/web\/wp-content\/uploads\/2019\/07\/NOUVINGUTSJULIOL2019-300x225.jpg 300w, https:\/\/bisbalpenedes.com\/web\/wp-content\/uploads\/2019\/07\/NOUVINGUTSJULIOL2019-768x576.jpg 768w\" sizes=\"(max-width: 630px) 100vw, 630px\" \/><\/a><\/p>\n<p style=\"text-align: justify;\"><span style=\"color: #000000;\">Aquest dilluns 22 de juliol ha tingut lloc una nova rebuda adre\u00e7ada als nouvinguts al municipi de la Bisbal del Pened\u00e8s. Durant l&#8217;acte, que ha tingut lloc a l&#8217;Auditori Salb\u00e0 del CMC, els assistents han rebut informaci\u00f3 d&#8217;utilitat relacionada amb la vila de la Bisbal, com ara els serveis p\u00fablics que s&#8217;ofereixen al municipi, les festes que s&#8217;hi celebren, el llistat de les entitats de la vila, informaci\u00f3 sobre el servei de bus o el calendari de pagament d&#8217;impostos i tributs. Tamb\u00e9 se&#8217;ls ha fet entrega del calendari de 2019 editat per l&#8217;Ajuntament i d&#8217;una ampolla de\u00a0vi de Cellers Domenys.<\/span><\/p>\n<hr \/>\n<p style=\"text-align: justify;\"><span style=\"color: #000000;\"><strong>CASTELLANO |<\/strong> Este lunes 22 de julio ha tenido lugar una nueva recepci\u00f3n dirigida a los reci\u00e9n llegados al municipio de la Bisbal del Pened\u00e8s. Durante el acto, que ha tenido lugar en el Auditorio Salb\u00e0 del CMC, los asistentes han recibido informaci\u00f3n de utilidad relacionada con el pueblo de la Bisbal, como por ejemplo los servicios p\u00fablicos que se ofrecen en el municipio, las fiestas que se celebran, el listado de entidades de la villa, informaci\u00f3n sobre el servicio de bus o el calendario de pago de impuestos y tributos. Tambi\u00e9n se les ha hecho entrega del calendario del 2019 editado por el Ayuntamiento y de una botella de vino de Cellers Domenys.<\/span><\/p>\n<p>&nbsp;<\/p>\n","protected":false},"excerpt":{"rendered":"<p>Aquest dilluns 22 de juliol ha tingut lloc una nova rebuda adre\u00e7ada als nouvinguts al municipi de la Bisbal del Pened\u00e8s. Durant l&#8217;acte, que ha tingut lloc a l&#8217;Auditori Salb\u00e0 &hellip; <a href=\"https:\/\/bisbalpenedes.com\/web\/2019\/07\/23\/lajuntament-ha-rebut-als-nous-empadronats-del-municipi-aquest-dilluns-22-de-juliol\/\" class=\"more-link\">Read More<\/a><\/p>\n","protected":false},"author":4,"featured_media":10297,"comment_status":"closed","ping_status":"closed","sticky":false,"template":"","format":"standard","meta":[],"categories":[3125,8],"tags":[1444,1445,415,818],"_links":{"self":[{"href":"https:\/\/bisbalpenedes.com\/web\/wp-json\/wp\/v2\/posts\/10295"}],"collection":[{"href":"https:\/\/bisbalpenedes.com\/web\/wp-json\/wp\/v2\/posts"}],"about":[{"href":"https:\/\/bisbalpenedes.com\/web\/wp-json\/wp\/v2\/types\/post"}],"author":[{"embeddable":true,"href":"https:\/\/bisbalpenedes.com\/web\/wp-json\/wp\/v2\/users\/4"}],"replies":[{"embeddable":true,"href":"https:\/\/bisbalpenedes.com\/web\/wp-json\/wp\/v2\/comments?post=10295"}],"version-history":[{"count":2,"href":"https:\/\/bisbalpenedes.com\/web\/wp-json\/wp\/v2\/posts\/10295\/revisions"}],"predecessor-version":[{"id":10298,"href":"https:\/\/bisbalpenedes.com\/web\/wp-json\/wp\/v2\/posts\/10295\/revisions\/10298"}],"wp:featuredmedia":[{"embeddable":true,"href":"https:\/\/bisbalpenedes.com\/web\/wp-json\/wp\/v2\/media\/10297"}],"wp:attachment":[{"href":"https:\/\/bisbalpenedes.com\/web\/wp-json\/wp\/v2\/media?parent=10295"}],"wp:term":[{"taxonomy":"category","embeddable":true,"href":"https:\/\/bisbalpenedes.com\/web\/wp-json\/wp\/v2\/categories?post=10295"},{"taxonomy":"post_tag","embeddable":true,"href":"https:\/\/bisbalpenedes.com\/web\/wp-json\/wp\/v2\/tags?post=10295"}],"curies":[{"name":"wp","href":"https:\/\/api.w.org\/{rel}","templated":true}]}}