{"id":10286,"date":"2019-07-22T06:43:28","date_gmt":"2019-07-22T05:43:28","guid":{"rendered":"http:\/\/bisbalpenedes.com\/web\/?p=10286"},"modified":"2019-07-24T18:48:17","modified_gmt":"2019-07-24T17:48:17","slug":"sobren-les-inscripcions-per-als-tornejos-de-futbol-sala-de-la-festa-major","status":"publish","type":"post","link":"https:\/\/bisbalpenedes.com\/web\/2019\/07\/22\/sobren-les-inscripcions-per-als-tornejos-de-futbol-sala-de-la-festa-major\/","title":{"rendered":"S&#8217;obren les inscripcions per als tornejos de futbol sala de la Festa Major"},"content":{"rendered":"<p style=\"text-align: justify;\"><span style=\"color: #000000;\">S\u2019obren les inscripcions per participar en els tornejos de futbol sala de la Festa Major. Al cartell hi podeu trobar els tel\u00e8fons per a fer les inscripcions.<\/span><\/p>\n<hr \/>\n<p style=\"text-align: justify;\"><span style=\"color: #000000;\">Se abren las inscripciones para participar en los torneos de f\u00fatbol sala de la Fiesta Mayor. En el cartel podr\u00e9is encontrar los tel\u00e9fonos para hacer las inscripciones.<\/span><\/p>\n<p><a href=\"http:\/\/bisbalpenedes.com\/web\/wp-content\/uploads\/2019\/07\/futbol-24h-2019c.jpg\"><img loading=\"lazy\" class=\"aligncenter size-large wp-image-10287\" src=\"http:\/\/bisbalpenedes.com\/web\/wp-content\/uploads\/2019\/07\/futbol-24h-2019c-730x1024.jpg\" alt=\"futbol-24h-2019c\" width=\"630\" height=\"884\" srcset=\"https:\/\/bisbalpenedes.com\/web\/wp-content\/uploads\/2019\/07\/futbol-24h-2019c-730x1024.jpg 730w, https:\/\/bisbalpenedes.com\/web\/wp-content\/uploads\/2019\/07\/futbol-24h-2019c-600x841.jpg 600w, https:\/\/bisbalpenedes.com\/web\/wp-content\/uploads\/2019\/07\/futbol-24h-2019c-214x300.jpg 214w, https:\/\/bisbalpenedes.com\/web\/wp-content\/uploads\/2019\/07\/futbol-24h-2019c-768x1077.jpg 768w, https:\/\/bisbalpenedes.com\/web\/wp-content\/uploads\/2019\/07\/futbol-24h-2019c.jpg 1276w\" sizes=\"(max-width: 630px) 100vw, 630px\" \/><\/a><\/p>\n","protected":false},"excerpt":{"rendered":"<p>S\u2019obren les inscripcions per participar en els tornejos de futbol sala de la Festa Major. Al cartell hi podeu trobar els tel\u00e8fons per a fer les inscripcions. Se abren las &hellip; <a href=\"https:\/\/bisbalpenedes.com\/web\/2019\/07\/22\/sobren-les-inscripcions-per-als-tornejos-de-futbol-sala-de-la-festa-major\/\" class=\"more-link\">Read More<\/a><\/p>\n","protected":false},"author":4,"featured_media":10287,"comment_status":"closed","ping_status":"closed","sticky":false,"template":"","format":"standard","meta":[],"categories":[19],"tags":[368,366,3143],"_links":{"self":[{"href":"https:\/\/bisbalpenedes.com\/web\/wp-json\/wp\/v2\/posts\/10286"}],"collection":[{"href":"https:\/\/bisbalpenedes.com\/web\/wp-json\/wp\/v2\/posts"}],"about":[{"href":"https:\/\/bisbalpenedes.com\/web\/wp-json\/wp\/v2\/types\/post"}],"author":[{"embeddable":true,"href":"https:\/\/bisbalpenedes.com\/web\/wp-json\/wp\/v2\/users\/4"}],"replies":[{"embeddable":true,"href":"https:\/\/bisbalpenedes.com\/web\/wp-json\/wp\/v2\/comments?post=10286"}],"version-history":[{"count":1,"href":"https:\/\/bisbalpenedes.com\/web\/wp-json\/wp\/v2\/posts\/10286\/revisions"}],"predecessor-version":[{"id":10288,"href":"https:\/\/bisbalpenedes.com\/web\/wp-json\/wp\/v2\/posts\/10286\/revisions\/10288"}],"wp:featuredmedia":[{"embeddable":true,"href":"https:\/\/bisbalpenedes.com\/web\/wp-json\/wp\/v2\/media\/10287"}],"wp:attachment":[{"href":"https:\/\/bisbalpenedes.com\/web\/wp-json\/wp\/v2\/media?parent=10286"}],"wp:term":[{"taxonomy":"category","embeddable":true,"href":"https:\/\/bisbalpenedes.com\/web\/wp-json\/wp\/v2\/categories?post=10286"},{"taxonomy":"post_tag","embeddable":true,"href":"https:\/\/bisbalpenedes.com\/web\/wp-json\/wp\/v2\/tags?post=10286"}],"curies":[{"name":"wp","href":"https:\/\/api.w.org\/{rel}","templated":true}]}}