{"id":10282,"date":"2019-07-19T16:51:09","date_gmt":"2019-07-19T15:51:09","guid":{"rendered":"http:\/\/bisbalpenedes.com\/web\/?p=10282"},"modified":"2019-07-19T16:53:10","modified_gmt":"2019-07-19T15:53:10","slug":"els-dies-23-i-24-de-juliol-es-faran-reunions-informatives-sobre-la-installacio-de-la-fibra-optica-a-la-miralba-el-priorat-can-gordei-lesplai-la-masieta-i-santa-cristina","status":"publish","type":"post","link":"https:\/\/bisbalpenedes.com\/web\/2019\/07\/19\/els-dies-23-i-24-de-juliol-es-faran-reunions-informatives-sobre-la-installacio-de-la-fibra-optica-a-la-miralba-el-priorat-can-gordei-lesplai-la-masieta-i-santa-cristina\/","title":{"rendered":"Els dies 23 i 24 de juliol es faran reunions informatives sobre la instal\u00b7laci\u00f3 de la fibra \u00f2ptica a la Miralba, el Priorat de la Bisbal, Can Gordei, l&#8217;Esplai, la Masieta i la Pineda de Santa Cristina"},"content":{"rendered":"<p style=\"text-align: justify;\"><span style=\"color: #000000;\">L\u2019empresa XTA est\u00e0 comen\u00e7ant a instal\u00b7lar fibra \u00f2ptica als barris de la Miralba, el Priorat de la Bisbal, Can Gordei, l\u2019Esplai, la Masieta i la Pineda de Santa Cristina. Al nucli i al Papagai ja est\u00e0 instal\u00b7lada. \u00c9s per aquest motiu que convoca la ciutadania a una reuni\u00f3 amb l\u2019objectiu de fer arribar a la poblaci\u00f3 el pla de desplegament, els terminis d\u2019instal\u00b7laci\u00f3 previstos, les tarifes de la companyia i donar resposta als dubtes que pugueu tenir els bisbalencs i les bisbalenques.<\/span><\/p>\n<p style=\"text-align: justify;\"><span style=\"color: #000000;\">Les reunions es faran en els locals socials de quatre barris bisbalencs per\u00f2 totes elles s\u00f3n obertes a tothom i hi pot assistir qualsevol persona que hi estigui interessada.<\/span><\/p>\n<p style=\"text-align: justify;\"><span style=\"color: #000000;\"><strong>REUNIONS PREVISTES:<\/strong><\/span><\/p>\n<p style=\"text-align: justify;\"><span style=\"color: #000000;\"><strong>Dimarts 23 de juliol<\/strong><\/span><\/p>\n<p style=\"padding-left: 30px; text-align: justify;\"><span style=\"color: #000000;\">17:00h Local social del Priorat de la Bisbal<\/span><\/p>\n<p style=\"padding-left: 30px; text-align: justify;\"><span style=\"color: #000000;\">19:00h Local social de la Miralba<\/span><\/p>\n<p style=\"text-align: justify;\"><span style=\"color: #000000;\"><strong>Dimecres 24 juliol<\/strong><\/span><\/p>\n<p style=\"padding-left: 30px; text-align: justify;\"><span style=\"color: #000000;\">17:00h Local social de l\u2019Esplai<\/span><\/p>\n<p style=\"padding-left: 30px; text-align: justify;\"><span style=\"color: #000000;\">19:00h Local social de Can Gordei<\/span><\/p>\n<hr \/>\n<p style=\"text-align: justify;\"><span style=\"color: #000000;\"><strong>CASTELLANO |<\/strong> La empresa XTA est\u00e1 empezando a instalar fibra \u00f3ptica en los barrios de la Miralba, el Priorat de la Bisbal, Can Gordei, l&#8217;Esplai, la Masieta y la Pineda de Santa Cristina. En el n\u00facelo y en el Papagai ya est\u00e1 instalada. Es por este motivo que convoca a la ciudadan\u00eda a una reuni\u00f3n con el objetivo de hacer llegar a la poblaci\u00f3n el plan de despliegue, los plazos de instalaci\u00f3n previstos, las tarifas de la compa\u00f1\u00eda y dar respuesta a las dudas que pod\u00e1is tener los bisbalencs y bisbalenques.<\/span><\/p>\n<p style=\"text-align: justify;\"><span style=\"color: #000000;\">Las reuniones se har\u00e1n en los locales sociales de cuatro barrios de la Bisbal pero todas ellas son abiertas a todo el mundo y puede asistir cualquier persona que est\u00e9 interesada en el tema.<\/span><\/p>\n<p style=\"text-align: justify;\"><span style=\"color: #000000;\"><strong>REUNIONES PREVISTAS:<\/strong><\/span><\/p>\n<p style=\"text-align: justify;\"><span style=\"color: #000000;\"><strong>Martes 23 de julio<\/strong><\/span><\/p>\n<p style=\"padding-left: 30px; text-align: justify;\"><span style=\"color: #000000;\">17:00h Local social del Priorat de la Bisbal<\/span><\/p>\n<p style=\"padding-left: 30px; text-align: justify;\"><span style=\"color: #000000;\">19:00h Local social de la Miralba<\/span><\/p>\n<p style=\"text-align: justify;\"><span style=\"color: #000000;\"><strong>Mi\u00e9rcoles 24 de julio<\/strong><\/span><\/p>\n<p style=\"padding-left: 30px; text-align: justify;\"><span style=\"color: #000000;\">17:00h Local social de l&#8217;Esplai<\/span><\/p>\n<p style=\"padding-left: 30px; text-align: justify;\"><span style=\"color: #000000;\">19:00h Local social de Can Gordei<\/span><\/p>\n<p><a href=\"http:\/\/bisbalpenedes.com\/web\/wp-content\/uploads\/2019\/07\/CARTELL-XTA-Labisbal_page-0001.jpg\"><img loading=\"lazy\" class=\"aligncenter size-large wp-image-10283\" src=\"http:\/\/bisbalpenedes.com\/web\/wp-content\/uploads\/2019\/07\/CARTELL-XTA-Labisbal_page-0001-724x1024.jpg\" alt=\"CARTELL - XTA-Labisbal_page-0001\" width=\"630\" height=\"891\" srcset=\"https:\/\/bisbalpenedes.com\/web\/wp-content\/uploads\/2019\/07\/CARTELL-XTA-Labisbal_page-0001-724x1024.jpg 724w, https:\/\/bisbalpenedes.com\/web\/wp-content\/uploads\/2019\/07\/CARTELL-XTA-Labisbal_page-0001-600x849.jpg 600w, https:\/\/bisbalpenedes.com\/web\/wp-content\/uploads\/2019\/07\/CARTELL-XTA-Labisbal_page-0001-212x300.jpg 212w, https:\/\/bisbalpenedes.com\/web\/wp-content\/uploads\/2019\/07\/CARTELL-XTA-Labisbal_page-0001-768x1086.jpg 768w, https:\/\/bisbalpenedes.com\/web\/wp-content\/uploads\/2019\/07\/CARTELL-XTA-Labisbal_page-0001.jpg 1754w\" sizes=\"(max-width: 630px) 100vw, 630px\" \/><\/a><\/p>\n<p>&nbsp;<\/p>\n<p>&nbsp;<\/p>\n","protected":false},"excerpt":{"rendered":"<p>L\u2019empresa XTA est\u00e0 comen\u00e7ant a instal\u00b7lar fibra \u00f2ptica als barris de la Miralba, el Priorat de la Bisbal, Can Gordei, l\u2019Esplai, la Masieta i la Pineda de Santa Cristina. Al &hellip; <a href=\"https:\/\/bisbalpenedes.com\/web\/2019\/07\/19\/els-dies-23-i-24-de-juliol-es-faran-reunions-informatives-sobre-la-installacio-de-la-fibra-optica-a-la-miralba-el-priorat-can-gordei-lesplai-la-masieta-i-santa-cristina\/\" class=\"more-link\">Read More<\/a><\/p>\n","protected":false},"author":4,"featured_media":10283,"comment_status":"closed","ping_status":"closed","sticky":false,"template":"","format":"standard","meta":[],"categories":[2238],"tags":[198,1099,276,587,246,520,2375,623,2473],"_links":{"self":[{"href":"https:\/\/bisbalpenedes.com\/web\/wp-json\/wp\/v2\/posts\/10282"}],"collection":[{"href":"https:\/\/bisbalpenedes.com\/web\/wp-json\/wp\/v2\/posts"}],"about":[{"href":"https:\/\/bisbalpenedes.com\/web\/wp-json\/wp\/v2\/types\/post"}],"author":[{"embeddable":true,"href":"https:\/\/bisbalpenedes.com\/web\/wp-json\/wp\/v2\/users\/4"}],"replies":[{"embeddable":true,"href":"https:\/\/bisbalpenedes.com\/web\/wp-json\/wp\/v2\/comments?post=10282"}],"version-history":[{"count":2,"href":"https:\/\/bisbalpenedes.com\/web\/wp-json\/wp\/v2\/posts\/10282\/revisions"}],"predecessor-version":[{"id":10285,"href":"https:\/\/bisbalpenedes.com\/web\/wp-json\/wp\/v2\/posts\/10282\/revisions\/10285"}],"wp:featuredmedia":[{"embeddable":true,"href":"https:\/\/bisbalpenedes.com\/web\/wp-json\/wp\/v2\/media\/10283"}],"wp:attachment":[{"href":"https:\/\/bisbalpenedes.com\/web\/wp-json\/wp\/v2\/media?parent=10282"}],"wp:term":[{"taxonomy":"category","embeddable":true,"href":"https:\/\/bisbalpenedes.com\/web\/wp-json\/wp\/v2\/categories?post=10282"},{"taxonomy":"post_tag","embeddable":true,"href":"https:\/\/bisbalpenedes.com\/web\/wp-json\/wp\/v2\/tags?post=10282"}],"curies":[{"name":"wp","href":"https:\/\/api.w.org\/{rel}","templated":true}]}}