{"id":1028,"date":"2014-09-26T18:27:27","date_gmt":"2014-09-26T12:27:27","guid":{"rendered":"http:\/\/bisbalpenedes.com\/web\/?p=1028"},"modified":"2014-10-01T14:50:48","modified_gmt":"2014-10-01T08:50:48","slug":"taller-de-titelles","status":"publish","type":"post","link":"https:\/\/bisbalpenedes.com\/web\/2014\/09\/26\/taller-de-titelles\/","title":{"rendered":"Taller de titelles"},"content":{"rendered":"<p>Per la Fira 2014, Taller de titelles a la pla\u00e7a de l&#8217;Esgl\u00e9sia de les 11:30 a les 14h.<\/p>\n<p>organitzat per la Fundaci\u00f3 Humana, Pueblo a Pueblo<\/p>\n<p><a href=\"http:\/\/bisbalpenedes.com\/web\/wp-content\/uploads\/2014\/09\/titelles14.jpg\"><img loading=\"lazy\" class=\"aligncenter size-large wp-image-1029\" title=\"titelles14\" src=\"http:\/\/bisbalpenedes.com\/web\/wp-content\/uploads\/2014\/09\/titelles14-721x1024.jpg\" alt=\"\" width=\"630\" height=\"894\" srcset=\"https:\/\/bisbalpenedes.com\/web\/wp-content\/uploads\/2014\/09\/titelles14-721x1024.jpg 721w, https:\/\/bisbalpenedes.com\/web\/wp-content\/uploads\/2014\/09\/titelles14-600x851.jpg 600w, https:\/\/bisbalpenedes.com\/web\/wp-content\/uploads\/2014\/09\/titelles14-211x300.jpg 211w, https:\/\/bisbalpenedes.com\/web\/wp-content\/uploads\/2014\/09\/titelles14.jpg 1000w\" sizes=\"(max-width: 630px) 100vw, 630px\" \/><\/a><\/p>\n","protected":false},"excerpt":{"rendered":"<p>Per la Fira 2014, Taller de titelles a la pla\u00e7a de l&#8217;Esgl\u00e9sia de les 11:30 a les 14h. organitzat per la Fundaci\u00f3 Humana, Pueblo a Pueblo<\/p>\n","protected":false},"author":1,"featured_media":1030,"comment_status":"closed","ping_status":"open","sticky":false,"template":"","format":"standard","meta":[],"categories":[13],"tags":[84,119],"_links":{"self":[{"href":"https:\/\/bisbalpenedes.com\/web\/wp-json\/wp\/v2\/posts\/1028"}],"collection":[{"href":"https:\/\/bisbalpenedes.com\/web\/wp-json\/wp\/v2\/posts"}],"about":[{"href":"https:\/\/bisbalpenedes.com\/web\/wp-json\/wp\/v2\/types\/post"}],"author":[{"embeddable":true,"href":"https:\/\/bisbalpenedes.com\/web\/wp-json\/wp\/v2\/users\/1"}],"replies":[{"embeddable":true,"href":"https:\/\/bisbalpenedes.com\/web\/wp-json\/wp\/v2\/comments?post=1028"}],"version-history":[{"count":3,"href":"https:\/\/bisbalpenedes.com\/web\/wp-json\/wp\/v2\/posts\/1028\/revisions"}],"predecessor-version":[{"id":1032,"href":"https:\/\/bisbalpenedes.com\/web\/wp-json\/wp\/v2\/posts\/1028\/revisions\/1032"}],"wp:featuredmedia":[{"embeddable":true,"href":"https:\/\/bisbalpenedes.com\/web\/wp-json\/wp\/v2\/media\/1030"}],"wp:attachment":[{"href":"https:\/\/bisbalpenedes.com\/web\/wp-json\/wp\/v2\/media?parent=1028"}],"wp:term":[{"taxonomy":"category","embeddable":true,"href":"https:\/\/bisbalpenedes.com\/web\/wp-json\/wp\/v2\/categories?post=1028"},{"taxonomy":"post_tag","embeddable":true,"href":"https:\/\/bisbalpenedes.com\/web\/wp-json\/wp\/v2\/tags?post=1028"}],"curies":[{"name":"wp","href":"https:\/\/api.w.org\/{rel}","templated":true}]}}