{"id":10277,"date":"2019-07-19T16:34:32","date_gmt":"2019-07-19T15:34:32","guid":{"rendered":"http:\/\/bisbalpenedes.com\/web\/?p=10277"},"modified":"2019-07-19T16:35:30","modified_gmt":"2019-07-19T15:35:30","slug":"lajuntament-de-la-bisbal-assisteix-a-un-acte-organitzat-pel-gran-teatre-del-liceu-adrecat-als-ajuntaments-de-catalunya-que-programen-el-liceu-a-la-fresca","status":"publish","type":"post","link":"https:\/\/bisbalpenedes.com\/web\/2019\/07\/19\/lajuntament-de-la-bisbal-assisteix-a-un-acte-organitzat-pel-gran-teatre-del-liceu-adrecat-als-ajuntaments-de-catalunya-que-programen-el-liceu-a-la-fresca\/","title":{"rendered":"L&#8217;Ajuntament ha assistit a un acte adre\u00e7at als ajuntaments que programen el Liceu a la Fresca"},"content":{"rendered":"<p style=\"text-align: justify;\"><a href=\"http:\/\/bisbalpenedes.com\/web\/wp-content\/uploads\/2019\/07\/liceu-6.jpg\"><img loading=\"lazy\" class=\"aligncenter size-large wp-image-10278\" src=\"http:\/\/bisbalpenedes.com\/web\/wp-content\/uploads\/2019\/07\/liceu-6-1024x768.jpg\" alt=\"liceu 6\" width=\"630\" height=\"473\" srcset=\"https:\/\/bisbalpenedes.com\/web\/wp-content\/uploads\/2019\/07\/liceu-6-1024x768.jpg 1024w, https:\/\/bisbalpenedes.com\/web\/wp-content\/uploads\/2019\/07\/liceu-6-600x450.jpg 600w, https:\/\/bisbalpenedes.com\/web\/wp-content\/uploads\/2019\/07\/liceu-6-300x225.jpg 300w, https:\/\/bisbalpenedes.com\/web\/wp-content\/uploads\/2019\/07\/liceu-6-768x576.jpg 768w, https:\/\/bisbalpenedes.com\/web\/wp-content\/uploads\/2019\/07\/liceu-6.jpg 1599w\" sizes=\"(max-width: 630px) 100vw, 630px\" \/><\/a><\/p>\n<p style=\"text-align: justify;\"><span style=\"color: #000000;\">El Gran Teatre del Liceu ha convidat els membres de l\u2019equip de govern de la Bisbal del Pened\u00e8s a la funci\u00f3 de l\u2019\u00d2pera Luisa Miler, de Verdi, com a agra\u00efment per la participaci\u00f3 en l\u2019activitat Liceu a la fresca, un acte que s\u2019ha programat a la Bisbal del Penedes per segon any consecutiu i que ha comptat amb un total de 70 assistents. Un total de 243 municipis van retransmetre en directe, el passat 28 de juny, l\u2019\u00f2pera Tosca, i per aquest motiu els seus ajuntaments van ser convidats a assistir, el passat dijous 18 de juliol, al Liceu.<\/span><\/p>\n<p style=\"text-align: justify;\"><span style=\"color: #000000;\">Segons el Gran Teatre del Liceu \u201cLa implicaci\u00f3 que heu demostrat en aquest projecte ha estat i \u00e9s indispensable i possibilita que any rere any el <em>Liceu a la fresca<\/em> creixi i cada vegada m\u00e9s municipis gaudeixin d\u2019aquesta experi\u00e8ncia\u201d. Per aquest motiu han convidat els ajuntaments a assistir a la funci\u00f3 Miller, de Verdi, que ha comptat amb una recepci\u00f3,\u00a0 una fotografia de grup, una copa de cava i els parlaments del President del Patronat de la Fundaci\u00f3 del Gran Teatre del Liceu, Salvador Alemany; i del M. Hble. Sr. Quim Torra i Pla, President de la Generalitat.<\/span><\/p>\n<p style=\"text-align: justify;\"><a href=\"http:\/\/bisbalpenedes.com\/web\/wp-content\/uploads\/2019\/07\/liceu-5.jpg\"><img loading=\"lazy\" class=\"aligncenter size-large wp-image-10279\" src=\"http:\/\/bisbalpenedes.com\/web\/wp-content\/uploads\/2019\/07\/liceu-5-1024x768.jpg\" alt=\"liceu 5\" width=\"630\" height=\"473\" srcset=\"https:\/\/bisbalpenedes.com\/web\/wp-content\/uploads\/2019\/07\/liceu-5-1024x768.jpg 1024w, https:\/\/bisbalpenedes.com\/web\/wp-content\/uploads\/2019\/07\/liceu-5-600x450.jpg 600w, https:\/\/bisbalpenedes.com\/web\/wp-content\/uploads\/2019\/07\/liceu-5-300x225.jpg 300w, https:\/\/bisbalpenedes.com\/web\/wp-content\/uploads\/2019\/07\/liceu-5-768x576.jpg 768w, https:\/\/bisbalpenedes.com\/web\/wp-content\/uploads\/2019\/07\/liceu-5.jpg 1599w\" sizes=\"(max-width: 630px) 100vw, 630px\" \/><\/a><\/p>\n<hr \/>\n<p style=\"text-align: justify;\"><span style=\"color: #000000;\"><strong>CASTELLANO |<\/strong> El Gran Teatre del Liceu ha invitado a los miembros del equipo de gobierno de la Bisbal del Pened\u00e8s a la funci\u00f3n de la \u00d3pera Luisa Miler, de Verdi, como agradecimiento por la participaci\u00f3n en la actividad Liceu a la fresca, un acto que se ha programado en la Bisbal del Pened\u00e8s por segundo a\u00f1o consecutivo y que ha contado con un total de 70 asistentes. Un total de 243 municipios retransmitieron en directo, el pasado 28 de junio, la \u00f3pera Tosca, y por este motivo sus ayuntamientos\u00a0fueron invitados a asistir, el pasado jueves 18 de julio, al Liceu.<\/span><\/p>\n<p style=\"text-align: justify;\"><span style=\"color: #000000;\">Seg\u00fan el Gran Teatre del Liceu &#8220;La implicaci\u00f3n que hab\u00e9is demostrado en este proyecto ha sido y es indispensable y posibilita que a\u00f1o tras a\u00f1o el <em>Liceu a la fresca<\/em> crezca y cada vez m\u00e1s municipios disfruten de esta experiencia&#8221;. Por este motivo han invitado a los ayuntamientos a asistir a la funci\u00f3n Miller, de Verdi, que ha contado con una recepci\u00f3n, una fotograf\u00eda de grupo, una copa de cava y los parlamentos del Presidente del Patronato de la Fundaci\u00f3n del Gran Teatre del Liceu, Salvador Alemany; y del M. Hble. Sr. Quim Torra i Pla, Presidente de la Generalitat.<\/span><\/p>\n","protected":false},"excerpt":{"rendered":"<p>El Gran Teatre del Liceu ha convidat els membres de l\u2019equip de govern de la Bisbal del Pened\u00e8s a la funci\u00f3 de l\u2019\u00d2pera Luisa Miler, de Verdi, com a agra\u00efment &hellip; <a href=\"https:\/\/bisbalpenedes.com\/web\/2019\/07\/19\/lajuntament-de-la-bisbal-assisteix-a-un-acte-organitzat-pel-gran-teatre-del-liceu-adrecat-als-ajuntaments-de-catalunya-que-programen-el-liceu-a-la-fresca\/\" class=\"more-link\">Read More<\/a><\/p>\n","protected":false},"author":4,"featured_media":10278,"comment_status":"closed","ping_status":"closed","sticky":false,"template":"","format":"standard","meta":[],"categories":[13],"tags":[615,3092],"_links":{"self":[{"href":"https:\/\/bisbalpenedes.com\/web\/wp-json\/wp\/v2\/posts\/10277"}],"collection":[{"href":"https:\/\/bisbalpenedes.com\/web\/wp-json\/wp\/v2\/posts"}],"about":[{"href":"https:\/\/bisbalpenedes.com\/web\/wp-json\/wp\/v2\/types\/post"}],"author":[{"embeddable":true,"href":"https:\/\/bisbalpenedes.com\/web\/wp-json\/wp\/v2\/users\/4"}],"replies":[{"embeddable":true,"href":"https:\/\/bisbalpenedes.com\/web\/wp-json\/wp\/v2\/comments?post=10277"}],"version-history":[{"count":2,"href":"https:\/\/bisbalpenedes.com\/web\/wp-json\/wp\/v2\/posts\/10277\/revisions"}],"predecessor-version":[{"id":10281,"href":"https:\/\/bisbalpenedes.com\/web\/wp-json\/wp\/v2\/posts\/10277\/revisions\/10281"}],"wp:featuredmedia":[{"embeddable":true,"href":"https:\/\/bisbalpenedes.com\/web\/wp-json\/wp\/v2\/media\/10278"}],"wp:attachment":[{"href":"https:\/\/bisbalpenedes.com\/web\/wp-json\/wp\/v2\/media?parent=10277"}],"wp:term":[{"taxonomy":"category","embeddable":true,"href":"https:\/\/bisbalpenedes.com\/web\/wp-json\/wp\/v2\/categories?post=10277"},{"taxonomy":"post_tag","embeddable":true,"href":"https:\/\/bisbalpenedes.com\/web\/wp-json\/wp\/v2\/tags?post=10277"}],"curies":[{"name":"wp","href":"https:\/\/api.w.org\/{rel}","templated":true}]}}