{"id":10266,"date":"2019-07-18T18:33:42","date_gmt":"2019-07-18T17:33:42","guid":{"rendered":"http:\/\/bisbalpenedes.com\/web\/?p=10266"},"modified":"2019-07-18T18:37:52","modified_gmt":"2019-07-18T17:37:52","slug":"la-parroquia-de-santa-maria-organitza-una-missa-a-lermita-de-santa-cristina-per-al-dia-24-de-juliol","status":"publish","type":"post","link":"https:\/\/bisbalpenedes.com\/web\/2019\/07\/18\/la-parroquia-de-santa-maria-organitza-una-missa-a-lermita-de-santa-cristina-per-al-dia-24-de-juliol\/","title":{"rendered":"La Parr\u00f2quia de Santa Maria organitza una missa a l&#8217;Ermita de Santa Cristina per al dia 24 de juliol"},"content":{"rendered":"<p style=\"text-align: justify;\"><span style=\"color: #000000;\">Un any m\u00e9s, la Parr\u00f2quia de Santa Maria de la Bisbal del Pened\u00e8s us convida a\u00a0assistir a\u00a0la Missa solemne en honor a Santa Cristina que tindr\u00e0 lloc a l&#8217;Ermita de Santa Cristina el proper dimecres 24 de juliol a les 20h.<\/span><\/p>\n<p style=\"text-align: justify;\"><span style=\"color: #000000;\">En acabar, hi haur\u00e0 coca i cava per als assistents.<\/span><\/p>\n<hr \/>\n<p style=\"text-align: justify;\"><span style=\"color: #000000;\">Un a\u00f1o m\u00e1s, la Parroquia de Santa Mar\u00eda de la Bisbal del Pened\u00e8s os invita a\u00a0asistir a la Misa solemne en honor a Santa Cristina que tendr\u00e1 lugar en la Ermita de Santa Cristina el pr\u00f3ximo mi\u00e9rcoles 24 de julio a las 20h.<\/span><\/p>\n<p style=\"text-align: justify;\"><span style=\"color: #000000;\">Al finalizar, habr\u00e1 coca y cava para los asistentes.<\/span><\/p>\n<p><a href=\"http:\/\/bisbalpenedes.com\/web\/wp-content\/uploads\/2019\/07\/ERMITA-STA-CRISTINA.jpg\"><img loading=\"lazy\" class=\"aligncenter size-large wp-image-10267\" src=\"http:\/\/bisbalpenedes.com\/web\/wp-content\/uploads\/2019\/07\/ERMITA-STA-CRISTINA-730x1024.jpg\" alt=\"ERMITA STA CRISTINA\" width=\"630\" height=\"884\" srcset=\"https:\/\/bisbalpenedes.com\/web\/wp-content\/uploads\/2019\/07\/ERMITA-STA-CRISTINA-730x1024.jpg 730w, https:\/\/bisbalpenedes.com\/web\/wp-content\/uploads\/2019\/07\/ERMITA-STA-CRISTINA-600x841.jpg 600w, https:\/\/bisbalpenedes.com\/web\/wp-content\/uploads\/2019\/07\/ERMITA-STA-CRISTINA-214x300.jpg 214w, https:\/\/bisbalpenedes.com\/web\/wp-content\/uploads\/2019\/07\/ERMITA-STA-CRISTINA-768x1077.jpg 768w, https:\/\/bisbalpenedes.com\/web\/wp-content\/uploads\/2019\/07\/ERMITA-STA-CRISTINA.jpg 1819w\" sizes=\"(max-width: 630px) 100vw, 630px\" \/><\/a><\/p>\n","protected":false},"excerpt":{"rendered":"<p>Un any m\u00e9s, la Parr\u00f2quia de Santa Maria de la Bisbal del Pened\u00e8s us convida a\u00a0assistir a\u00a0la Missa solemne en honor a Santa Cristina que tindr\u00e0 lloc a l&#8217;Ermita de &hellip; <a href=\"https:\/\/bisbalpenedes.com\/web\/2019\/07\/18\/la-parroquia-de-santa-maria-organitza-una-missa-a-lermita-de-santa-cristina-per-al-dia-24-de-juliol\/\" class=\"more-link\">Read More<\/a><\/p>\n","protected":false},"author":4,"featured_media":10267,"comment_status":"closed","ping_status":"closed","sticky":false,"template":"","format":"standard","meta":[],"categories":[20,8],"tags":[637,638,623],"_links":{"self":[{"href":"https:\/\/bisbalpenedes.com\/web\/wp-json\/wp\/v2\/posts\/10266"}],"collection":[{"href":"https:\/\/bisbalpenedes.com\/web\/wp-json\/wp\/v2\/posts"}],"about":[{"href":"https:\/\/bisbalpenedes.com\/web\/wp-json\/wp\/v2\/types\/post"}],"author":[{"embeddable":true,"href":"https:\/\/bisbalpenedes.com\/web\/wp-json\/wp\/v2\/users\/4"}],"replies":[{"embeddable":true,"href":"https:\/\/bisbalpenedes.com\/web\/wp-json\/wp\/v2\/comments?post=10266"}],"version-history":[{"count":4,"href":"https:\/\/bisbalpenedes.com\/web\/wp-json\/wp\/v2\/posts\/10266\/revisions"}],"predecessor-version":[{"id":10271,"href":"https:\/\/bisbalpenedes.com\/web\/wp-json\/wp\/v2\/posts\/10266\/revisions\/10271"}],"wp:featuredmedia":[{"embeddable":true,"href":"https:\/\/bisbalpenedes.com\/web\/wp-json\/wp\/v2\/media\/10267"}],"wp:attachment":[{"href":"https:\/\/bisbalpenedes.com\/web\/wp-json\/wp\/v2\/media?parent=10266"}],"wp:term":[{"taxonomy":"category","embeddable":true,"href":"https:\/\/bisbalpenedes.com\/web\/wp-json\/wp\/v2\/categories?post=10266"},{"taxonomy":"post_tag","embeddable":true,"href":"https:\/\/bisbalpenedes.com\/web\/wp-json\/wp\/v2\/tags?post=10266"}],"curies":[{"name":"wp","href":"https:\/\/api.w.org\/{rel}","templated":true}]}}