{"id":10262,"date":"2019-07-19T08:48:20","date_gmt":"2019-07-19T07:48:20","guid":{"rendered":"http:\/\/bisbalpenedes.com\/web\/?p=10262"},"modified":"2019-07-19T08:48:20","modified_gmt":"2019-07-19T07:48:20","slug":"ja-ha-comencat-la-segona-auditoria-ciutadana-de-lajuntament-de-la-bisbal-del-penedes","status":"publish","type":"post","link":"https:\/\/bisbalpenedes.com\/web\/2019\/07\/19\/ja-ha-comencat-la-segona-auditoria-ciutadana-de-lajuntament-de-la-bisbal-del-penedes\/","title":{"rendered":"Ja ha comen\u00e7at la segona Auditoria Ciutadana de l&#8217;Ajuntament de la Bisbal del Pened\u00e8s"},"content":{"rendered":"<p style=\"text-align: justify;\"><a href=\"http:\/\/bisbalpenedes.com\/web\/wp-content\/uploads\/2019\/07\/DSC04245.jpg\"><img loading=\"lazy\" class=\"aligncenter size-large wp-image-10272\" src=\"http:\/\/bisbalpenedes.com\/web\/wp-content\/uploads\/2019\/07\/DSC04245-1024x768.jpg\" alt=\"auditoria ciutadana 2019\" width=\"630\" height=\"473\" srcset=\"https:\/\/bisbalpenedes.com\/web\/wp-content\/uploads\/2019\/07\/DSC04245-1024x768.jpg 1024w, https:\/\/bisbalpenedes.com\/web\/wp-content\/uploads\/2019\/07\/DSC04245-600x450.jpg 600w, https:\/\/bisbalpenedes.com\/web\/wp-content\/uploads\/2019\/07\/DSC04245-300x225.jpg 300w, https:\/\/bisbalpenedes.com\/web\/wp-content\/uploads\/2019\/07\/DSC04245-768x576.jpg 768w\" sizes=\"(max-width: 630px) 100vw, 630px\" \/><\/a><\/p>\n<p style=\"text-align: justify;\"><span style=\"color: #000000;\">Aquest dimecres 17 de juliol l\u2019alcaldessa Agn\u00e8s Ferr\u00e9 ha convocat a l\u2019Ajuntament diversos bisbalencs, escollits per sorteig, per a dur a terme l\u2019Auditoria Ciutadana, una proposta que es tira endavant per segona\u00a0vegada a la Bisbal i que consisteix a apropar la gesti\u00f3 de la comptabilitat municipal a la ciutadania.<\/span><\/p>\n<p style=\"text-align: justify;\"><span style=\"color: #000000;\">L\u2019Ajuntament de la Bisbal del Pened\u00e8s va aprovar, el 19 de juny de 2017, el primer Reglament d\u2019Organitzaci\u00f3 Municipal (ROM) de l\u2019Ajuntament. El ROM cont\u00e9 un total de 138 articles, alguns dels quals van adre\u00e7ats directament a la ciutadania. El document aprovat contempla que els bisbalencs i les bisbalenques puguin emetre preguntes perqu\u00e8 siguin contestades en els Plens Ordinaris aix\u00ed com defineix els mitjans d\u2019informaci\u00f3 sobre la gesti\u00f3 municipal adre\u00e7ats a la ciutadania, com poden ser el Ple municipal, la revista municipal, el web i les xarxes socials, eBando, la cartelleria, la convocat\u00f2ria de processos de participaci\u00f3 ciutadana, el taulell d\u2019anuncis o els pregons, entre altres. L\u2019article 83 del ROM se centra en l\u2019Auditoria Ciutadana que, justament ara, s\u2019ha posat en marxa. Funciona de la seg\u00fcent manera: es trien 10 bisbalencs o bisbalenques a l\u2019atzar i se\u2019ls convoca per participar en l\u2019\u201dAuditoria Ciutadana\u201d i, durant els 15 dies previs a la Comissi\u00f3 de Comptes, que tindr\u00e0 lloc a finals de juliol, poden consultar documentaci\u00f3, com ara factures, relacionada amb la comptabilitat de l\u2019Ajuntament.<\/span><\/p>\n<p style=\"text-align: justify;\"><span style=\"color: #000000;\">Dels deu bisbalencs seleccionats, dos han assistit a la cita. Una tercera no ha pogut assistir per\u00f2 ha confirmat la seva assist\u00e8ncia el dia de la comissi\u00f3 de comptes.\u00a0L\u2019alcaldessa els ha fet entrega d\u2019un dossier amb el pressupost de l\u2019any 2018 i la Mem\u00f2ria del Model Compte General any 2018 i els ha convidat a venir a consultar documentaci\u00f3 relacionada amb els comptes de l\u2019Ajuntament durant els dies previs a la Comissi\u00f3 de Comptes que, tot i ser un acte tancat al p\u00fablic, les deu persones triades per fer l\u2019Auditoria Ciutadana hi podran assistir.<\/span><\/p>\n<p style=\"text-align: justify;\"><span style=\"color: #000000;\">L\u2019alcaldessa de la Bisbal, Agn\u00e8s Ferr\u00e9, explica que &#8220;l&#8217;any passat ja vam iniciar l&#8217;Auditoria ciutadana i ens va agradar molt l&#8217;experi\u00e8ncia, ja que ens permet acostar el funcionament de l&#8217;Ajuntament i els seus comptes a la ciutadania i, d&#8217;aquesta manera, poder explicar de primera m\u00e0 com funciona la comptabilitat i quines s\u00f3n les tasques de gesti\u00f3 interna que ha de dur a terme l&#8217;Ajuntament. Pensem que iniciatives com aquestes apropen la ciutadania a les administracions i s\u00f3n un acte de transpar\u00e8ncia per part del govern&#8221;.<\/span><\/p>\n<p style=\"text-align: justify;\"><span style=\"color: #000000;\">Text complet del ROM:\u00a0<a style=\"color: #000000;\" href=\"http:\/\/bisbalpenedes.com\/web\/wp-content\/uploads\/2017\/09\/BISBALROM2017.pdf\" target=\"_blank\">http:\/\/bisbalpenedes.com\/web\/wp-content\/uploads\/2017\/09\/BISBALROM2017.pdf<\/a><\/span><\/p>\n<hr \/>\n<p style=\"text-align: justify;\"><span style=\"color: #000000;\"><strong>CASTELLANO<\/strong>\u00a0| Este mi\u00e9rcoles 17 de julio la alcaldesa Agn\u00e8s Ferr\u00e9 ha convocado en el Ayuntamiento de la Bisbal a varios bisbalencs, escogidos por sorteo, para llevar a cabo la Auditor\u00eda Ciudadana, una propuesta que hace por segunda vez en la Bisbal y que consiste en acercar la gesti\u00f3n de la contabilidad municipal a la ciudadan\u00eda.<\/span><\/p>\n<p style=\"text-align: justify;\"><span style=\"color: #000000;\">El Ayuntamiento de la Bisbal del Pened\u00e8s aprob\u00f3, el 19 de junio del 2018, el primer Reglamento de Organizaci\u00f3n Municipal (ROM) del Ayuntamiento. El ROM contiene un total de 138 art\u00edculos, algunos de los cuales van dirigidos directamente a la ciudadan\u00eda. El ROM contempla que los bisbalencs y las bisbalencas puedas emitir preguntas para que sean contestadas en los Plenos Ordinarios as\u00ed como define los medios de informaci\u00f3n sobre la gesti\u00f3n municipal dirigidos a la ciudadan\u00eda, como pueden ser el Pleno municipal, la revista municipal, la web y las redes sociales, eBando, la carteler\u00eda, la convocatoria de procesos de participaci\u00f3n ciudadana, el tabl\u00f3n de anuncios o los pregones, entre otros.\u00a0El art\u00edculo 83 del ROM se centra en la Auditor\u00eda Ciudadana que, justo ahora, se ha puesto en marcha. Funciona de la siguiente manera: se escogen 10 bisbalencs o bisbalenques al azar y se los convoca a participar en la \u201cAuditor\u00eda Ciudadana\u201d y, durante los 15 d\u00edas previos a la Comisi\u00f3n de Cuentas, que tendr\u00e1 lugar a finales de julio, pueden consultar documentaci\u00f3n, como por ejemplo facturas, relacionada con la contabilidad del Ayuntamiento.<\/span><\/p>\n<p style=\"text-align: justify;\"><span style=\"color: #000000;\">De los diez bisbalencs seleccionados, dos han asistido a la cita. Una tercera ha confirmado su asistencia a la Comisi\u00f3n de Cuentas. La alcaldesa les ha hecho entrega de un dossier con el presupuesto del a\u00f1o 2018 y la Memoria del Modelo Cuenta General a\u00f1o 2018 y los ha invitado a venir a consultar documentaci\u00f3n relacionada con las cuentas del Ayuntamiento durante los d\u00edas previos a la Comisi\u00f3n de Cuentas que, aunque se trata de un acto cerrado al p\u00fablico, estar\u00e1 abierto a la asistencia de las diez personas escogidas para llevar a cabo la Auditor\u00eda Ciudadana.<\/span><\/p>\n<p style=\"text-align: justify;\"><span style=\"color: #000000;\">La alcaldesa de la Bisbal, Agn\u00e8s Ferr\u00e9, explica que \u201cel a\u00f1o pasado ya iniciamos la Auditor\u00eda ciudadana y nos gust\u00f3 mucho la experiencia, ya que nos permite acercar el funcionamiento del Ayuntamiento y de sus cuentas a la ciudadan\u00eda y, de esta manera, poder explicar de primera mano como funciona la contabilidad y cu\u00e1les son las tareas de gesti\u00f3n interna que hay que llevar a cabo en el Ayuntamiento. Pensamos que iniciativas como estas acercan la ciudadan\u00eda a las administraciones y son un acto de transparencia por parte del gobierno&#8221;.<\/span><\/p>\n<p style=\"text-align: justify;\"><span style=\"color: #000000;\">Texto completo del ROM\u00a0<a style=\"color: #000000;\" href=\"http:\/\/bisbalpenedes.com\/web\/wp-content\/uploads\/2017\/09\/BISBALROM2017.pdf\">http:\/\/bisbalpenedes.com\/web\/wp-content\/uploads\/2017\/09\/BISBALROM2017.pdf<\/a><\/span><\/p>\n","protected":false},"excerpt":{"rendered":"<p>Aquest dimecres 17 de juliol l\u2019alcaldessa Agn\u00e8s Ferr\u00e9 ha convocat a l\u2019Ajuntament diversos bisbalencs, escollits per sorteig, per a dur a terme l\u2019Auditoria Ciutadana, una proposta que es tira endavant &hellip; <a href=\"https:\/\/bisbalpenedes.com\/web\/2019\/07\/19\/ja-ha-comencat-la-segona-auditoria-ciutadana-de-lajuntament-de-la-bisbal-del-penedes\/\" class=\"more-link\">Read More<\/a><\/p>\n","protected":false},"author":4,"featured_media":10272,"comment_status":"closed","ping_status":"closed","sticky":false,"template":"","format":"standard","meta":[],"categories":[2152],"tags":[2074,2077,2668,2075,479],"_links":{"self":[{"href":"https:\/\/bisbalpenedes.com\/web\/wp-json\/wp\/v2\/posts\/10262"}],"collection":[{"href":"https:\/\/bisbalpenedes.com\/web\/wp-json\/wp\/v2\/posts"}],"about":[{"href":"https:\/\/bisbalpenedes.com\/web\/wp-json\/wp\/v2\/types\/post"}],"author":[{"embeddable":true,"href":"https:\/\/bisbalpenedes.com\/web\/wp-json\/wp\/v2\/users\/4"}],"replies":[{"embeddable":true,"href":"https:\/\/bisbalpenedes.com\/web\/wp-json\/wp\/v2\/comments?post=10262"}],"version-history":[{"count":4,"href":"https:\/\/bisbalpenedes.com\/web\/wp-json\/wp\/v2\/posts\/10262\/revisions"}],"predecessor-version":[{"id":10273,"href":"https:\/\/bisbalpenedes.com\/web\/wp-json\/wp\/v2\/posts\/10262\/revisions\/10273"}],"wp:featuredmedia":[{"embeddable":true,"href":"https:\/\/bisbalpenedes.com\/web\/wp-json\/wp\/v2\/media\/10272"}],"wp:attachment":[{"href":"https:\/\/bisbalpenedes.com\/web\/wp-json\/wp\/v2\/media?parent=10262"}],"wp:term":[{"taxonomy":"category","embeddable":true,"href":"https:\/\/bisbalpenedes.com\/web\/wp-json\/wp\/v2\/categories?post=10262"},{"taxonomy":"post_tag","embeddable":true,"href":"https:\/\/bisbalpenedes.com\/web\/wp-json\/wp\/v2\/tags?post=10262"}],"curies":[{"name":"wp","href":"https:\/\/api.w.org\/{rel}","templated":true}]}}