{"id":10154,"date":"2019-07-17T10:33:24","date_gmt":"2019-07-17T09:33:24","guid":{"rendered":"http:\/\/bisbalpenedes.com\/web\/?p=10154"},"modified":"2019-07-17T11:38:25","modified_gmt":"2019-07-17T10:38:25","slug":"el-divendres-26-de-juliol-a-les-17h-taller-de-cuina-de-galetes-al-raco-de-la-gent-gran","status":"publish","type":"post","link":"https:\/\/bisbalpenedes.com\/web\/2019\/07\/17\/el-divendres-26-de-juliol-a-les-17h-taller-de-cuina-de-galetes-al-raco-de-la-gent-gran\/","title":{"rendered":"El divendres 26 de juliol a les 17h es far\u00e0 un taller de cuina de galetes al Rac\u00f3 de la Gent Gran"},"content":{"rendered":"<p><a href=\"http:\/\/bisbalpenedes.com\/web\/wp-content\/uploads\/2019\/07\/Vine-a-cuinar-les-teves_galetes_dos.jpg\"><img loading=\"lazy\" class=\"aligncenter wp-image-10155 size-medium\" src=\"http:\/\/bisbalpenedes.com\/web\/wp-content\/uploads\/2019\/07\/Vine-a-cuinar-les-teves_galetes_dos-212x300.jpg\" alt=\"Vine-a-cuinar-les-teves_galetes_dos\" width=\"212\" height=\"300\" srcset=\"https:\/\/bisbalpenedes.com\/web\/wp-content\/uploads\/2019\/07\/Vine-a-cuinar-les-teves_galetes_dos-212x300.jpg 212w, https:\/\/bisbalpenedes.com\/web\/wp-content\/uploads\/2019\/07\/Vine-a-cuinar-les-teves_galetes_dos-600x849.jpg 600w, https:\/\/bisbalpenedes.com\/web\/wp-content\/uploads\/2019\/07\/Vine-a-cuinar-les-teves_galetes_dos-768x1086.jpg 768w, https:\/\/bisbalpenedes.com\/web\/wp-content\/uploads\/2019\/07\/Vine-a-cuinar-les-teves_galetes_dos-724x1024.jpg 724w, https:\/\/bisbalpenedes.com\/web\/wp-content\/uploads\/2019\/07\/Vine-a-cuinar-les-teves_galetes_dos.jpg 794w\" sizes=\"(max-width: 212px) 100vw, 212px\" \/><\/a><\/p>\n<p style=\"text-align: justify;\"><span style=\"color: #000000;\">El divendres 26 de juliol, a les 17h, el Rac\u00f3 de la Gent Gran acollir\u00e0 una activitat de reposteria que consistir\u00e0 en l&#8217;elaboraci\u00f3 de galetes.<\/span><\/p>\n<p style=\"text-align: justify;\"><span style=\"color: #000000;\">Podeu demanar m\u00e9s informaci\u00f3 al Rac\u00f3 de la Gent Gran, de dilluns a divendres de 16h a 20h, o trucant al 678310224<\/span><\/p>\n<hr \/>\n<p style=\"text-align: justify;\"><span style=\"color: #000000;\"><strong>CASTELLANO |<\/strong> El viernes 26 de julio, a las 17h, el Rac\u00f3 de la Gent Gran acoger\u00e1 una actividad de\u00a0reposter\u00eda que consistir\u00e1 en la elaboraci\u00f3n de galletas.<\/span><\/p>\n<p style=\"text-align: justify;\"><span style=\"color: #000000;\">Pod\u00e9is pedir m\u00e1s informaci\u00f3n en el Rac\u00f3 de la Gent Gran, de lunes a viernes de 16h a 20h, o llamando al 678310224<\/span><\/p>\n","protected":false},"excerpt":{"rendered":"<p>El divendres 26 de juliol, a les 17h, el Rac\u00f3 de la Gent Gran acollir\u00e0 una activitat de reposteria que consistir\u00e0 en l&#8217;elaboraci\u00f3 de galetes. Podeu demanar m\u00e9s informaci\u00f3 al &hellip; <a href=\"https:\/\/bisbalpenedes.com\/web\/2019\/07\/17\/el-divendres-26-de-juliol-a-les-17h-taller-de-cuina-de-galetes-al-raco-de-la-gent-gran\/\" class=\"more-link\">Read More<\/a><\/p>\n","protected":false},"author":4,"featured_media":10155,"comment_status":"closed","ping_status":"closed","sticky":false,"template":"","format":"standard","meta":[],"categories":[3088],"tags":[3141,2115,172],"_links":{"self":[{"href":"https:\/\/bisbalpenedes.com\/web\/wp-json\/wp\/v2\/posts\/10154"}],"collection":[{"href":"https:\/\/bisbalpenedes.com\/web\/wp-json\/wp\/v2\/posts"}],"about":[{"href":"https:\/\/bisbalpenedes.com\/web\/wp-json\/wp\/v2\/types\/post"}],"author":[{"embeddable":true,"href":"https:\/\/bisbalpenedes.com\/web\/wp-json\/wp\/v2\/users\/4"}],"replies":[{"embeddable":true,"href":"https:\/\/bisbalpenedes.com\/web\/wp-json\/wp\/v2\/comments?post=10154"}],"version-history":[{"count":4,"href":"https:\/\/bisbalpenedes.com\/web\/wp-json\/wp\/v2\/posts\/10154\/revisions"}],"predecessor-version":[{"id":10169,"href":"https:\/\/bisbalpenedes.com\/web\/wp-json\/wp\/v2\/posts\/10154\/revisions\/10169"}],"wp:featuredmedia":[{"embeddable":true,"href":"https:\/\/bisbalpenedes.com\/web\/wp-json\/wp\/v2\/media\/10155"}],"wp:attachment":[{"href":"https:\/\/bisbalpenedes.com\/web\/wp-json\/wp\/v2\/media?parent=10154"}],"wp:term":[{"taxonomy":"category","embeddable":true,"href":"https:\/\/bisbalpenedes.com\/web\/wp-json\/wp\/v2\/categories?post=10154"},{"taxonomy":"post_tag","embeddable":true,"href":"https:\/\/bisbalpenedes.com\/web\/wp-json\/wp\/v2\/tags?post=10154"}],"curies":[{"name":"wp","href":"https:\/\/api.w.org\/{rel}","templated":true}]}}