{"id":10149,"date":"2019-07-17T10:22:11","date_gmt":"2019-07-17T09:22:11","guid":{"rendered":"http:\/\/bisbalpenedes.com\/web\/?p=10149"},"modified":"2019-07-17T10:29:33","modified_gmt":"2019-07-17T09:29:33","slug":"aquest-dilluns-15-de-juliol-sha-constituit-el-consell-comarcal-per-al-mandat-20192023","status":"publish","type":"post","link":"https:\/\/bisbalpenedes.com\/web\/2019\/07\/17\/aquest-dilluns-15-de-juliol-sha-constituit-el-consell-comarcal-per-al-mandat-20192023\/","title":{"rendered":"Aquest dilluns 15 de juliol s\u2019ha constitu\u00eft el Consell Comarcal per al mandat 2019\/2023"},"content":{"rendered":"<p style=\"text-align: justify;\"><a href=\"http:\/\/bisbalpenedes.com\/web\/wp-content\/uploads\/2019\/07\/IMG-20190715-WA0017.jpg\"><img loading=\"lazy\" class=\"aligncenter size-large wp-image-10150\" src=\"http:\/\/bisbalpenedes.com\/web\/wp-content\/uploads\/2019\/07\/IMG-20190715-WA0017-1024x768.jpg\" alt=\"consell comarcal baix penedes 2019-2023\" width=\"630\" height=\"473\" srcset=\"https:\/\/bisbalpenedes.com\/web\/wp-content\/uploads\/2019\/07\/IMG-20190715-WA0017-1024x768.jpg 1024w, https:\/\/bisbalpenedes.com\/web\/wp-content\/uploads\/2019\/07\/IMG-20190715-WA0017-600x450.jpg 600w, https:\/\/bisbalpenedes.com\/web\/wp-content\/uploads\/2019\/07\/IMG-20190715-WA0017-300x225.jpg 300w, https:\/\/bisbalpenedes.com\/web\/wp-content\/uploads\/2019\/07\/IMG-20190715-WA0017-768x576.jpg 768w, https:\/\/bisbalpenedes.com\/web\/wp-content\/uploads\/2019\/07\/IMG-20190715-WA0017.jpg 1600w\" sizes=\"(max-width: 630px) 100vw, 630px\" \/><\/a><\/p>\n<p style=\"text-align: justify;\"><span style=\"color: #000000;\">Aquest dilluns 15 de juliol, a les 12h, s\u2019ha constitu\u00eft el Consell Comarcal del Baix Pened\u00e8s (CCBP) per al mandat 2019\/2023 a la Vil\u00b7la Casals de Sant Salvador (El Vendrell).<\/span><\/p>\n<p style=\"text-align: justify;\"><span style=\"color: #000000;\">El Consell Comarcal del Baix Pened\u00e8s est\u00e0 format per 33 consellers comarcals i el seu repartiment entre els diferents partits ve marcat per les eleccions municipals del passat mes de maig. El PSC i JxCat han fet pacte per governar a l\u2019ens comarcal i l\u2019arbocenc Joan Sans (PSC) ser\u00e0 el president del CCBP.<\/span><\/p>\n<p style=\"text-align: justify;\"><span style=\"color: #000000;\">En aquest mandat hi ha tres consellers comarcals que s\u00f3n membres del Consistori bisbalenc i que, aquest dilluns, han pres possessi\u00f3 del seu c\u00e0rrec:<\/span><\/p>\n<ul>\n<li style=\"padding-left: 30px; text-align: justify;\"><span style=\"color: #000000;\">L\u2019alcaldessa Agn\u00e8s Ferr\u00e9, de Junts x Cat<\/span><\/li>\n<li style=\"padding-left: 30px; text-align: justify;\"><span style=\"color: #000000;\">El regidor Daniel Caballero, del PSC<\/span><\/li>\n<li style=\"padding-left: 30px; text-align: justify;\"><span style=\"color: #000000;\">La regidora S\u00edlvia Monfort, d\u2019ERC<\/span><\/li>\n<\/ul>\n<p style=\"text-align: justify;\"><span style=\"color: #000000;\">La composici\u00f3 del Consell Comarcal del Baix Pened\u00e8s per aquest 9\u00e8 mandat \u00e9s:<\/span><\/p>\n<p style=\"text-align: justify; padding-left: 30px;\"><span style=\"color: #000000;\">-13 consellers\/res comarcals del PSC<\/span><\/p>\n<p style=\"text-align: justify; padding-left: 30px;\"><span style=\"color: #000000;\">-7 consellers\/res comarcals de Junts x Cat<\/span><\/p>\n<p style=\"text-align: justify; padding-left: 30px;\"><span style=\"color: #000000;\">-7 consellers\/res comarcals d\u2019ERC<\/span><\/p>\n<p style=\"text-align: justify; padding-left: 30px;\"><span style=\"color: #000000;\">-3 consellers\/res comarcals de C\u2019s<\/span><\/p>\n<p style=\"text-align: justify; padding-left: 30px;\"><span style=\"color: #000000;\">-1 consellera comarcal de la CUP<\/span><\/p>\n<p style=\"text-align: justify; padding-left: 30px;\"><span style=\"color: #000000;\">-1 consellera comarcal del PP<\/span><\/p>\n<p style=\"text-align: justify; padding-left: 30px;\"><span style=\"color: #000000;\">-1 consellera comarcal de En Com\u00fa Guanyem<\/span><\/p>\n<p style=\"text-align: justify;\"><span style=\"color: #000000;\">S\u2019han presentat 3 candidatures per la presid\u00e8ncia del CCBP: Joan Sans (PSC), Carmen Mart\u00ednez (ERC) i Ma Luz Ram\u00edrez (C\u2019s) i el resultat de les votacions ha estat:<\/span><\/p>\n<p style=\"text-align: justify; padding-left: 30px;\"><span style=\"color: #000000;\">-20 vots per Joan Sans<\/span><\/p>\n<p style=\"text-align: justify; padding-left: 30px;\"><span style=\"color: #000000;\">-6 vots per Carmen Mart\u00ednez<\/span><\/p>\n<p style=\"text-align: justify; padding-left: 30px;\"><span style=\"color: #000000;\">-3 vots per Ma Luz Ram\u00edrez<\/span><\/p>\n<p style=\"text-align: justify; padding-left: 30px;\"><span style=\"color: #000000;\">-3 vots en blanc<\/span><\/p>\n<p style=\"text-align: justify;\"><span style=\"color: #000000;\">(la suma de vots ascendeix a 32 perqu\u00e8 un dels consellers d\u2019ERC s\u2019ha absentat).<\/span><\/p>\n<p style=\"text-align: justify;\"><span style=\"color: #000000;\">Com que la majoria absoluta s\u00f3n 17 consellers amb un mateix vot, s\u2019ha proclamat Joan Sans (PSC) com a president del CCBP.<\/span><\/p>\n<hr \/>\n<p style=\"text-align: justify;\"><a href=\"http:\/\/bisbalpenedes.com\/web\/wp-content\/uploads\/2019\/07\/IMG-20190715-WA0001.jpg\"><img loading=\"lazy\" class=\"aligncenter size-large wp-image-10151\" src=\"http:\/\/bisbalpenedes.com\/web\/wp-content\/uploads\/2019\/07\/IMG-20190715-WA0001-1024x768.jpg\" alt=\"consell comarcal baix penedes ple 2019-2013\" width=\"630\" height=\"473\" srcset=\"https:\/\/bisbalpenedes.com\/web\/wp-content\/uploads\/2019\/07\/IMG-20190715-WA0001-1024x768.jpg 1024w, https:\/\/bisbalpenedes.com\/web\/wp-content\/uploads\/2019\/07\/IMG-20190715-WA0001-600x450.jpg 600w, https:\/\/bisbalpenedes.com\/web\/wp-content\/uploads\/2019\/07\/IMG-20190715-WA0001-300x225.jpg 300w, https:\/\/bisbalpenedes.com\/web\/wp-content\/uploads\/2019\/07\/IMG-20190715-WA0001-768x576.jpg 768w, https:\/\/bisbalpenedes.com\/web\/wp-content\/uploads\/2019\/07\/IMG-20190715-WA0001.jpg 1600w\" sizes=\"(max-width: 630px) 100vw, 630px\" \/><\/a><\/p>\n<p style=\"text-align: justify;\"><span style=\"color: #000000;\"><strong>CASTELLANO |<\/strong> Este lunes 15 de julio, a las 12h, se ha constituido el Consell Comarcal del Baix Pened\u00e8s (CCBP) para el mandato 2019\/2023 en la Vil\u00b7la Casals de Sant Salvador (El Vendrell).<\/span><\/p>\n<p style=\"text-align: justify;\"><span style=\"color: #000000;\">El Consell Comarcal del Baix Pened\u00e8s est\u00e1 formado por 33 consejeros comarcales y su repartici\u00f3n entre los distintos partidos viene marcada por las elecciones municipales del pasado mes de mayo. El PSC y JxCat han hecho pacto para gobernar en el ente comarcal y el arbocenc Joan Sans (PSC) ser\u00e1 el presidente del CCBP.<\/span><\/p>\n<p style=\"text-align: justify;\"><span style=\"color: #000000;\">En este mandato hay tres consejeros comarcales que son miembros del Consistorio bisbalenc y que, este lunes, han tomado posesi\u00f3n de su cargo:\u00a0<\/span><\/p>\n<ul>\n<li style=\"text-align: justify; padding-left: 30px;\"><span style=\"color: #000000;\">La alcaldesa Agn\u00e8s Ferr\u00e9, de Junts x Cat<\/span><\/li>\n<li style=\"text-align: justify; padding-left: 30px;\"><span style=\"color: #000000;\">El concejal Daniel Caballero, del PSC<\/span><\/li>\n<li style=\"text-align: justify; padding-left: 30px;\"><span style=\"color: #000000;\">La concejala S\u00edlvia Monfort, de ERC.<\/span><\/li>\n<\/ul>\n<p style=\"text-align: justify;\"><span style=\"color: #000000;\">La composici\u00f3n del Consell comarcal del Baix Pened\u00e8s para este 9\u00ba mandato es:<\/span><\/p>\n<p style=\"text-align: justify; padding-left: 30px;\"><span style=\"color: #000000;\">-13 consejeros\/ras comarcales del PSC<\/span><\/p>\n<p style=\"text-align: justify; padding-left: 30px;\"><span style=\"color: #000000;\">-7 consejeros\/ras comarcales de Junts x Cat<\/span><\/p>\n<p style=\"text-align: justify; padding-left: 30px;\"><span style=\"color: #000000;\">-7 consejeros\/ras comarcales de ERC<\/span><\/p>\n<p style=\"text-align: justify; padding-left: 30px;\"><span style=\"color: #000000;\">-3 consejeros comarcales de C&#8217;s<\/span><\/p>\n<p style=\"text-align: justify; padding-left: 30px;\"><span style=\"color: #000000;\">-1 consejera comarcal de la CUP<\/span><\/p>\n<p style=\"text-align: justify; padding-left: 30px;\"><span style=\"color: #000000;\">-1 consejera comarcal del PP<\/span><\/p>\n<p style=\"text-align: justify; padding-left: 30px;\"><span style=\"color: #000000;\">-1 consejera comarcal de En Com\u00fa Guanyem<\/span><\/p>\n<p style=\"text-align: justify;\"><span style=\"color: #000000;\">Se han presentado 3 candidaturas para la presidencia del CCBP: Joan Sans (PSC), Carmen Mart\u00ednez (ERC) y Ma Luz Ram\u00edrez (C&#8217;s) y el resultado de las votaciones ha sido:<\/span><\/p>\n<p style=\"text-align: justify; padding-left: 30px;\"><span style=\"color: #000000;\">-20 votos para Joan Sans<\/span><\/p>\n<p style=\"text-align: justify; padding-left: 30px;\"><span style=\"color: #000000;\">-6 votos para Carmen Mart\u00ednez<\/span><\/p>\n<p style=\"text-align: justify; padding-left: 30px;\"><span style=\"color: #000000;\">-3 votos para M\u00aa Luz Ram\u00edrez<\/span><\/p>\n<p style=\"text-align: justify; padding-left: 30px;\"><span style=\"color: #000000;\">-3 votos en blanco<\/span><\/p>\n<p style=\"text-align: justify;\"><span style=\"color: #000000;\">(la suma de votos asciende a 32 porqu\u00e9 uno\u00a0 de los consejeros de ERC se ha ausentado).<\/span><\/p>\n<p style=\"text-align: justify;\"><span style=\"color: #000000;\">Como la mayor\u00eda absoluta son 17 consejeros con un mismo voto, se ha proclamado Joan Sans (PSC) como presidente del CCBP.<\/span><\/p>\n<p>&nbsp;<\/p>\n<p>&nbsp;<\/p>\n<p>&nbsp;<\/p>\n","protected":false},"excerpt":{"rendered":"<p>Aquest dilluns 15 de juliol, a les 12h, s\u2019ha constitu\u00eft el Consell Comarcal del Baix Pened\u00e8s (CCBP) per al mandat 2019\/2023 a la Vil\u00b7la Casals de Sant Salvador (El Vendrell). &hellip; <a href=\"https:\/\/bisbalpenedes.com\/web\/2019\/07\/17\/aquest-dilluns-15-de-juliol-sha-constituit-el-consell-comarcal-per-al-mandat-20192023\/\" class=\"more-link\">Read More<\/a><\/p>\n","protected":false},"author":4,"featured_media":10150,"comment_status":"closed","ping_status":"closed","sticky":false,"template":"","format":"standard","meta":[],"categories":[3137],"tags":[1151,1667,396,3139,3138,3140],"_links":{"self":[{"href":"https:\/\/bisbalpenedes.com\/web\/wp-json\/wp\/v2\/posts\/10149"}],"collection":[{"href":"https:\/\/bisbalpenedes.com\/web\/wp-json\/wp\/v2\/posts"}],"about":[{"href":"https:\/\/bisbalpenedes.com\/web\/wp-json\/wp\/v2\/types\/post"}],"author":[{"embeddable":true,"href":"https:\/\/bisbalpenedes.com\/web\/wp-json\/wp\/v2\/users\/4"}],"replies":[{"embeddable":true,"href":"https:\/\/bisbalpenedes.com\/web\/wp-json\/wp\/v2\/comments?post=10149"}],"version-history":[{"count":2,"href":"https:\/\/bisbalpenedes.com\/web\/wp-json\/wp\/v2\/posts\/10149\/revisions"}],"predecessor-version":[{"id":10153,"href":"https:\/\/bisbalpenedes.com\/web\/wp-json\/wp\/v2\/posts\/10149\/revisions\/10153"}],"wp:featuredmedia":[{"embeddable":true,"href":"https:\/\/bisbalpenedes.com\/web\/wp-json\/wp\/v2\/media\/10150"}],"wp:attachment":[{"href":"https:\/\/bisbalpenedes.com\/web\/wp-json\/wp\/v2\/media?parent=10149"}],"wp:term":[{"taxonomy":"category","embeddable":true,"href":"https:\/\/bisbalpenedes.com\/web\/wp-json\/wp\/v2\/categories?post=10149"},{"taxonomy":"post_tag","embeddable":true,"href":"https:\/\/bisbalpenedes.com\/web\/wp-json\/wp\/v2\/tags?post=10149"}],"curies":[{"name":"wp","href":"https:\/\/api.w.org\/{rel}","templated":true}]}}