{"id":10129,"date":"2019-07-16T08:46:25","date_gmt":"2019-07-16T07:46:25","guid":{"rendered":"http:\/\/bisbalpenedes.com\/web\/?p=10129"},"modified":"2022-06-15T10:33:40","modified_gmt":"2022-06-15T08:33:40","slug":"jove-has-acabat-els-estudis-i-busques-feina","status":"publish","type":"post","link":"https:\/\/bisbalpenedes.com\/web\/2019\/07\/16\/jove-has-acabat-els-estudis-i-busques-feina\/","title":{"rendered":"Jove&#8230; has acabat els estudis i busques feina?"},"content":{"rendered":"<p style=\"text-align: justify;\"><a href=\"http:\/\/bisbalpenedes.com\/web\/wp-content\/uploads\/2019\/07\/logo-garantia-juvenil-bisbal-e1563263242607.jpg\"><img loading=\"lazy\" class=\"aligncenter size-medium wp-image-10130\" src=\"http:\/\/bisbalpenedes.com\/web\/wp-content\/uploads\/2019\/07\/logo-garantia-juvenil-bisbal-e1563263242607-300x211.jpg\" alt=\"logo garantia juvenil - bisbal\" width=\"300\" height=\"211\" srcset=\"https:\/\/bisbalpenedes.com\/web\/wp-content\/uploads\/2019\/07\/logo-garantia-juvenil-bisbal-e1563263242607-300x211.jpg 300w, https:\/\/bisbalpenedes.com\/web\/wp-content\/uploads\/2019\/07\/logo-garantia-juvenil-bisbal-e1563263242607-600x421.jpg 600w, https:\/\/bisbalpenedes.com\/web\/wp-content\/uploads\/2019\/07\/logo-garantia-juvenil-bisbal-e1563263242607-768x539.jpg 768w, https:\/\/bisbalpenedes.com\/web\/wp-content\/uploads\/2019\/07\/logo-garantia-juvenil-bisbal-e1563263242607-1024x719.jpg 1024w, https:\/\/bisbalpenedes.com\/web\/wp-content\/uploads\/2019\/07\/logo-garantia-juvenil-bisbal-e1563263242607.jpg 1651w\" sizes=\"(max-width: 300px) 100vw, 300px\" \/><\/a><\/p>\n<p style=\"text-align: justify;\"><span style=\"color: #000000;\">Jove!<\/span><\/p>\n<p style=\"text-align: justify;\"><span style=\"color: #000000;\">Has acabat els estudis (universitat o formaci\u00f3 professional de grau mitj\u00e0 o superior) i busques la teva primera feina?<\/span><\/p>\n<p style=\"text-align: justify;\"><span style=\"color: #000000;\">Si t\u2019interessa un contracte en pr\u00e0ctiques per a 6 mesos a l\u2019Ajuntament de la Bisbal del Pened\u00e8s en el marc del programa de Garantia Juvenil, envia\u2019ns un correu electr\u00f2nic a<\/span> <a href=\"mailto:ocupacio@bisbalpenedes.com\">ocupacio@bisbalpenedes.com<\/a> <span style=\"color: #000000;\">amb les teves dades i estudis cursats, abans del 22 de juliol, i contactarem amb tu.<\/span><\/p>\n<p>\u00a0<\/p>\n<hr \/>\n<p style=\"text-align: justify;\"><span style=\"color: #000000;\">\u00a1Joven!<\/span><\/p>\n<p style=\"text-align: justify;\"><span style=\"color: #000000;\">Has finalizado los estudios (universidad o formaci\u00f3n profesional de grado medio o superior) y buscas tu primer trabajo?<\/span><\/p>\n<p style=\"text-align: justify;\"><span style=\"color: #000000;\">Si te interesa un contrato en pr\u00e1cticas para 6 meses en el Ayuntamiento de la Bisbal del Pened\u00e8s en el marco del programa de Garant\u00eda Juvenil, m\u00e1ndanos un correo electr\u00f3nico a <a href=\"mailto:ocupacio@bisbalpenedes.com\" target=\"_blank\" rel=\"noopener\">ocupacio@bisbalpenedes.com<\/a> con tus datos y estudios cursados, antes del 22 de julio, y contactaremos contigo.<\/span><\/p>\n\n\n<figure class=\"wp-block-image size-full\"><img loading=\"lazy\" width=\"1007\" height=\"104\" src=\"https:\/\/bisbalpenedes.com\/web\/wp-content\/uploads\/2022\/06\/soclogo.jpg\" alt=\"\" class=\"wp-image-22213\" srcset=\"https:\/\/bisbalpenedes.com\/web\/wp-content\/uploads\/2022\/06\/soclogo.jpg 1007w, https:\/\/bisbalpenedes.com\/web\/wp-content\/uploads\/2022\/06\/soclogo-300x31.jpg 300w, https:\/\/bisbalpenedes.com\/web\/wp-content\/uploads\/2022\/06\/soclogo-768x79.jpg 768w, https:\/\/bisbalpenedes.com\/web\/wp-content\/uploads\/2022\/06\/soclogo-600x62.jpg 600w\" sizes=\"(max-width: 1007px) 100vw, 1007px\" \/><\/figure>\n","protected":false},"excerpt":{"rendered":"<p>Jove! Has acabat els estudis (universitat o formaci\u00f3 professional de grau mitj\u00e0 o superior) i busques la teva primera feina? Si t\u2019interessa un contracte en pr\u00e0ctiques per a 6 mesos &hellip; <a href=\"https:\/\/bisbalpenedes.com\/web\/2019\/07\/16\/jove-has-acabat-els-estudis-i-busques-feina\/\" class=\"more-link\">Read More<\/a><\/p>\n","protected":false},"author":4,"featured_media":10130,"comment_status":"closed","ping_status":"closed","sticky":false,"template":"","format":"standard","meta":[],"categories":[1486,9],"tags":[41,12,1067,210,10],"_links":{"self":[{"href":"https:\/\/bisbalpenedes.com\/web\/wp-json\/wp\/v2\/posts\/10129"}],"collection":[{"href":"https:\/\/bisbalpenedes.com\/web\/wp-json\/wp\/v2\/posts"}],"about":[{"href":"https:\/\/bisbalpenedes.com\/web\/wp-json\/wp\/v2\/types\/post"}],"author":[{"embeddable":true,"href":"https:\/\/bisbalpenedes.com\/web\/wp-json\/wp\/v2\/users\/4"}],"replies":[{"embeddable":true,"href":"https:\/\/bisbalpenedes.com\/web\/wp-json\/wp\/v2\/comments?post=10129"}],"version-history":[{"count":4,"href":"https:\/\/bisbalpenedes.com\/web\/wp-json\/wp\/v2\/posts\/10129\/revisions"}],"predecessor-version":[{"id":22215,"href":"https:\/\/bisbalpenedes.com\/web\/wp-json\/wp\/v2\/posts\/10129\/revisions\/22215"}],"wp:featuredmedia":[{"embeddable":true,"href":"https:\/\/bisbalpenedes.com\/web\/wp-json\/wp\/v2\/media\/10130"}],"wp:attachment":[{"href":"https:\/\/bisbalpenedes.com\/web\/wp-json\/wp\/v2\/media?parent=10129"}],"wp:term":[{"taxonomy":"category","embeddable":true,"href":"https:\/\/bisbalpenedes.com\/web\/wp-json\/wp\/v2\/categories?post=10129"},{"taxonomy":"post_tag","embeddable":true,"href":"https:\/\/bisbalpenedes.com\/web\/wp-json\/wp\/v2\/tags?post=10129"}],"curies":[{"name":"wp","href":"https:\/\/api.w.org\/{rel}","templated":true}]}}