{"id":10082,"date":"2019-07-11T17:57:33","date_gmt":"2019-07-11T16:57:33","guid":{"rendered":"http:\/\/bisbalpenedes.com\/web\/?p=10082"},"modified":"2019-07-11T18:00:36","modified_gmt":"2019-07-11T17:00:36","slug":"lajuntament-de-la-bisbal-del-penedes-i-la-cambra-de-comerc-treballen-en-nou-projectes","status":"publish","type":"post","link":"https:\/\/bisbalpenedes.com\/web\/2019\/07\/11\/lajuntament-de-la-bisbal-del-penedes-i-la-cambra-de-comerc-treballen-en-nou-projectes\/","title":{"rendered":"L&#8217;Ajuntament de la Bisbal del Pened\u00e8s i la Cambra de Comer\u00e7 treballen en nous projectes conjunts"},"content":{"rendered":"<p style=\"text-align: justify;\"><a href=\"http:\/\/bisbalpenedes.com\/web\/wp-content\/uploads\/2019\/07\/DSC04103.jpg\"><img loading=\"lazy\" class=\"aligncenter size-large wp-image-10083\" src=\"http:\/\/bisbalpenedes.com\/web\/wp-content\/uploads\/2019\/07\/DSC04103-1024x768.jpg\" alt=\"CAMBRA COMER\u00c7\" width=\"630\" height=\"473\" srcset=\"https:\/\/bisbalpenedes.com\/web\/wp-content\/uploads\/2019\/07\/DSC04103-1024x768.jpg 1024w, https:\/\/bisbalpenedes.com\/web\/wp-content\/uploads\/2019\/07\/DSC04103-600x450.jpg 600w, https:\/\/bisbalpenedes.com\/web\/wp-content\/uploads\/2019\/07\/DSC04103-300x225.jpg 300w, https:\/\/bisbalpenedes.com\/web\/wp-content\/uploads\/2019\/07\/DSC04103-768x576.jpg 768w\" sizes=\"(max-width: 630px) 100vw, 630px\" \/><\/a><\/p>\n<p style=\"text-align: justify;\"><span style=\"color: #000000;\">L&#8217;Ajuntament de la Bisbal del Pened\u00e8s i la Cambra de Comer\u00e7 de Tarragona han mantingut una reuni\u00f3, aquest dimecres, amb l&#8217;objectiu de treballar en nous projectes conjunts de formaci\u00f3, ocupaci\u00f3 i comer\u00e7 a la Bisbal del Pened\u00e8s.<\/span><\/p>\n<p style=\"text-align: justify;\"><span style=\"color: #000000;\">Fins ara, ambdues institucions han tirat diverses col\u00b7laboracions formatives en el marc del projecte Integra&#8217;ls o la Setmana de l&#8217;Empresa i Ocupaci\u00f3 de la Bisbal del Pened\u00e8s. En la reuni\u00f3 d&#8217;aquest dimecres han comen\u00e7at a treballar en nous projectes en els \u00e0mbits de la formaci\u00f3 i el comer\u00e7 local per als anys 2019 i 2020.<\/span><\/p>\n<p style=\"text-align: justify;\"><span style=\"color: #000000;\">Han pres part de la reuni\u00f3 la presidenta de la Cambra de Comer\u00e7, Laura Roig\u00e9; el responsable de Log\u00edstica i Formaci\u00f3 de la Cambra de Comer\u00e7, Josep Oriol Fern\u00e1ndez; l&#8217;alcaldessa de la Bisbal del Pened\u00e8s i responsable de l&#8217;\u00e0rea d&#8217;Ocupaci\u00f3, Agn\u00e8s Ferr\u00e9; la regidora de Benestar Social, Paqui Cepas; la regidora de Comer\u00e7, Judith Vidal; el regidor de Barris, Feliu Gil; i la t\u00e8cnica d&#8217;Ocupaci\u00f3 de l&#8217;Ajuntament, Arantzazu Longares.<\/span><\/p>\n<hr \/>\n<p style=\"text-align: justify;\"><span style=\"color: #000000;\"><strong>CASTELLANO |<\/strong> El Ayuntamiento de la Bisbal del Pened\u00e8s y la Cambra de Comercio de Tarragona han mantenido una reuni\u00f3n, este mi\u00e9rcoles, con el objetivo de trabajar en nuevos proyectos conjuntos de formaci\u00f3n, ocupaci\u00f3n y comercio en la Bisbal del Pened\u00e8s.<\/span><\/p>\n<p style=\"text-align: justify;\"><span style=\"color: #000000;\">Hasta ahora, ambas instituciones han llevado a cabo varias colaboraciones formativas en el marco del proyecto Integra&#8217;ls o la Semana de la Empres y Ocupaci\u00f3n de la Bisbal del Pened\u00e8s. En la reuni\u00f3n de este mi\u00e9rcoles han empezado a trabajar en nuevos proyectos de los \u00e1mbitos de la formaci\u00f3n y del comercio local para los a\u00f1os 2019 y 2020.<\/span><\/p>\n<p style=\"text-align: justify;\"><span style=\"color: #000000;\">Han tomado parte de la reuni\u00f3n la presidenta de la Cambra de Comer\u00e7, Laura Roig\u00e9; el responsable de Log\u00edstica y Formaci\u00f3n de la Cambra de Comer\u00e7, Josep Oriol Fern\u00e1ndez; la alcaldesa de la Bisbal del Pened\u00e8s y responsable del \u00e1rea de Ocupaci\u00f3n, Agn\u00e8s Ferr\u00e9; la regidora de Bienestar Social, Paqui Cepas; la regidora de Comercio, Judith Vidal; el regidor de Barrios, Feliu Gil; y la t\u00e9cnica de Ocupaci\u00f3n del Ayuntamiento, Arantzazu Longares.<\/span><\/p>\n<p style=\"text-align: justify;\"><a href=\"http:\/\/bisbalpenedes.com\/web\/wp-content\/uploads\/2019\/07\/reunio-cambra-1.jpg\"><img loading=\"lazy\" class=\"aligncenter size-large wp-image-10084\" src=\"http:\/\/bisbalpenedes.com\/web\/wp-content\/uploads\/2019\/07\/reunio-cambra-1-1024x768.jpg\" alt=\"reunio cambra 1\" width=\"630\" height=\"473\" srcset=\"https:\/\/bisbalpenedes.com\/web\/wp-content\/uploads\/2019\/07\/reunio-cambra-1-1024x768.jpg 1024w, https:\/\/bisbalpenedes.com\/web\/wp-content\/uploads\/2019\/07\/reunio-cambra-1-600x450.jpg 600w, https:\/\/bisbalpenedes.com\/web\/wp-content\/uploads\/2019\/07\/reunio-cambra-1-300x225.jpg 300w, https:\/\/bisbalpenedes.com\/web\/wp-content\/uploads\/2019\/07\/reunio-cambra-1-768x576.jpg 768w, https:\/\/bisbalpenedes.com\/web\/wp-content\/uploads\/2019\/07\/reunio-cambra-1.jpg 1600w\" sizes=\"(max-width: 630px) 100vw, 630px\" \/><\/a><\/p>\n<p>&nbsp;<\/p>\n","protected":false},"excerpt":{"rendered":"<p>L&#8217;Ajuntament de la Bisbal del Pened\u00e8s i la Cambra de Comer\u00e7 de Tarragona han mantingut una reuni\u00f3, aquest dimecres, amb l&#8217;objectiu de treballar en nous projectes conjunts de formaci\u00f3, ocupaci\u00f3 &hellip; <a href=\"https:\/\/bisbalpenedes.com\/web\/2019\/07\/11\/lajuntament-de-la-bisbal-del-penedes-i-la-cambra-de-comerc-treballen-en-nou-projectes\/\" class=\"more-link\">Read More<\/a><\/p>\n","protected":false},"author":4,"featured_media":10084,"comment_status":"closed","ping_status":"closed","sticky":false,"template":"","format":"standard","meta":[],"categories":[9],"tags":[1860,1251,12,10,271],"_links":{"self":[{"href":"https:\/\/bisbalpenedes.com\/web\/wp-json\/wp\/v2\/posts\/10082"}],"collection":[{"href":"https:\/\/bisbalpenedes.com\/web\/wp-json\/wp\/v2\/posts"}],"about":[{"href":"https:\/\/bisbalpenedes.com\/web\/wp-json\/wp\/v2\/types\/post"}],"author":[{"embeddable":true,"href":"https:\/\/bisbalpenedes.com\/web\/wp-json\/wp\/v2\/users\/4"}],"replies":[{"embeddable":true,"href":"https:\/\/bisbalpenedes.com\/web\/wp-json\/wp\/v2\/comments?post=10082"}],"version-history":[{"count":4,"href":"https:\/\/bisbalpenedes.com\/web\/wp-json\/wp\/v2\/posts\/10082\/revisions"}],"predecessor-version":[{"id":10121,"href":"https:\/\/bisbalpenedes.com\/web\/wp-json\/wp\/v2\/posts\/10082\/revisions\/10121"}],"wp:featuredmedia":[{"embeddable":true,"href":"https:\/\/bisbalpenedes.com\/web\/wp-json\/wp\/v2\/media\/10084"}],"wp:attachment":[{"href":"https:\/\/bisbalpenedes.com\/web\/wp-json\/wp\/v2\/media?parent=10082"}],"wp:term":[{"taxonomy":"category","embeddable":true,"href":"https:\/\/bisbalpenedes.com\/web\/wp-json\/wp\/v2\/categories?post=10082"},{"taxonomy":"post_tag","embeddable":true,"href":"https:\/\/bisbalpenedes.com\/web\/wp-json\/wp\/v2\/tags?post=10082"}],"curies":[{"name":"wp","href":"https:\/\/api.w.org\/{rel}","templated":true}]}}