{"id":10056,"date":"2019-07-11T12:05:19","date_gmt":"2019-07-11T11:05:19","guid":{"rendered":"http:\/\/bisbalpenedes.com\/web\/?p=10056"},"modified":"2019-07-11T12:05:19","modified_gmt":"2019-07-11T11:05:19","slug":"la-societat-celebrara-la-festa-major-xica-els-dies-20-i-21-de-juliol","status":"publish","type":"post","link":"https:\/\/bisbalpenedes.com\/web\/2019\/07\/11\/la-societat-celebrara-la-festa-major-xica-els-dies-20-i-21-de-juliol\/","title":{"rendered":"La Societat celebrar\u00e0 la Festa Major Xica els dies 20 i 21 de juliol"},"content":{"rendered":"<p style=\"text-align: justify;\"><a href=\"http:\/\/bisbalpenedes.com\/web\/wp-content\/uploads\/2019\/07\/fm-xica-2018-1.jpg\"><img loading=\"lazy\" class=\"aligncenter size-large wp-image-10063\" src=\"http:\/\/bisbalpenedes.com\/web\/wp-content\/uploads\/2019\/07\/fm-xica-2018-1-1024x682.jpg\" alt=\"fm xica 2018-1\" width=\"630\" height=\"420\" srcset=\"https:\/\/bisbalpenedes.com\/web\/wp-content\/uploads\/2019\/07\/fm-xica-2018-1-1024x682.jpg 1024w, https:\/\/bisbalpenedes.com\/web\/wp-content\/uploads\/2019\/07\/fm-xica-2018-1-600x400.jpg 600w, https:\/\/bisbalpenedes.com\/web\/wp-content\/uploads\/2019\/07\/fm-xica-2018-1-300x200.jpg 300w, https:\/\/bisbalpenedes.com\/web\/wp-content\/uploads\/2019\/07\/fm-xica-2018-1-768x512.jpg 768w, https:\/\/bisbalpenedes.com\/web\/wp-content\/uploads\/2019\/07\/fm-xica-2018-1.jpg 2048w\" sizes=\"(max-width: 630px) 100vw, 630px\" \/><\/a><\/p>\n<p style=\"text-align: justify;\"><span style=\"color: #000000;\">La Societat organitza, un any m\u00e9s, la Festa Major Xica. La celebraci\u00f3, que es fa per Santa Margarida, tindr\u00e0 lloc els dies 20 i 21 de juliol. El programa d\u2019activitats \u00e9s el seg\u00fcent:<\/span><\/p>\n<p style=\"text-align: justify;\"><span style=\"text-decoration: underline;\"><span style=\"color: #000000;\"><strong>Dissabte 20 de juliol<\/strong><\/span><\/span><\/p>\n<p style=\"text-align: justify;\"><span style=\"color: #000000;\"><strong>A les 18:00h,<\/strong> actuaci\u00f3 castellera al carrer Doctor Robert amb els Castellers de Mediona, els Castellers de Cornell\u00e0, els Matossers de Molins de Rei i la Colla Castellera de la Bisbal del Pened\u00e8s \u2013 Bous (organitza la Colla Castellera de la Bisbal del Pened\u00e8s \u2013 Bous amb la col\u00b7laboraci\u00f3 de l\u2019Ajuntament de la Bisbal del Pened\u00e8s)<\/span><\/p>\n<p style=\"text-align: justify;\"><span style=\"color: #000000;\"><strong>A les 22:00h,<\/strong> havaneres amb el grup Olla Barrejada. En acabar, rom cremat.<\/span><\/p>\n<p style=\"text-align: justify;\"><span style=\"text-decoration: underline;\"><span style=\"color: #000000;\"><strong>Diumenge 21 de juliol<\/strong><\/span><\/span><\/p>\n<p style=\"text-align: justify;\"><span style=\"color: #000000;\"><strong>A les 9:00h<\/strong>, matinades amb els Grallers i tabalers de la Societat<\/span><\/p>\n<p style=\"text-align: justify;\"><span style=\"color: #000000;\"><strong>A les 12:00h<\/strong>, cercavila amb els Geganters i grallers de la Societat<\/span><\/p>\n<p style=\"text-align: justify;\"><span style=\"color: #000000;\"><strong>A les 14:30h<\/strong>, dinar de Festa Major: musclada, paella, beguda, postres i caf\u00e8.<\/span><\/p>\n<p style=\"text-align: justify; padding-left: 30px;\"><span style=\"color: #000000;\">Preu socis 15\u20ac. Preu no socis 17\u20ac. Infants fins a 12 anys 10\u20ac.<\/span><\/p>\n<p style=\"text-align: justify; padding-left: 30px;\"><span style=\"color: #000000;\">(les <span style=\"text-decoration: underline;\">inscripcions es poden fer fins al dia 16 de juliol<\/span>).<\/span><\/p>\n<p style=\"text-align: justify;\"><span style=\"color: #000000;\"><strong>A les 17:00h,<\/strong> tarda de m\u00e0gia amb el Mag Santos Margaz.<\/span><\/p>\n<hr \/>\n<p style=\"text-align: justify;\"><span style=\"color: #000000;\"><strong>CASTELLANO |<\/strong> La Societat organiza, un a\u00f1o m\u00e1s, la Festa Major Xica. La celebraci\u00f3n, que se hace por Santa Margarida, tendr\u00e1 lugar los d\u00edas 20 y 21 de julio. El programa de actividades es el siguiente:<\/span><\/p>\n<p style=\"text-align: justify;\"><span style=\"text-decoration: underline;\"><span style=\"color: #000000;\"><strong>S\u00e1bado 20 de julio<\/strong><\/span><\/span><\/p>\n<p style=\"text-align: justify;\"><span style=\"color: #000000;\"><strong>A las 18:00h<\/strong>, actuaci\u00f3n castellera en la calle Doctor Robert con los Castellers de Mediona, los Castellers de Cornell\u00e0, los Matossers de Molins de Rei y la Colla Castellera de la Bisbal del Pened\u00e8s \u2013 Bous (organiza la Colla Castellera de la Bisbal del Pened\u00e8s \u2013 Bous con la colaboraci\u00f3n del Ayuntamiento de la Bisbal del Pened\u00e8s).<\/span><\/p>\n<p style=\"text-align: justify;\"><span style=\"color: #000000;\"><strong>A las 22:00h<\/strong>, habaneras con el grupo Olla Barrejada. Al finalizar, ron quemado (rom cremat).<\/span><\/p>\n<p style=\"text-align: justify;\"><span style=\"text-decoration: underline;\"><span style=\"color: #000000;\"><strong>Domingo 21 de julio<\/strong><\/span><\/span><\/p>\n<p style=\"text-align: justify;\"><span style=\"color: #000000;\"><strong>A las 9:00h<\/strong>, <em>matinades<\/em> con los Grallers i tabalers de la Societat<\/span><\/p>\n<p style=\"text-align: justify;\"><span style=\"color: #000000;\"><strong>A las 12:00h,<\/strong> pasacalles con los Geganters i grallers de la Societat<\/span><\/p>\n<p style=\"text-align: justify;\"><span style=\"color: #000000;\"><strong>A las 14:30h,<\/strong> comida de Fiesta Mayor: <em>musclada<\/em> (mejillones), paella, bebida, postres y caf\u00e9.<\/span><\/p>\n<p style=\"text-align: justify; padding-left: 30px;\"><span style=\"color: #000000;\">Precio socios 15\u20ac. Precio no socios 17\u20ac. Ni\u00f1os hasta 12 a\u00f1os 10\u20ac<\/span><\/p>\n<p style=\"text-align: justify; padding-left: 30px;\"><span style=\"color: #000000;\">(las <span style=\"text-decoration: underline;\">inscripciones se pueden hacer hasta el d\u00eda 16 de julio<\/span>).<\/span><\/p>\n<p style=\"text-align: justify;\"><span style=\"color: #000000;\"><strong>A las 17:00h,<\/strong> tarde de magia con Mag Santos Margaz.<\/span><\/p>\n","protected":false},"excerpt":{"rendered":"<p>La Societat organitza, un any m\u00e9s, la Festa Major Xica. La celebraci\u00f3, que es fa per Santa Margarida, tindr\u00e0 lloc els dies 20 i 21 de juliol. El programa d\u2019activitats &hellip; <a href=\"https:\/\/bisbalpenedes.com\/web\/2019\/07\/11\/la-societat-celebrara-la-festa-major-xica-els-dies-20-i-21-de-juliol\/\" class=\"more-link\">Read More<\/a><\/p>\n","protected":false},"author":4,"featured_media":10063,"comment_status":"closed","ping_status":"closed","sticky":false,"template":"","format":"standard","meta":[],"categories":[20,1042],"tags":[1520,667,1207,105,280,631,393,996,423],"_links":{"self":[{"href":"https:\/\/bisbalpenedes.com\/web\/wp-json\/wp\/v2\/posts\/10056"}],"collection":[{"href":"https:\/\/bisbalpenedes.com\/web\/wp-json\/wp\/v2\/posts"}],"about":[{"href":"https:\/\/bisbalpenedes.com\/web\/wp-json\/wp\/v2\/types\/post"}],"author":[{"embeddable":true,"href":"https:\/\/bisbalpenedes.com\/web\/wp-json\/wp\/v2\/users\/4"}],"replies":[{"embeddable":true,"href":"https:\/\/bisbalpenedes.com\/web\/wp-json\/wp\/v2\/comments?post=10056"}],"version-history":[{"count":2,"href":"https:\/\/bisbalpenedes.com\/web\/wp-json\/wp\/v2\/posts\/10056\/revisions"}],"predecessor-version":[{"id":10071,"href":"https:\/\/bisbalpenedes.com\/web\/wp-json\/wp\/v2\/posts\/10056\/revisions\/10071"}],"wp:featuredmedia":[{"embeddable":true,"href":"https:\/\/bisbalpenedes.com\/web\/wp-json\/wp\/v2\/media\/10063"}],"wp:attachment":[{"href":"https:\/\/bisbalpenedes.com\/web\/wp-json\/wp\/v2\/media?parent=10056"}],"wp:term":[{"taxonomy":"category","embeddable":true,"href":"https:\/\/bisbalpenedes.com\/web\/wp-json\/wp\/v2\/categories?post=10056"},{"taxonomy":"post_tag","embeddable":true,"href":"https:\/\/bisbalpenedes.com\/web\/wp-json\/wp\/v2\/tags?post=10056"}],"curies":[{"name":"wp","href":"https:\/\/api.w.org\/{rel}","templated":true}]}}