{"id":10049,"date":"2019-07-10T11:40:41","date_gmt":"2019-07-10T10:40:41","guid":{"rendered":"http:\/\/bisbalpenedes.com\/web\/?p=10049"},"modified":"2019-07-10T11:40:41","modified_gmt":"2019-07-10T10:40:41","slug":"la-regidoria-de-joventut-treballa-en-la-prevencio-de-les-violencies-sexuals","status":"publish","type":"post","link":"https:\/\/bisbalpenedes.com\/web\/2019\/07\/10\/la-regidoria-de-joventut-treballa-en-la-prevencio-de-les-violencies-sexuals\/","title":{"rendered":"La Regidoria de Joventut treballa en la prevenci\u00f3 de les viol\u00e8ncies sexuals"},"content":{"rendered":"<p style=\"text-align: justify;\"><a href=\"http:\/\/bisbalpenedes.com\/web\/wp-content\/uploads\/2019\/07\/JOVENTUT-FORMACIO-TABU.jpg\"><img loading=\"lazy\" class=\"aligncenter size-medium wp-image-10050\" src=\"http:\/\/bisbalpenedes.com\/web\/wp-content\/uploads\/2019\/07\/JOVENTUT-FORMACIO-TABU-300x150.jpg\" alt=\"JOVENTUT FORMACIO TABU\" width=\"300\" height=\"150\" srcset=\"https:\/\/bisbalpenedes.com\/web\/wp-content\/uploads\/2019\/07\/JOVENTUT-FORMACIO-TABU-300x150.jpg 300w, https:\/\/bisbalpenedes.com\/web\/wp-content\/uploads\/2019\/07\/JOVENTUT-FORMACIO-TABU-600x300.jpg 600w, https:\/\/bisbalpenedes.com\/web\/wp-content\/uploads\/2019\/07\/JOVENTUT-FORMACIO-TABU-768x384.jpg 768w, https:\/\/bisbalpenedes.com\/web\/wp-content\/uploads\/2019\/07\/JOVENTUT-FORMACIO-TABU-1024x512.jpg 1024w, https:\/\/bisbalpenedes.com\/web\/wp-content\/uploads\/2019\/07\/JOVENTUT-FORMACIO-TABU.jpg 1600w\" sizes=\"(max-width: 300px) 100vw, 300px\" \/><\/a><\/p>\n<p style=\"text-align: justify;\"><span style=\"color: #000000;\">La t\u00e8cnica de la Regidoria de Joventut de l\u2019Ajuntament de la Bisbal del Pened\u00e8s, Arantzazu Longares, ha assistit aquest dimarts a una jornada formativa adre\u00e7ada a instituts i espais joves centrada en l\u2019aplicatiu Tab\u00fa, una eina que t\u00e9 com a objectiu fer pedagogia i prevenir les viol\u00e8ncies sexuals.<\/span><\/p>\n<p style=\"text-align: justify;\"><span style=\"color: #000000;\">La jornada s\u2019ha organitzat des de la Coordinaci\u00f3 Territorial de Joventut de la Generalitat de Catalunya a Tarragona i l\u2019<a style=\"color: #000000;\" href=\"http:\/\/candela.cat\/inici\/\">Associaci\u00f3 Candela<\/a> ha estat l\u2019encarregada de presentar l\u2019aplicaci\u00f3, que s\u2019adre\u00e7a als joves d\u2019entre 13 i 18 anys i que aborda la viol\u00e8ncia sexual. Segons <a style=\"color: #000000;\" href=\"http:\/\/dones.gencat.cat\/ca\/ambits\/sensibilitzacio\/exposicions\/expo_Tabu\/\">l\u2019Institut Catal\u00e0 de les Dones<\/a>, Tab\u00fa \u201cpret\u00e9n ser una eina que ens permeti posar nom a all\u00f2 que s\u00ed que existeix, deixar d\u2019amagar-ho i poder fer front a aquelles viol\u00e8ncies que, pel fet de ser quotidianes, s\u2019han naturalitzat\u201d. L\u2019aplicatiu \u00e9s un joc que es pot treballar des d\u2019espais joves o instituts que parteix de quatre murals f\u00edsics mitjan\u00e7ant els quals els joves poden entrar al joc,\u00a0amb un codi QR. Un cop a dins, els joves recorreran itineraris que aprofundeixen en els continguts tem\u00e0tics del <em>sexpreading<\/em>, els l\u00edmits i el consentiment en les relacions afectives sexuals, l\u2019assetjament i la cosificaci\u00f3 del cos de les dones.<\/span><\/p>\n<p style=\"text-align: justify;\"><span style=\"color: #000000;\">El joc inclou activitats grupals i es realitza amb suport d\u2019una guia t\u00e8cnica per a professionals i, des de l\u2019Ajuntament de la Bisbal del Pened\u00e8s, se sol\u00b7licitar\u00e0 a la Generalitat de Catalunya per poder-lo tenir a la Cova Jove i treballar-lo amb els joves del municipi. Ara, la t\u00e8cnica de joventut far\u00e0 arribar tota la informaci\u00f3 extreta d\u2019aquesta jornada a Jove Baix Pened\u00e8s i tamb\u00e9 la far\u00e0 extensiva a altres municipis de la comarca.<\/span><\/p>\n<hr \/>\n<p style=\"text-align: justify;\"><span style=\"color: #000000;\"><strong>CASTELLANO |<\/strong> La t\u00e9cnica de la Concejal\u00eda de Juventud del Ayuntamiento de la Bisbal del Pened\u00e8s, Arantzazu Longares, ha asistido este martes a una jornada formativa dirigida a institutos y espacios j\u00f3venes centrada en el aplicativo Tab\u00fa, una herramienta que tiene como objetivo hacer pedagog\u00eda y prevenir las violencias sexuales.<\/span><\/p>\n<p style=\"text-align: justify;\"><span style=\"color: #000000;\">La jornada se ha organizado desde la Coordinaci\u00f3n Territorial de Juventud de la Generalitat de Catalunya en Tarragona y la <a style=\"color: #000000;\" href=\"http:\/\/candela.cat\/inici\/\">Associaci\u00f3 Candela<\/a> ha sido la encargada de presentar la aplicaci\u00f3n, que se dirige a j\u00f3venes de entre 13 y 18 a\u00f1os y que aborda la violencia sexual. Seg\u00fan el <a style=\"color: #000000;\" href=\"http:\/\/dones.gencat.cat\/ca\/ambits\/sensibilitzacio\/exposicions\/expo_Tabu\/\">Institut Catal\u00e0 de les Dones<\/a>, Tab\u00fa &#8220;pretende ser una herramienta que nos permita posar nombre a aquello que s\u00ed que existe, dejar de esconderlo y poder hacer frente a aquellas violencias que, por el hecho de ser cotidianas, se han naturalizado&#8221;. La aplicaci\u00f3n es un juego que se puede trabajar desde espacios j\u00f3venes o institutos que parte de cuatro murales f\u00edsicos mediante los cuales los j\u00f3venes pueden entrar al juego,\u00a0con un c\u00f3digo QR. Una vez dentro, los j\u00f3venes recorrer\u00e1n itinerarios que profundizan en los\u00a0 contenidos tem\u00e1ticos del <em>sexpreading<\/em>, los l\u00edmites y el consentimiento en las relaciones afectivas sexuales, el acoso y la cosificaci\u00f3n del cuerpo de las mujeres.<\/span><\/p>\n<p style=\"text-align: justify;\"><span style=\"color: #000000;\">El juego incluye actividades grupales y se realiza con el soporte de una gu\u00eda t\u00e9cnica para profesionales y, desde el Ayuntamiento de la Bisbal del Pened\u00e8s, se solicitar\u00e1 a la Generalitat de Catalunya para poderlo tener en la Cova Jove y trabajarlo con los j\u00f3venes del municipio. Ahora, la t\u00e9cnica de juventud har\u00e1 llegar toda la informaci\u00f3n extra\u00edda de esta jornada a Jove Baix Pened\u00e8s y tambi\u00e9n la har\u00e1 extensiva a otros municipios de la comarca.<\/span><\/p>\n<p>&nbsp;<\/p>\n","protected":false},"excerpt":{"rendered":"<p>La t\u00e8cnica de la Regidoria de Joventut de l\u2019Ajuntament de la Bisbal del Pened\u00e8s, Arantzazu Longares, ha assistit aquest dimarts a una jornada formativa adre\u00e7ada a instituts i espais joves &hellip; <a href=\"https:\/\/bisbalpenedes.com\/web\/2019\/07\/10\/la-regidoria-de-joventut-treballa-en-la-prevencio-de-les-violencies-sexuals\/\" class=\"more-link\">Read More<\/a><\/p>\n","protected":false},"author":4,"featured_media":10050,"comment_status":"closed","ping_status":"closed","sticky":false,"template":"","format":"standard","meta":[],"categories":[8],"tags":[],"_links":{"self":[{"href":"https:\/\/bisbalpenedes.com\/web\/wp-json\/wp\/v2\/posts\/10049"}],"collection":[{"href":"https:\/\/bisbalpenedes.com\/web\/wp-json\/wp\/v2\/posts"}],"about":[{"href":"https:\/\/bisbalpenedes.com\/web\/wp-json\/wp\/v2\/types\/post"}],"author":[{"embeddable":true,"href":"https:\/\/bisbalpenedes.com\/web\/wp-json\/wp\/v2\/users\/4"}],"replies":[{"embeddable":true,"href":"https:\/\/bisbalpenedes.com\/web\/wp-json\/wp\/v2\/comments?post=10049"}],"version-history":[{"count":1,"href":"https:\/\/bisbalpenedes.com\/web\/wp-json\/wp\/v2\/posts\/10049\/revisions"}],"predecessor-version":[{"id":10051,"href":"https:\/\/bisbalpenedes.com\/web\/wp-json\/wp\/v2\/posts\/10049\/revisions\/10051"}],"wp:featuredmedia":[{"embeddable":true,"href":"https:\/\/bisbalpenedes.com\/web\/wp-json\/wp\/v2\/media\/10050"}],"wp:attachment":[{"href":"https:\/\/bisbalpenedes.com\/web\/wp-json\/wp\/v2\/media?parent=10049"}],"wp:term":[{"taxonomy":"category","embeddable":true,"href":"https:\/\/bisbalpenedes.com\/web\/wp-json\/wp\/v2\/categories?post=10049"},{"taxonomy":"post_tag","embeddable":true,"href":"https:\/\/bisbalpenedes.com\/web\/wp-json\/wp\/v2\/tags?post=10049"}],"curies":[{"name":"wp","href":"https:\/\/api.w.org\/{rel}","templated":true}]}}