{"id":10042,"date":"2019-07-09T16:37:41","date_gmt":"2019-07-09T15:37:41","guid":{"rendered":"http:\/\/bisbalpenedes.com\/web\/?p=10042"},"modified":"2019-07-09T16:47:54","modified_gmt":"2019-07-09T15:47:54","slug":"saprova-el-conveni-amb-lescola-ull-de-vent-per-a-lus-social-de-les-installacions-del-centre-educatiu","status":"publish","type":"post","link":"https:\/\/bisbalpenedes.com\/web\/2019\/07\/09\/saprova-el-conveni-amb-lescola-ull-de-vent-per-a-lus-social-de-les-installacions-del-centre-educatiu\/","title":{"rendered":"S&#8217;aprova el conveni amb l\u2019Escola Ull de Vent per a l\u2019\u00fas social de les instal\u00b7lacions del centre educatiu"},"content":{"rendered":"<p style=\"text-align: justify;\"><a href=\"http:\/\/bisbalpenedes.com\/web\/wp-content\/uploads\/2018\/05\/11217965_1596165920646638_1109397370655356115_n-1.jpg\"><img loading=\"lazy\" class=\"aligncenter size-medium wp-image-5825\" src=\"http:\/\/bisbalpenedes.com\/web\/wp-content\/uploads\/2018\/05\/11217965_1596165920646638_1109397370655356115_n-1-300x225.jpg\" alt=\"casal d'estiu\" width=\"300\" height=\"225\" srcset=\"https:\/\/bisbalpenedes.com\/web\/wp-content\/uploads\/2018\/05\/11217965_1596165920646638_1109397370655356115_n-1-300x225.jpg 300w, https:\/\/bisbalpenedes.com\/web\/wp-content\/uploads\/2018\/05\/11217965_1596165920646638_1109397370655356115_n-1-600x450.jpg 600w, https:\/\/bisbalpenedes.com\/web\/wp-content\/uploads\/2018\/05\/11217965_1596165920646638_1109397370655356115_n-1-768x576.jpg 768w, https:\/\/bisbalpenedes.com\/web\/wp-content\/uploads\/2018\/05\/11217965_1596165920646638_1109397370655356115_n-1.jpg 960w\" sizes=\"(max-width: 300px) 100vw, 300px\" \/><\/a><\/p>\n<p style=\"text-align: justify;\"><span style=\"color: #000000;\">La Junta de Govern Local, celebrada el 8 de juliol, ha aprovat el conveni amb l\u2019Escola Ull de Vent per a l\u2019\u00fas del centre educatiu per a les activitats del Casal d\u2019Estiu i la Festa Major.<\/span><\/p>\n<p style=\"text-align: justify;\"><span style=\"color: #000000;\">Com que el titular de l\u2019escola p\u00fablica d\u2019educaci\u00f3 infantil i prim\u00e0ria Ull de Vent de la Bisbal del Pened\u00e8s \u00e9s el Departament d\u2019Ensenyament de la Generalitat de Catalunya, el director de l\u2019escola ha d\u2019autoritzar l\u2019\u00fas social de les instal\u00b7lacions del centre fora de l\u2019horari lectiu, aix\u00ed com pot revocar l\u2019autoritzaci\u00f3 quan no es respectin les condicions en qu\u00e8 ha estat atorgat el perm\u00eds o quan no se n\u2019apreci\u00ef l\u2019\u00fas social.<\/span><\/p>\n<p style=\"text-align: justify;\"><span style=\"color: #000000;\">L\u2019Ajuntament de la Bisbal del Pened\u00e8s ha sol\u00b7licitat autoritzaci\u00f3 per poder utilitzar la biblioteca, el pati i el menjador de l\u2019Escola Ull de Vent amb l\u2019objectiu de poder dur a terme el Casal d\u2019Estiu 2019, que t\u00e9 lloc del 25 de juny al 6 de setembre de 2019. D\u2019altra banda tamb\u00e9 ha demanat autoritzaci\u00f3 per utilitzar el pati i el gimn\u00e0s durant la celebraci\u00f3 dels actes de la Festa Major, previstos entre els dies 12 i 18 d\u2019agost de 2019.<\/span><\/p>\n<p style=\"text-align: justify;\"><span style=\"color: #000000;\">Per tot plegat, l\u2019Ajuntament de la Bisbal del Pened\u00e8s i l\u2019Escola Ull de Vent han signat un conveni, de com\u00fa acord, amb l\u2019objectiu principal de fomentar l\u2019\u00fas social de l\u2019edifici i les instal\u00b7lacions del centre educatiu p\u00fablic fora de l\u2019horari escolar. Aquest conveni es signa cada any amb l\u2019objectiu de poder fer els usos que s\u2019han detallat anteriorment i aquest dilluns 8 de juliol s\u2019ha aprovat per Junta de Govern.<\/span><\/p>\n<hr \/>\n<p style=\"text-align: justify;\"><span style=\"color: #000000;\"><strong>CASTELLANO |<\/strong> La Junta de Gobierno Local, celebrada el 8 de julio, ha aprobado el convenio con la Escola Ull de Vent para el uso del centro educativo para las actividades del Casal d\u2019Estiu y la Fiesta Mayor.<\/span><\/p>\n<p style=\"text-align: justify;\"><span style=\"color: #000000;\">Como el titular de la escuela p\u00fablica de educaci\u00f3n infantil y primaria Ull de Vent de la Bisbal del Pened\u00e8s es el Departament d\u2019Ensenyament de la Generalitat de Catalunya, el director de la escuela debe autorizar el uso social de las instalaciones del centro fuera del horario lectivo, as\u00ed como puede revocar la autorizaci\u00f3n cuando no se respeten las condiciones en que ha estado otorgado el permiso o cuando no se aprecie el uso social.<\/span><\/p>\n<p style=\"text-align: justify;\"><span style=\"color: #000000;\">El Ayuntamiento de la Bisbal del Pened\u00e8s ha solicitado autorizaci\u00f3n para poder utilizar la biblioteca, el patio y el comedor de la Escola Ull de Vent con el objetivo de poder llevar a cabo el Casal d\u2019Estiu 2019, que tiene lugar del 25 de junio al 6 de septiembre del 2019. Por otro lado tambi\u00e9n ha pedido autorizaci\u00f3n para utilizar el patio y el gimnasio durante la celebraci\u00f3n de los actos de la Fiesta Mayor, previstos entre los d\u00edas 12 y 18 de agosto del 2019.<\/span><\/p>\n<p style=\"text-align: justify;\"><span style=\"color: #000000;\">Por todo esto, el Ayuntamiento de la Bisbal del Pened\u00e8s y la Escola Ull de Vent han firmado un convenio, de com\u00fan acuerdo, con el objetivo principal de fomentar el uso social del edificio y las instalaciones del centro educativo p\u00fablico fuera del horario escolar. Este convenio se firma cada a\u00f1o con el objetivo de poder hacer los usos que se han detallado anteriormente y este lunes 8 de julio se ha aprobado por Junta de Gobierno.<\/span><\/p>\n<p>&nbsp;<\/p>\n","protected":false},"excerpt":{"rendered":"<p>La Junta de Govern Local, celebrada el 8 de juliol, ha aprovat el conveni amb l\u2019Escola Ull de Vent per a l\u2019\u00fas del centre educatiu per a les activitats del &hellip; <a href=\"https:\/\/bisbalpenedes.com\/web\/2019\/07\/09\/saprova-el-conveni-amb-lescola-ull-de-vent-per-a-lus-social-de-les-installacions-del-centre-educatiu\/\" class=\"more-link\">Read More<\/a><\/p>\n","protected":false},"author":4,"featured_media":5825,"comment_status":"closed","ping_status":"closed","sticky":false,"template":"","format":"standard","meta":[],"categories":[3085],"tags":[440,337],"_links":{"self":[{"href":"https:\/\/bisbalpenedes.com\/web\/wp-json\/wp\/v2\/posts\/10042"}],"collection":[{"href":"https:\/\/bisbalpenedes.com\/web\/wp-json\/wp\/v2\/posts"}],"about":[{"href":"https:\/\/bisbalpenedes.com\/web\/wp-json\/wp\/v2\/types\/post"}],"author":[{"embeddable":true,"href":"https:\/\/bisbalpenedes.com\/web\/wp-json\/wp\/v2\/users\/4"}],"replies":[{"embeddable":true,"href":"https:\/\/bisbalpenedes.com\/web\/wp-json\/wp\/v2\/comments?post=10042"}],"version-history":[{"count":2,"href":"https:\/\/bisbalpenedes.com\/web\/wp-json\/wp\/v2\/posts\/10042\/revisions"}],"predecessor-version":[{"id":10044,"href":"https:\/\/bisbalpenedes.com\/web\/wp-json\/wp\/v2\/posts\/10042\/revisions\/10044"}],"wp:featuredmedia":[{"embeddable":true,"href":"https:\/\/bisbalpenedes.com\/web\/wp-json\/wp\/v2\/media\/5825"}],"wp:attachment":[{"href":"https:\/\/bisbalpenedes.com\/web\/wp-json\/wp\/v2\/media?parent=10042"}],"wp:term":[{"taxonomy":"category","embeddable":true,"href":"https:\/\/bisbalpenedes.com\/web\/wp-json\/wp\/v2\/categories?post=10042"},{"taxonomy":"post_tag","embeddable":true,"href":"https:\/\/bisbalpenedes.com\/web\/wp-json\/wp\/v2\/tags?post=10042"}],"curies":[{"name":"wp","href":"https:\/\/api.w.org\/{rel}","templated":true}]}}