{"id":10038,"date":"2019-07-09T16:20:05","date_gmt":"2019-07-09T15:20:05","guid":{"rendered":"http:\/\/bisbalpenedes.com\/web\/?p=10038"},"modified":"2019-07-09T16:28:50","modified_gmt":"2019-07-09T15:28:50","slug":"es-posa-en-marxa-la-segona-auditoria-ciutadana-de-lajuntament-de-la-bisbal-del-penedes","status":"publish","type":"post","link":"https:\/\/bisbalpenedes.com\/web\/2019\/07\/09\/es-posa-en-marxa-la-segona-auditoria-ciutadana-de-lajuntament-de-la-bisbal-del-penedes\/","title":{"rendered":"Es posa en marxa la segona Auditoria Ciutadana de l\u2019Ajuntament de la Bisbal del Pened\u00e8s"},"content":{"rendered":"<p style=\"text-align: justify;\"><a href=\"http:\/\/bisbalpenedes.com\/web\/wp-content\/uploads\/2018\/07\/IMG_8965-e1562685332516.jpg\"><img loading=\"lazy\" class=\"aligncenter size-large wp-image-6376\" src=\"http:\/\/bisbalpenedes.com\/web\/wp-content\/uploads\/2018\/07\/IMG_8965-e1562685332516-1024x796.jpg\" alt=\"auditoria ciutadana\" width=\"630\" height=\"490\" srcset=\"https:\/\/bisbalpenedes.com\/web\/wp-content\/uploads\/2018\/07\/IMG_8965-e1562685332516-1024x796.jpg 1024w, https:\/\/bisbalpenedes.com\/web\/wp-content\/uploads\/2018\/07\/IMG_8965-e1562685332516-600x466.jpg 600w, https:\/\/bisbalpenedes.com\/web\/wp-content\/uploads\/2018\/07\/IMG_8965-e1562685332516-300x233.jpg 300w, https:\/\/bisbalpenedes.com\/web\/wp-content\/uploads\/2018\/07\/IMG_8965-e1562685332516-768x597.jpg 768w, https:\/\/bisbalpenedes.com\/web\/wp-content\/uploads\/2018\/07\/IMG_8965-e1562685332516.jpg 2038w\" sizes=\"(max-width: 630px) 100vw, 630px\" \/><\/a><\/p>\n<p style=\"text-align: justify;\"><span style=\"color: #000000;\">La Junta de Govern del dilluns 8 de juliol de 2019 ha seleccionat, mitjan\u00e7ant sorteig, 10 persones censades a la Bisbal del Pened\u00e8s, majors de 18 anys, perqu\u00e8 formin part de l\u2019Auditoria Ciutadana de forma volunt\u00e0ria.<\/span><\/p>\n<p style=\"text-align: justify;\"><span style=\"color: #000000;\">Les persones que han estat seleccionades seran convocades a una reuni\u00f3 que tindr\u00e0 lloc la setmana vinent i que servir\u00e0 per explicar el funcionament de l\u2019Auditoria Ciutadana.<\/span><\/p>\n<p style=\"text-align: justify;\"><span style=\"color: #000000;\">Segons el Reglament d\u2019Organitzaci\u00f3 Municipal \u2013 ROM* (article 83), aprovat l\u2019any 2017:<\/span><\/p>\n<p style=\"padding-left: 30px; text-align: justify;\"><span style=\"color: #000000;\">\u201cl\u2019Auditoria Ciutadana no \u00e9s un \u00f2rgan col\u00b7legiat. L\u2019objectiu \u00e9s acostar els comptes municipals a la ciutadania.<\/span><\/p>\n<p style=\"padding-left: 30px; text-align: justify;\"><span style=\"color: #000000;\">En la Junta de Govern Local anterior a la convocat\u00f2ria de la Comissi\u00f3 de comptes, es triaran aleat\u00f2riament pel cens 10 persones majors d\u2019edat que participaran com a convidats, de manera volunt\u00e0ria i com a oients de la Comissi\u00f3 de Comptes (consultar factures, comptabilitat, &#8230;).<\/span><\/p>\n<p style=\"padding-left: 30px; text-align: justify;\"><span style=\"color: #000000;\">Aquestes 10 persones rebran la notificaci\u00f3 de la Junta de Govern conforme se\u2019ls convida a participar-hi. En la mateixa notificaci\u00f3 se\u2019ls citar\u00e0 a l\u2019Ajuntament perqu\u00e8 secretaria-intervenci\u00f3 i el regidor d\u2019Hisenda els hi expliquin el funcionament de la Comissi\u00f3 de Comptes.\u201d<\/span><\/p>\n<p style=\"text-align: justify;\"><span style=\"color: #000000;\">L\u2019Auditoria Ciutadana \u00e9s pr\u00e8via a la Comissi\u00f3 de Comptes, que tindr\u00e0 lloc a finals de juliol. A la Comissi\u00f3 de Comptes hi participa un membre de cada partit amb representaci\u00f3 al Consistori, l\u2019alcaldessa i la secret\u00e0ria municipal. Tant els bisbalencs i les bisbalenques que hagin estat seleccionats per dur a terme l\u2019Auditoria Ciutadana, com els membres de la Comissi\u00f3 de Comptes, \u00a0podran consultar els comptes (documentaci\u00f3, factures&#8230;) durant els quinze dies previs a la Comissi\u00f3 de Comptes.<\/span><\/p>\n<p style=\"text-align: justify;\"><span style=\"color: #999999;\">*El Reglament d\u2019Organitzaci\u00f3 Municipal &#8211; ROM \u00e9s un document que regula tots els aspectes de l\u2019organitzaci\u00f3 municipal: l\u2019activitat municipal; les normes sobre la constituci\u00f3, vig\u00e8ncia i finalitzaci\u00f3 dels mandats corporatius; el funcionament dels \u00f2rgans; l\u2019estatut dels membres de la corporaci\u00f3; la informaci\u00f3 i la participaci\u00f3 ciutadana, etc. Alhora, estableix els canals necessaris per facilitar la participaci\u00f3 dels ciutadans i ciutadanes en els assumptes p\u00fablics municipals per aconseguir una societat participativa conscient i responsable. Entre aquestes vies de participaci\u00f3 de la ciutadania s\u2019hi troba l\u2019Auditoria Ciutadana, de la qual se\u2019n forma part de forma volunt\u00e0ria.<\/span><\/p>\n<p style=\"text-align: justify;\"><strong><span style=\"color: #000000;\">CASTELLANO |\u00a0<\/span><\/strong><span style=\"color: #000000;\">La Junta de Gobierno del lunes 8 de julio del 2019 ha seleccionado, mediante sorteo, a 10 personas censadas en la Bisbal del Pened\u00e8s, mayores de 18 a\u00f1os, para que formen parte de la Auditor\u00eda Ciudadana de forma voluntaria.<\/span><\/p>\n<p style=\"text-align: justify;\"><span style=\"color: #000000;\">Las personas que han sido seleccionadas ser\u00e1n convocadas a una reuni\u00f3n que tendr\u00e1 lugar la semana que viene y que servir\u00e1 para explicar el funcionamiento de la Auditor\u00eda Ciudadana.<\/span><\/p>\n<p style=\"text-align: justify;\"><span style=\"color: #000000;\">Seg\u00fan el Reglamento de Organizaci\u00f3n Municipal \u2013 ROM* (art\u00edculo 83), aprobado el a\u00f1o 2017:<\/span><\/p>\n<p style=\"padding-left: 30px; text-align: justify;\"><span style=\"color: #000000;\">\u201cla Auditor\u00eda Ciudadana no es un \u00f3rgano colegiado. El objetivo es acercar las cuentas municipales a la ciudadan\u00eda.<\/span><\/p>\n<p style=\"padding-left: 30px; text-align: justify;\"><span style=\"color: #000000;\">En la Junta de Gobierno Local anterior a la convocatoria de la Comisi\u00f3n de Cuentas, se escoger\u00e1n aleatoriamente por el censo 10 personas mayores de edad que participar\u00e1n como invitados, de forma voluntaria y como oyentes de la Comisi\u00f3n de Cuentas (consultar facturas, contabilidad&#8230;)<\/span><\/p>\n<p style=\"padding-left: 30px; text-align: justify;\"><span style=\"color: #000000;\">Estas 10 personas recibir\u00e1n la notificaci\u00f3n de la Junta de Gobierno conforme se les invita a participar. En la misma notificaci\u00f3n se los citar\u00e1 al Ayuntamiento para que secretar\u00eda-intervenci\u00f3n y el regidor de Hacienda les expliquen el funcionamiento de la Comisi\u00f3n de Cuentas\u201d.<\/span><\/p>\n<p style=\"text-align: justify;\"><span style=\"color: #000000;\">La Auditor\u00eda Ciudadana es previa a la Comisi\u00f3n de Cuentas, que tendr\u00e1 lugar a finales de julio. En la Comisi\u00f3n de cuentas participa un miembro de cada partido con representaci\u00f3n en el Consistorio, la alcaldesa y la secretaria municipal. Tanto los bisbalencs y las bisbalenques que hayan sido seleccionados para llevar a cabo la Auditor\u00eda Ciudadana, como los miembros de la Comisi\u00f3n de Cuentas, podr\u00e1n consultar las cuentas (documentaci\u00f3n, facturas&#8230;) durante los quince d\u00edas previos a la Comisi\u00f3n de Cuentas.<\/span><\/p>\n<p style=\"text-align: justify;\"><span style=\"color: #999999;\">*El Reglamento de Organizaci\u00f3n Municipal \u2013 ROM es un documento que regula todos los aspectos de la organizaci\u00f3n municipal: la actividad municipal; las normas de constituci\u00f3n, vigencia y finalizaci\u00f3n de los mandatos corporativos; el funcionamiento de los \u00f3rganos; el estatuto de los miembros de la corporaci\u00f3n; la informaci\u00f3n y la participaci\u00f3n ciudadana, etc. A su vez, establece los canales necesarios para facilitar la participaci\u00f3n de los ciudadanos y las ciudadanas en los asuntos p\u00fablicos municipales para conseguir una sociedad participativa consciente y responsable. Entre estas v\u00edas de participaci\u00f3n de la ciudadan\u00eda se encuentra la Auditor\u00eda Ciudadana, de la cual se forma parte de forma voluntaria.<\/span><\/p>\n","protected":false},"excerpt":{"rendered":"<p>La Junta de Govern del dilluns 8 de juliol de 2019 ha seleccionat, mitjan\u00e7ant sorteig, 10 persones censades a la Bisbal del Pened\u00e8s, majors de 18 anys, perqu\u00e8 formin part &hellip; <a href=\"https:\/\/bisbalpenedes.com\/web\/2019\/07\/09\/es-posa-en-marxa-la-segona-auditoria-ciutadana-de-lajuntament-de-la-bisbal-del-penedes\/\" class=\"more-link\">Read More<\/a><\/p>\n","protected":false},"author":4,"featured_media":6376,"comment_status":"closed","ping_status":"closed","sticky":false,"template":"","format":"standard","meta":[],"categories":[3085],"tags":[2357,2077,686,777],"_links":{"self":[{"href":"https:\/\/bisbalpenedes.com\/web\/wp-json\/wp\/v2\/posts\/10038"}],"collection":[{"href":"https:\/\/bisbalpenedes.com\/web\/wp-json\/wp\/v2\/posts"}],"about":[{"href":"https:\/\/bisbalpenedes.com\/web\/wp-json\/wp\/v2\/types\/post"}],"author":[{"embeddable":true,"href":"https:\/\/bisbalpenedes.com\/web\/wp-json\/wp\/v2\/users\/4"}],"replies":[{"embeddable":true,"href":"https:\/\/bisbalpenedes.com\/web\/wp-json\/wp\/v2\/comments?post=10038"}],"version-history":[{"count":3,"href":"https:\/\/bisbalpenedes.com\/web\/wp-json\/wp\/v2\/posts\/10038\/revisions"}],"predecessor-version":[{"id":10041,"href":"https:\/\/bisbalpenedes.com\/web\/wp-json\/wp\/v2\/posts\/10038\/revisions\/10041"}],"wp:featuredmedia":[{"embeddable":true,"href":"https:\/\/bisbalpenedes.com\/web\/wp-json\/wp\/v2\/media\/6376"}],"wp:attachment":[{"href":"https:\/\/bisbalpenedes.com\/web\/wp-json\/wp\/v2\/media?parent=10038"}],"wp:term":[{"taxonomy":"category","embeddable":true,"href":"https:\/\/bisbalpenedes.com\/web\/wp-json\/wp\/v2\/categories?post=10038"},{"taxonomy":"post_tag","embeddable":true,"href":"https:\/\/bisbalpenedes.com\/web\/wp-json\/wp\/v2\/tags?post=10038"}],"curies":[{"name":"wp","href":"https:\/\/api.w.org\/{rel}","templated":true}]}}