{"id":10036,"date":"2019-07-09T16:03:41","date_gmt":"2019-07-09T15:03:41","guid":{"rendered":"http:\/\/bisbalpenedes.com\/web\/?p=10036"},"modified":"2019-07-09T16:48:13","modified_gmt":"2019-07-09T15:48:13","slug":"la-junta-de-govern-local-ha-aprovat-inicialment-el-projecte-executiu-de-les-obres-de-substitucio-de-la-xarxa-de-sanejament-del-collector-del-priorat","status":"publish","type":"post","link":"https:\/\/bisbalpenedes.com\/web\/2019\/07\/09\/la-junta-de-govern-local-ha-aprovat-inicialment-el-projecte-executiu-de-les-obres-de-substitucio-de-la-xarxa-de-sanejament-del-collector-del-priorat\/","title":{"rendered":"La Junta de Govern local ha aprovat inicialment el projecte executiu de les obres de substituci\u00f3 de la xarxa de sanejament del col\u00b7lector del Priorat"},"content":{"rendered":"<p style=\"text-align: justify;\"><span style=\"color: #000000;\">La Junta de Govern local ha aprovat, inicialment, el projecte executiu de les obres de substituci\u00f3 de la xarxa de sanejament del col\u00b7lector del Priorat, aquest dilluns 8 de juliol.<\/span><\/p>\n<p style=\"text-align: justify;\"><span style=\"color: #000000;\">L\u2019obra t\u00e9 un cost total de 84.961,44\u20ac amb IVA incl\u00f2s i, una vegada comenci, tindr\u00e0 una durada d\u2019entre 8 i 10 mesos. Segons l\u2019alcaldessa Agn\u00e8s Ferr\u00e9, \u201cla intervenci\u00f3 \u00e9s complexa per la quantitat de metres d\u2019obra i per la dificultat del terreny\u201d.<\/span><\/p>\n<p style=\"text-align: justify;\"><span style=\"color: #000000;\">A finals del mes de febrer de 2019 l\u2019Ajuntament de la Bisbal del Pened\u00e8s va sol\u00b7licitar a la Diputaci\u00f3 de Tarragona una subvenci\u00f3 PAM per un import de 74.013\u20ac per dur a terme aquesta obra i el passat 27 de maig la Diputaci\u00f3 va confirmar que subvencionaria l\u2019obra amb el programa PAM-PEXI.<\/span><\/p>\n<p style=\"text-align: justify;\"><span style=\"color: #000000;\">Ara el projecte executiu haur\u00e0 d\u2019estar en exposici\u00f3 p\u00fablica durant 30 dies, i despr\u00e9s, en cas que no es presentin al\u00b7legacions, es podr\u00e0 aprovar el projecte de forma definitiva. Havent-se aprovat definitivament i amb la subvenci\u00f3 del PAM-PEXI concedida, ja es podran licitar les obres.<\/span><\/p>\n<h2 style=\"text-align: justify;\"><span style=\"color: #000000;\"><strong>Amb aquestes obres se substituiran les canalitzacions principals del col\u00b7lector d\u2019aigues residuals del cabal principal del Priorat de la Bisbal <\/strong><\/span><\/h2>\n<p style=\"text-align: justify;\"><span style=\"color: #000000;\">L\u2019objectiu d\u2019aquesta intervenci\u00f3 \u00e9s poder dur a terme les actuacions necess\u00e0ries per substituir les canalitzacions principals del col\u00b7lector d\u2019aig\u00fces residuals del cabal principal del barri del Priorat de la Bisbal, ja que segons ha explicat l\u2019alcaldessa de la Bisbal i regidora d\u2019Urbanisme \u201cen l\u2019actualitat no est\u00e0 en un bon estat de conservaci\u00f3 i per aix\u00f2 que cal fer una inversi\u00f3 per garantir-ne el bon funcionament\u201d.<\/span><\/p>\n<p style=\"text-align: justify;\"><span style=\"color: #000000;\">La xarxa de clavegueram de la part alta del Priorat va a parar, en diferents camals o afluents, a la canalitzaci\u00f3 principal que est\u00e0 situada al mig de la riera natural que descendeix fins al\u00a0<em>fondo Many\u00e9<\/em>. Es tracta d\u2019un terreny muntany\u00f3s i amb molt de desnivell, ple de pins i matolls, aix\u00ed com plantes arbustives. Per canviar aquest tram de clavegueram principal, cal:<\/span><\/p>\n<p style=\"padding-left: 30px; text-align: justify;\"><span style=\"color: #000000;\">-Desbrossar la zona boscosa per on transiten els trams de clavegueram (la part dels voltants i del tub, d\u2019una longitud de 600m).<\/span><\/p>\n<p style=\"padding-left: 30px; text-align: justify;\"><span style=\"color: #000000;\">-Executar 600m de rasa pel nou col\u00b7lector de sanejament i els 14 pous de registre.<\/span><\/p>\n<p style=\"padding-left: 30px; text-align: justify;\"><span style=\"color: #000000;\">-Terraplenar i piconar la rasa i els pous amb terres adequades.<\/span><\/p>\n<p style=\"padding-left: 30px; text-align: justify;\"><span style=\"color: #000000;\">-Instal\u00b7lar el col\u00b7lector i pous per afluents residuals.<\/span><\/p>\n<p style=\"padding-left: 30px; text-align: justify;\"><span style=\"color: #000000;\">-Proves d\u2019estanquitat (amb aigua) per comprovar la correcta instal\u00b7laci\u00f3 del conjunt de col\u00b7lector i pous.<\/span><\/p>\n<p style=\"padding-left: 30px; text-align: justify;\"><span style=\"color: #000000;\">-Execuci\u00f3 de la protecci\u00f3 d\u2019obra per al col\u00b7lector d\u2019aig\u00fces de residuals. La rasa per on discorre el col\u00b7lector s\u2019omplir\u00e0 de la terra vegetal que s\u2019hagi tret per fer la rasa. Damunt de la mateixa s\u2019hi far\u00e0 una capa de formig\u00f3 per protegir la canalitzaci\u00f3.<\/span><\/p>\n<p style=\"padding-left: 30px; text-align: justify;\"><span style=\"color: #000000;\">-Connexi\u00f3 amb la xarxa de sanejament existent, deixant a partir d\u2019aquell moment el tram existent fora de servei.<\/span><\/p>\n<p style=\"padding-left: 30px; text-align: justify;\"><span style=\"color: #000000;\">-Controls i proves finals d\u2019instal\u00b7laci\u00f3.<\/span><\/p>\n<p style=\"text-align: justify;\"><span style=\"color: #000000;\">L\u2019alcaldessa Agn\u00e8s Ferr\u00e9 tamb\u00e9 ha volgut deixar const\u00e0ncia que \u201cen aquesta xarxa de clavegueram no s\u2019ha fet cap inversi\u00f3 des que es va construir. Aquesta problem\u00e0tica de mal funcionament fa anys que hi \u00e9s per\u00f2 fins ara no s\u2019hi havia actuat i per aix\u00f2 hem considerat que aquesta intervenci\u00f3 \u00e9s priorit\u00e0ria i necess\u00e0ria\u201d.<\/span><\/p>\n<hr \/>\n<p style=\"text-align: justify;\"><span style=\"color: #000000;\"><strong>CASTELLANO |<\/strong> La Junta de Gobierno local ha aprobado, inicialmente, el proyecto ejecutivo de las obras de sustituci\u00f3n de la red de saneamiento del colector del Priorato, este lunes 8 de julio.<\/span><\/p>\n<p style=\"text-align: justify;\"><span style=\"color: #000000;\">La obra tiene un coste total de 84.961,44\u20ac con IVA incluido y, una vez empiece, tendr\u00e1 una duraci\u00f3n de entre 8 y 10 meses. Seg\u00fan la alcaldesa Agn\u00e8s Ferr\u00e9, \u201cla intervenci\u00f3n es compleja por la cantidad de metros de obra y por la dificultad del terreno\u201d.<\/span><\/p>\n<p style=\"text-align: justify;\"><span style=\"color: #000000;\">A finales del mes de febrero del 2019 el Ayuntamiento de la Bisbal del Pened\u00e8s solicit\u00f3 a la Diputaci\u00f3 de Tarragona la subvenci\u00f3n PAM por un importe de 74.013\u20ac para llevar a cabo esta obra y el pasado 27 de mayo la Diputaci\u00f3n confirm\u00f3 que subvencionar\u00eda la obra con el programa PAM-PEXI.<\/span><\/p>\n<p style=\"text-align: justify;\"><span style=\"color: #000000;\">Ahora el proyecto ejecutivo deber\u00e1 estar en exposici\u00f3n p\u00fablica durante 30 d\u00edas, y despu\u00e9s, en el caso que no se presenten alegaciones, se podr\u00e1 aprobar el proyecto de forma definitiva. Habi\u00e9ndose aprobado definitivamente y con la subvenci\u00f3n PAM-PEXI concedida, ya se podr\u00e1n licitar las obras.<\/span><\/p>\n<h2 style=\"text-align: justify;\"><span style=\"color: #000000;\"><strong>Con estas obras se sustituir\u00e1n las canalizaciones principales del colector de aguas residuales del cabal principal del Priorato de la Bisbal<\/strong><\/span><\/h2>\n<p style=\"text-align: justify;\"><span style=\"color: #000000;\">El objetivo de esta intervenci\u00f3n es poder llevar a cabo las actuaciones necesarias para sustituir las canalizaciones principales del colector de aguas residuales del cabal principal del barrio del Priorato de la Bisbal, ya que seg\u00fan ha explicado la alcaldesa de la Bisbal y concejala de Urbanismo \u201cen la actualidad no est\u00e1 en un buen estado de conservaci\u00f3n y por eso hay que hacer una inversi\u00f3n para garantizar su buen funcionamiento\u201d. Ferr\u00e9 ha a\u00f1adido que \u201cen esta red de alcantarillado no se ha hecho ninguna inversi\u00f3n desde que se construy\u00f3. Esta problem\u00e1tica de mal funcionamiento hace a\u00f1os que est\u00e1 pero hasta ahora no se hab\u00eda actuado y por eso hemos considerado que esta intervenci\u00f3n es prioritaria y necesaria\u201d.<\/span><\/p>\n<p style=\"text-align: justify;\"><span style=\"color: #000000;\">La red de alcantarillado de la parte alta del Priorato llega, en diferentes ramales o afluentes, a la canalizaci\u00f3n principal que est\u00e1 situada en medio de la riera natural que desciende hasta el\u00a0<em>fondo Many\u00e9<\/em>. Se trata de un terreno monta\u00f1oso y con mucho desnivel, lleno de pinos y matojos, as\u00ed como plantas arbustivas. Para cambiar este tramo de alcantarillado principal, es necesario:<\/span><\/p>\n<p style=\"padding-left: 30px; text-align: justify;\"><span style=\"color: #000000;\">-Desbrozar la zona boscosa por donde transitan los tramos de alcantarillado (la parte de los alrededores y del tubo, de una longitud de 600m).<\/span><\/p>\n<p style=\"padding-left: 30px; text-align: justify;\"><span style=\"color: #000000;\">-Ejecutar 600m de rasa por el nuevo colector de saneamiento y sus 14 pozos de registro.<\/span><\/p>\n<p style=\"padding-left: 30px; text-align: justify;\"><span style=\"color: #000000;\">-Terraplenar y\u00a0apisonar la rasa y los pozos con las tierras adecuadas.<\/span><\/p>\n<p style=\"padding-left: 30px; text-align: justify;\"><span style=\"color: #000000;\">-Instalar el colector y pozos para afluentes residuales<\/span><\/p>\n<p style=\"padding-left: 30px; text-align: justify;\"><span style=\"color: #000000;\">-Pruebas de estanqueidad (con agua) para comprobar la correcta instalaci\u00f3n del conjunto de colector y pozos.<\/span><\/p>\n<p style=\"padding-left: 30px; text-align: justify;\"><span style=\"color: #000000;\">-Ejecuci\u00f3n de la protecci\u00f3n de obra para el colector de aguas de residuales. La rasa por donde discurre el colector se llenar\u00e1 de la tierra vegetal que se haya sacado para hacer la rasa. Encima de la misma se har\u00e1 una capa de hormig\u00f3n para proteger la canalizaci\u00f3n.<\/span><\/p>\n<p style=\"padding-left: 30px; text-align: justify;\"><span style=\"color: #000000;\">-Conexi\u00f3n con la red de saneamiento existente, dejando a partir de aquel momento el tramo existente fuera de servicio.<\/span><\/p>\n<p style=\"padding-left: 30px; text-align: justify;\"><span style=\"color: #000000;\">-Controles y pruebas finales de instalaci\u00f3n.<\/span><\/p>\n<p style=\"text-align: justify;\"><span style=\"color: #000000;\">La alcaldesa Agn\u00e8s Ferr\u00e9 tambi\u00e9n ha querido dejar constancia que \u201cen esta red de alcantarillado no se ha hecho ninguna inversi\u00f3n desde que se construy\u00f3. Esta problem\u00e1tica de mal funcionamiento hace a\u00f1os que est\u00e1 pero hasta ahora no se hab\u00eda actuado y por eso hemos considerado que esta intervenci\u00f3n es prioritaria y necesaria\u201d.<\/span><\/p>\n<p>&nbsp;<\/p>\n","protected":false},"excerpt":{"rendered":"<p>La Junta de Govern local ha aprovat, inicialment, el projecte executiu de les obres de substituci\u00f3 de la xarxa de sanejament del col\u00b7lector del Priorat, aquest dilluns 8 de juliol. &hellip; <a href=\"https:\/\/bisbalpenedes.com\/web\/2019\/07\/09\/la-junta-de-govern-local-ha-aprovat-inicialment-el-projecte-executiu-de-les-obres-de-substitucio-de-la-xarxa-de-sanejament-del-collector-del-priorat\/\" class=\"more-link\">Read More<\/a><\/p>\n","protected":false},"author":4,"featured_media":8958,"comment_status":"closed","ping_status":"closed","sticky":false,"template":"","format":"standard","meta":[],"categories":[3085,15],"tags":[3045,3132,3133,673,3046,520,3134],"_links":{"self":[{"href":"https:\/\/bisbalpenedes.com\/web\/wp-json\/wp\/v2\/posts\/10036"}],"collection":[{"href":"https:\/\/bisbalpenedes.com\/web\/wp-json\/wp\/v2\/posts"}],"about":[{"href":"https:\/\/bisbalpenedes.com\/web\/wp-json\/wp\/v2\/types\/post"}],"author":[{"embeddable":true,"href":"https:\/\/bisbalpenedes.com\/web\/wp-json\/wp\/v2\/users\/4"}],"replies":[{"embeddable":true,"href":"https:\/\/bisbalpenedes.com\/web\/wp-json\/wp\/v2\/comments?post=10036"}],"version-history":[{"count":1,"href":"https:\/\/bisbalpenedes.com\/web\/wp-json\/wp\/v2\/posts\/10036\/revisions"}],"predecessor-version":[{"id":10037,"href":"https:\/\/bisbalpenedes.com\/web\/wp-json\/wp\/v2\/posts\/10036\/revisions\/10037"}],"wp:featuredmedia":[{"embeddable":true,"href":"https:\/\/bisbalpenedes.com\/web\/wp-json\/wp\/v2\/media\/8958"}],"wp:attachment":[{"href":"https:\/\/bisbalpenedes.com\/web\/wp-json\/wp\/v2\/media?parent=10036"}],"wp:term":[{"taxonomy":"category","embeddable":true,"href":"https:\/\/bisbalpenedes.com\/web\/wp-json\/wp\/v2\/categories?post=10036"},{"taxonomy":"post_tag","embeddable":true,"href":"https:\/\/bisbalpenedes.com\/web\/wp-json\/wp\/v2\/tags?post=10036"}],"curies":[{"name":"wp","href":"https:\/\/api.w.org\/{rel}","templated":true}]}}