{"id":10027,"date":"2019-07-09T14:31:55","date_gmt":"2019-07-09T13:31:55","guid":{"rendered":"http:\/\/bisbalpenedes.com\/web\/?p=10027"},"modified":"2019-07-09T14:37:11","modified_gmt":"2019-07-09T13:37:11","slug":"els-alpinistes-bisbalencs-joan-rovira-i-oscar-lombarte-fan-quatre-cims-a-les-dolomites","status":"publish","type":"post","link":"https:\/\/bisbalpenedes.com\/web\/2019\/07\/09\/els-alpinistes-bisbalencs-joan-rovira-i-oscar-lombarte-fan-quatre-cims-a-les-dolomites\/","title":{"rendered":"Els alpinistes bisbalencs Joan Rovira i \u00d2scar Lombarte fan quatre cims a les Dolomites"},"content":{"rendered":"<figure id=\"attachment_10032\" aria-describedby=\"caption-attachment-10032\" style=\"width: 630px\" class=\"wp-caption aligncenter\"><a href=\"http:\/\/bisbalpenedes.com\/web\/wp-content\/uploads\/2019\/07\/JOAN-ROVIRA-MUNTANYES.jpg\"><img loading=\"lazy\" class=\"size-large wp-image-10032\" src=\"http:\/\/bisbalpenedes.com\/web\/wp-content\/uploads\/2019\/07\/JOAN-ROVIRA-MUNTANYES-1024x1024.jpg\" alt=\"Eloi Callado, \u00cd\u00f1igo Soteras, Joan Rovira, \u00d2scar Lombarte i Joan Sol\u00e9 a la Punta Penia de la Marmolada\" width=\"630\" height=\"630\" srcset=\"https:\/\/bisbalpenedes.com\/web\/wp-content\/uploads\/2019\/07\/JOAN-ROVIRA-MUNTANYES-1024x1024.jpg 1024w, https:\/\/bisbalpenedes.com\/web\/wp-content\/uploads\/2019\/07\/JOAN-ROVIRA-MUNTANYES-300x300.jpg 300w, https:\/\/bisbalpenedes.com\/web\/wp-content\/uploads\/2019\/07\/JOAN-ROVIRA-MUNTANYES-100x100.jpg 100w, https:\/\/bisbalpenedes.com\/web\/wp-content\/uploads\/2019\/07\/JOAN-ROVIRA-MUNTANYES-600x600.jpg 600w, https:\/\/bisbalpenedes.com\/web\/wp-content\/uploads\/2019\/07\/JOAN-ROVIRA-MUNTANYES-150x150.jpg 150w, https:\/\/bisbalpenedes.com\/web\/wp-content\/uploads\/2019\/07\/JOAN-ROVIRA-MUNTANYES-768x768.jpg 768w, https:\/\/bisbalpenedes.com\/web\/wp-content\/uploads\/2019\/07\/JOAN-ROVIRA-MUNTANYES.jpg 1552w\" sizes=\"(max-width: 630px) 100vw, 630px\" \/><\/a><figcaption id=\"caption-attachment-10032\" class=\"wp-caption-text\">Eloi Callado, \u00cd\u00f1igo Soteras, Joan Rovira, \u00d2scar Lombarte i Joan Sol\u00e9 a la Punta Penia de la Marmolada, el mass\u00eds m\u00e9s alt de les dolomites<\/figcaption><\/figure>\n<p><span style=\"color: #000000;\">Els alpinistes bisbalencs Joan Rovira i \u00d2scar Lombarte, juntament amb els companys \u00cd\u00f1igo Soteras, Joan Sol\u00e9 i Eloi Callado com a guies d\u2019alta muntanya, van fer quatre cims de les Dolomites, als Alps italians, entre el 26 i el 29 de juny.<\/span><\/p>\n<p><span style=\"color: #000000;\">Segons explica Joan Rovira \u201ccada any anem per all\u00e0 als Alps a fer alguns cims i aquest any hem anat a la zona de les Dolomites i hem fet una de molt singular que hi ha all\u00e0 que se\u2019n diu <em>els tres cims de Lavaredo<\/em>\u201d. Rovira relatava que \u201cvam veure que hi havia gent que va abandonar la pujada, entre ells uns russos i uns italians, per\u00f2 nosaltres no vam desistir i som els \u00fanics que vam arribar al capdamunt del cim gran\u201d.<\/span><\/p>\n<p><span style=\"color: #000000;\">El cim gran, tamb\u00e9 anomenat cima Ovest, t\u00e9 2.973m. Els alpinistes bisbalencs tamb\u00e9 van fer cim a la Saas de Stria (2.477m); la Torre del Barancio de les Cinque Torri, un conjunt de cinc cims que t\u00e9 una al\u00e7ada m\u00e0xima de 2.361m; i per \u00faltim van fer la Marmolada, el mass\u00eds m\u00e9s alt de les Dolomites, amb una al\u00e7ada m\u00e0xima de 3.343m al cim m\u00e9s alt, la Punta Penia.<\/span><\/p>\n<p><span style=\"color: #000000;\">Joan Rovira ha explicat que aquestes sortides \u201cs\u00f3n bastant dif\u00edcils, molt llargues, s\u00f3n moltes hores que hi dediquem\u201d per\u00f2 arribar als cims ho compensa tot \u201cla sensaci\u00f3 d\u2019arribar al cim \u00e9s molt emotiva perqu\u00e8 l\u2019esfor\u00e7 \u00e9s tan gran que, quan arribes a dalt, tens una sensaci\u00f3 estranya per\u00f2 molt emocionant\u2026 per aix\u00f2 ho fem, perqu\u00e8 anem a patir per\u00f2 despr\u00e9s no te\u2019n recordes del patiment, nom\u00e9s queda la satisfacci\u00f3\u201d.<\/span><\/p>\n<p><span style=\"color: #000000;\">En el cas de Rovira, una de les dades que crida l\u2019atenci\u00f3 a la gent, quan coneixen la seva faceta d&#8217;alpinista, \u00e9s la seva edat. Amb 67 anys continua en plena forma i treballa per mantenir-la i poder seguir dedicant part de la seva vida a les seves grans aficions, el senderisme i l&#8217;alpinisme.<\/span><\/p>\n<p><span style=\"color: #000000;\">Des de l\u2019Ajuntament de la Bisbal del Pened\u00e8s felicitem el Joan i l\u2019\u00d2scar, aix\u00ed com a la resta de l&#8217;equip, per aquesta nova fita. Enhorabona!<\/span><\/p>\n<hr \/>\n<p><span style=\"color: #000000;\">Los alpinistas bisbalencs Joan Rovira y \u00d2scar Lombarte, junto con los compa\u00f1eros \u00cd\u00f1igo Soteras, Joan Sol\u00e9 y Eloi Callado como gu\u00edas de alta monta\u00f1a, hicieron cuatro cimas de las Dolomitas, en los Alpes italianos, entre el 26 y el 29 de junio.<\/span><\/p>\n<p><span style=\"color: #000000;\">Seg\u00fan explica Joan Rovira &#8220;cada a\u00f1o vamos por all\u00ed por los Alpes a hacer algunas cimas y este a\u00f1o hemos ido a la zona de las Dolomitas y hemos hecho una muy singular que hay all\u00ed llamada <em>las tres cimas de Lavaredo<\/em>&#8220;. Rovira relataba que &#8220;vimos que hab\u00eda gente que abandonaba la subida, entre estas personas unos rusos y unos italianos, pero nosotros no desistimos y somos los \u00fanicos que conseguimos llegar arriba de la cima grande&#8221;.<\/span><\/p>\n<p><span style=\"color: #000000;\">La cima grande, tambi\u00e9n llamada cima Ovest, tiene 2.973m. Los alpinistas bisbalencs tambi\u00e9n hicieron cima en la Saas de Stria (2.477m); la Torre del Barancio de las Cinque Torri, un conjunto de cimas que tiene una altura m\u00e1xima de 2.361m; y por \u00faltimo hicieron la Marmolada, el macizo m\u00e1s alto de las Dolomitas, con una altura m\u00e1xima de 3.343m en la cima m\u00e1s alta, la Punta Penia.<\/span><\/p>\n<p><span style=\"color: #000000;\">Joan Rovira ha explicado que estas salidas &#8220;son bastante dif\u00edciles, muy largas, son muchas horas las que les dedicamos&#8221; pero llegar a las cimas lo compensa todo &#8220;la sensaci\u00f3n de llegar a la cima es muy emotiva porqu\u00e9 el esfuerzo es tan grande que, cuando llegas arriba, tienes una sensaci\u00f3n extra\u00f1a pero muy emocionante&#8230; por eso lo hacemos, porque vamos a sufrir pero despu\u00e9s no te acuerdas del sufrimiento, solo queda la satisfacci\u00f3n&#8221;.<\/span><\/p>\n<p><span style=\"color: #000000;\">En el caso de Rovira, uno de los datos que llama la atenci\u00f3n a la gente, cuando conocen su faceta de alpinista, es su edad. Con 67 a\u00f1os contin\u00faa en plena forma y trabaja por mantenerla y poder seguir dedicando parte de su vida a sus aficiones, el senderismo y el alpinismo.<\/span><\/p>\n<p><span style=\"color: #000000;\">Desde el Ayuntamiento de la Bisbal del Pened\u00e8s felicitamos a Joan y a \u00d2scar, as\u00ed como al resto del equipo, por este nuevo logro. \u00a1Enhorabuena!<\/span><\/p>\n<p>&nbsp;<\/p>\n<p>&nbsp;<\/p>\n","protected":false},"excerpt":{"rendered":"<p>Els alpinistes bisbalencs Joan Rovira i \u00d2scar Lombarte, juntament amb els companys \u00cd\u00f1igo Soteras, Joan Sol\u00e9 i Eloi Callado com a guies d\u2019alta muntanya, van fer quatre cims de les &hellip; <a href=\"https:\/\/bisbalpenedes.com\/web\/2019\/07\/09\/els-alpinistes-bisbalencs-joan-rovira-i-oscar-lombarte-fan-quatre-cims-a-les-dolomites\/\" class=\"more-link\">Read More<\/a><\/p>\n","protected":false},"author":4,"featured_media":10032,"comment_status":"closed","ping_status":"closed","sticky":false,"template":"","format":"standard","meta":[],"categories":[2370,19,8],"tags":[3130,3131,1200,3129,2490],"_links":{"self":[{"href":"https:\/\/bisbalpenedes.com\/web\/wp-json\/wp\/v2\/posts\/10027"}],"collection":[{"href":"https:\/\/bisbalpenedes.com\/web\/wp-json\/wp\/v2\/posts"}],"about":[{"href":"https:\/\/bisbalpenedes.com\/web\/wp-json\/wp\/v2\/types\/post"}],"author":[{"embeddable":true,"href":"https:\/\/bisbalpenedes.com\/web\/wp-json\/wp\/v2\/users\/4"}],"replies":[{"embeddable":true,"href":"https:\/\/bisbalpenedes.com\/web\/wp-json\/wp\/v2\/comments?post=10027"}],"version-history":[{"count":3,"href":"https:\/\/bisbalpenedes.com\/web\/wp-json\/wp\/v2\/posts\/10027\/revisions"}],"predecessor-version":[{"id":10035,"href":"https:\/\/bisbalpenedes.com\/web\/wp-json\/wp\/v2\/posts\/10027\/revisions\/10035"}],"wp:featuredmedia":[{"embeddable":true,"href":"https:\/\/bisbalpenedes.com\/web\/wp-json\/wp\/v2\/media\/10032"}],"wp:attachment":[{"href":"https:\/\/bisbalpenedes.com\/web\/wp-json\/wp\/v2\/media?parent=10027"}],"wp:term":[{"taxonomy":"category","embeddable":true,"href":"https:\/\/bisbalpenedes.com\/web\/wp-json\/wp\/v2\/categories?post=10027"},{"taxonomy":"post_tag","embeddable":true,"href":"https:\/\/bisbalpenedes.com\/web\/wp-json\/wp\/v2\/tags?post=10027"}],"curies":[{"name":"wp","href":"https:\/\/api.w.org\/{rel}","templated":true}]}}