{"id":10016,"date":"2019-07-09T10:41:14","date_gmt":"2019-07-09T09:41:14","guid":{"rendered":"http:\/\/bisbalpenedes.com\/web\/?p=10016"},"modified":"2019-07-09T16:49:09","modified_gmt":"2019-07-09T15:49:09","slug":"el-diumenge-14-de-juliol-mullat-per-lesclerosi-multiple","status":"publish","type":"post","link":"https:\/\/bisbalpenedes.com\/web\/2019\/07\/09\/el-diumenge-14-de-juliol-mullat-per-lesclerosi-multiple\/","title":{"rendered":"El diumenge 14 de juliol, Mulla&#8217;t per l&#8217;esclerosi m\u00faltiple"},"content":{"rendered":"<p><a href=\"http:\/\/bisbalpenedes.com\/web\/wp-content\/uploads\/2019\/07\/IMG_8875.jpg\"><img loading=\"lazy\" class=\"aligncenter size-large wp-image-10018\" src=\"http:\/\/bisbalpenedes.com\/web\/wp-content\/uploads\/2019\/07\/IMG_8875-1024x683.jpg\" alt=\"mulla't esclerosi\" width=\"630\" height=\"420\" srcset=\"https:\/\/bisbalpenedes.com\/web\/wp-content\/uploads\/2019\/07\/IMG_8875-1024x683.jpg 1024w, https:\/\/bisbalpenedes.com\/web\/wp-content\/uploads\/2019\/07\/IMG_8875-600x400.jpg 600w, https:\/\/bisbalpenedes.com\/web\/wp-content\/uploads\/2019\/07\/IMG_8875-300x200.jpg 300w, https:\/\/bisbalpenedes.com\/web\/wp-content\/uploads\/2019\/07\/IMG_8875-768x512.jpg 768w\" sizes=\"(max-width: 630px) 100vw, 630px\" \/><\/a><\/p>\n<p style=\"text-align: justify;\"><span style=\"color: #000000;\">La Regidoria d&#8217;Esports de l&#8217;Ajuntament de la Bisbal del Pened\u00e8s s&#8217;adhereix un any m\u00e9s a la iniciativa &#8216;Mulla&#8217;t per l&#8217;esclerosi m\u00faltiple&#8217;, un esdeveniment que persegueix l&#8217;objectiu que, durant tot un dia, &#8220;tothom pugui mostrar la seva solidaritat cap a les 9.000 persones que tenen aquesta malaltia a Catalunya, mullant-se en les piscines que participen en la campanya&#8221;.<\/span><\/p>\n<p style=\"text-align: justify;\"><span style=\"color: #000000;\">L&#8217;acte s&#8217;organitza des de la Fundaci\u00f3 Esclerosi M\u00faltiple i s&#8217;hi podr\u00e0 col\u00b7laborar a la piscina p\u00fablica, mitjan\u00e7ant la compra de diversos productes de marxandatge.<\/span><\/p>\n<p style=\"text-align: justify;\"><span style=\"color: #000000;\">El 14 de juliol, Mulla&#8217;t per l&#8217;esclerosi m\u00faltiple a la Bisbal!<\/span><\/p>\n<hr \/>\n<p style=\"text-align: justify;\"><span style=\"color: #000000;\">La Concejal\u00eda de Deportes del Ayuntamiento de la Bisbal del Pened\u00e8s se adhiere un a\u00f1o m\u00e1s a la iniciativa &#8216;Mulla&#8217;t per l&#8217;esclerosi m\u00faltiple&#8217;, un evento que persigue el objetivo que, durante todo un d\u00eda, &#8220;todo el mundo pueda mostrar su solidaridad hacia las 9.000 personas que tienen esta enfermedad en Catalunya, moj\u00e1ndose en las piscinas que participan en la campa\u00f1a&#8221;.<\/span><\/p>\n<p style=\"text-align: justify;\"><span style=\"color: #000000;\">El acto se organiza desde la Fundaci\u00f3 Esclerosi M\u00faltiple y se podr\u00e1 colaborar en la piscina p\u00fablica, mediante la compra de varios productos de merchandaising.<\/span><\/p>\n<p style=\"text-align: justify;\"><span style=\"color: #000000;\">\u00a1El 14 de julio, <em>Mulla&#8217;t<\/em> por la esclerosis m\u00faltiple en la Bisbal!<\/span><\/p>\n<p>&nbsp;<\/p>\n<div class=\"container\"><\/div>\n<footer class=\"Fem-footer\"><\/footer>\n<p><a href=\"http:\/\/bisbalpenedes.com\/web\/wp-content\/uploads\/2019\/07\/poster-mullat-2019.jpg\"><img loading=\"lazy\" class=\"aligncenter size-large wp-image-10017\" src=\"http:\/\/bisbalpenedes.com\/web\/wp-content\/uploads\/2019\/07\/poster-mullat-2019-724x1024.jpg\" alt=\"poster-mullat-2019\" width=\"630\" height=\"891\" srcset=\"https:\/\/bisbalpenedes.com\/web\/wp-content\/uploads\/2019\/07\/poster-mullat-2019-724x1024.jpg 724w, https:\/\/bisbalpenedes.com\/web\/wp-content\/uploads\/2019\/07\/poster-mullat-2019-600x849.jpg 600w, https:\/\/bisbalpenedes.com\/web\/wp-content\/uploads\/2019\/07\/poster-mullat-2019-212x300.jpg 212w, https:\/\/bisbalpenedes.com\/web\/wp-content\/uploads\/2019\/07\/poster-mullat-2019-768x1087.jpg 768w, https:\/\/bisbalpenedes.com\/web\/wp-content\/uploads\/2019\/07\/poster-mullat-2019.jpg 1169w\" sizes=\"(max-width: 630px) 100vw, 630px\" \/><\/a><\/p>\n","protected":false},"excerpt":{"rendered":"<p>La Regidoria d&#8217;Esports de l&#8217;Ajuntament de la Bisbal del Pened\u00e8s s&#8217;adhereix un any m\u00e9s a la iniciativa &#8216;Mulla&#8217;t per l&#8217;esclerosi m\u00faltiple&#8217;, un esdeveniment que persegueix l&#8217;objectiu que, durant tot un &hellip; <a href=\"https:\/\/bisbalpenedes.com\/web\/2019\/07\/09\/el-diumenge-14-de-juliol-mullat-per-lesclerosi-multiple\/\" class=\"more-link\">Read More<\/a><\/p>\n","protected":false},"author":4,"featured_media":10017,"comment_status":"closed","ping_status":"closed","sticky":false,"template":"","format":"standard","meta":[],"categories":[2218,19,8,1043],"tags":[598,596],"_links":{"self":[{"href":"https:\/\/bisbalpenedes.com\/web\/wp-json\/wp\/v2\/posts\/10016"}],"collection":[{"href":"https:\/\/bisbalpenedes.com\/web\/wp-json\/wp\/v2\/posts"}],"about":[{"href":"https:\/\/bisbalpenedes.com\/web\/wp-json\/wp\/v2\/types\/post"}],"author":[{"embeddable":true,"href":"https:\/\/bisbalpenedes.com\/web\/wp-json\/wp\/v2\/users\/4"}],"replies":[{"embeddable":true,"href":"https:\/\/bisbalpenedes.com\/web\/wp-json\/wp\/v2\/comments?post=10016"}],"version-history":[{"count":2,"href":"https:\/\/bisbalpenedes.com\/web\/wp-json\/wp\/v2\/posts\/10016\/revisions"}],"predecessor-version":[{"id":10028,"href":"https:\/\/bisbalpenedes.com\/web\/wp-json\/wp\/v2\/posts\/10016\/revisions\/10028"}],"wp:featuredmedia":[{"embeddable":true,"href":"https:\/\/bisbalpenedes.com\/web\/wp-json\/wp\/v2\/media\/10017"}],"wp:attachment":[{"href":"https:\/\/bisbalpenedes.com\/web\/wp-json\/wp\/v2\/media?parent=10016"}],"wp:term":[{"taxonomy":"category","embeddable":true,"href":"https:\/\/bisbalpenedes.com\/web\/wp-json\/wp\/v2\/categories?post=10016"},{"taxonomy":"post_tag","embeddable":true,"href":"https:\/\/bisbalpenedes.com\/web\/wp-json\/wp\/v2\/tags?post=10016"}],"curies":[{"name":"wp","href":"https:\/\/api.w.org\/{rel}","templated":true}]}}