{"id":10002,"date":"2019-07-08T14:56:54","date_gmt":"2019-07-08T13:56:54","guid":{"rendered":"http:\/\/bisbalpenedes.com\/web\/?p=10002"},"modified":"2019-07-08T15:00:17","modified_gmt":"2019-07-08T14:00:17","slug":"el-projecte-integrals-crea-sinergies-amb-la-fundacio-ginac-de-valls","status":"publish","type":"post","link":"https:\/\/bisbalpenedes.com\/web\/2019\/07\/08\/el-projecte-integrals-crea-sinergies-amb-la-fundacio-ginac-de-valls\/","title":{"rendered":"El projecte Integra\u2019ls crea sinergies amb la Fundaci\u00f3 Ginac de Valls"},"content":{"rendered":"<p style=\"text-align: justify;\"><a href=\"http:\/\/bisbalpenedes.com\/web\/wp-content\/uploads\/2019\/07\/FundacioGinac.jpg\"><img loading=\"lazy\" class=\"aligncenter size-full wp-image-10003\" src=\"http:\/\/bisbalpenedes.com\/web\/wp-content\/uploads\/2019\/07\/FundacioGinac.jpg\" alt=\"FundacioGinac\" width=\"1600\" height=\"1200\" srcset=\"https:\/\/bisbalpenedes.com\/web\/wp-content\/uploads\/2019\/07\/FundacioGinac.jpg 1600w, https:\/\/bisbalpenedes.com\/web\/wp-content\/uploads\/2019\/07\/FundacioGinac-600x450.jpg 600w, https:\/\/bisbalpenedes.com\/web\/wp-content\/uploads\/2019\/07\/FundacioGinac-300x225.jpg 300w, https:\/\/bisbalpenedes.com\/web\/wp-content\/uploads\/2019\/07\/FundacioGinac-768x576.jpg 768w, https:\/\/bisbalpenedes.com\/web\/wp-content\/uploads\/2019\/07\/FundacioGinac-1024x768.jpg 1024w\" sizes=\"(max-width: 1600px) 100vw, 1600px\" \/><\/a><\/p>\n<p style=\"text-align: justify;\"><b><\/b><span style=\"font-size: 10pt; font-family: Verdana, sans-serif; color: #000000;\">L\u2019alcaldessa i regidora d\u2019Ocupaci\u00f3 de la Bisbal del Pened\u00e8s, Agn\u00e8s Ferr\u00e9, i els regidors Judith Vidal, Leo Uceda i Feliu Gil, juntament amb la t\u00e8cnica d\u2019Ocupaci\u00f3, Arantzazu Longares, van visitar la Fundaci\u00f3 Ginac de Valls el passat divendres 5 de juliol. La visita es va dur a terme en el marc del projecte Integra\u2019ls, <span style=\"background: white;\">que persegueix l\u2019objectiu d\u2019integrar laboralment persones amb dificultats f\u00edsiques, intel\u00b7lectuals, mentals o socials als pol\u00edgons industrials de la Bisbal del Pened\u00e8s.<\/span><\/span><\/p>\n<p style=\"text-align: justify;\"><span style=\"font-size: 10pt; font-family: Verdana, sans-serif; color: #000000;\">La comitiva bisbalenca, acompanyada per Josep Gelabert, un dels responsables de la fundaci\u00f3, va visitar les l\u00ednies de treball dedicades al <i>packaging<\/i> que la Fundaci\u00f3 Ginac t\u00e9 a l\u2019empresa Kellogg\u2019s de Valls i les que hi ha a l\u2019interior de la mateixa fundaci\u00f3, al Pol\u00edgon Industrial de Valls. Tamb\u00e9 va visitar els tallers ocupacionals i va poder con\u00e8ixer de primera m\u00e0 les activitats formatives i esportives que s\u2019ofereixen als usuaris des de la Fundaci\u00f3. <\/span><\/p>\n<p style=\"text-align: justify;\"><span style=\"font-size: 10pt; font-family: Verdana, sans-serif; color: #000000;\">L\u2019alcaldessa i regidora d\u2019Ocupaci\u00f3, Agn\u00e8s Ferr\u00e9, ha explicat que \u201ccon\u00e8ixer de primera m\u00e0 aquests projectes i veure el seu funcionament des de dins, aix\u00ed com crear sinergies amb entitats i persones afins al projecte Integra\u2019ls, ens ajuda a trobar nous camins i formes de treball que ens permetran treballar per enriquir el projecte i ocupar m\u00e9s persones amb dificultats\u201d. Ferr\u00e9 ha afegit que \u201cla visita ha estat molt fruct\u00edfera i ens anima a continuar treballant en la l\u00ednia que ho estem fent. En sis\u00a0 mesos hem assolit el 30% de l\u2019objectiu que ens vam marcar per complir en dos anys ocupant quinze persones amb dificultats f\u00edsiques, intel\u00b7lectuals, mentals o socials\u201d.<\/span><\/p>\n<p style=\"text-align: justify;\"><span style=\"font-size: 10pt; font-family: Verdana, sans-serif; color: #000000;\">La Fundaci\u00f3 Privada Ginac \u00e9s una entitat d\u2019iniciativa social sense \u00e0nim que persegueix la missi\u00f3 \u201cd\u2019aconseguir la felicitat de les persones amb discapacitat i\/o trastorn mental, de la gent gran i de les seves fam\u00edlies, millorant la seva autonomia personal i qualitat de vida, amb la participaci\u00f3 activa de cada persona, oferint-los els suports que cadasc\u00fa necessita, perqu\u00e8 disposin de les mateixes oportunitats que la resta de ciutadans, i la seva plena integraci\u00f3 social i laboral\u201d.<\/span><\/p>\n<hr \/>\n<p style=\"text-align: justify;\"><span style=\"font-size: 10pt; font-family: Verdana, sans-serif; color: #000000;\">La alcaldesa y regidora de Ocupaci\u00f3n de la Bisbal del Pened\u00e8s, Agn\u00e8s Ferr\u00e9, y los concejales Judith Vidal, Leo Uceda y Feliu Gill, junto con la t\u00e9cnica de Ocupaci\u00f3n, Arantzazu Longares, visitaron la Fundaci\u00f3 Ginac de Valls el pasado viernes 5 de julio. La visita se llev\u00f3 a cabo en el marco del proyecto Integra\u2019ls, que persigue el objetivo de integrar laboralmente a personas con dificultades f\u00edsicas, intelectuales, mentales o sociales en los pol\u00edgonos industriales de la Bisbal del Pened\u00e8s.<\/span><\/p>\n<p style=\"text-align: justify;\"><span style=\"font-size: 10pt; font-family: Verdana, sans-serif; color: #000000;\">La comitiva bisbalenca, acompa\u00f1ada por Josep Gelabert, uno de los responsables de la fundaci\u00f3n, visit\u00f3 las l\u00edneas de trabajo dedicadas al packaging que la Fundacio Ginac tiene en la empresa Kellogg\u2019s de Valls y las que hay en el interior de la misma fundaci\u00f3n, en el Pol\u00edgono Industrial de Valls. Tambi\u00e9n visit\u00f3 los talleres ocupacionales y pudo conocer de primera mano las actividades formativas y deportivas que se ofrecen a los usuarios desde la Fundaci\u00f3n.<\/span><\/p>\n<p style=\"text-align: justify;\"><span style=\"font-size: 10pt; font-family: Verdana, sans-serif; color: #000000;\">La alcaldesa y regidora de Ocupaci\u00f3n, Agn\u00e8s Ferr\u00e9, ha explicado que \u201cconocer de primera mano estos proyectos y ver su funcionamiento desde dentro, as\u00ed como crear sinergias con entidades y personas afines al proyecto Integra\u2019ls, nos ayuda a encontrar nuevos caminos y formas de trabajo que nos permitir\u00e1n trabajar para enriquecer el proyecto y ocupar m\u00e1s personas con dificultades\u201d. Ferr\u00e9 ha a\u00f1adido que \u201cla visita ha sido muy fruct\u00edfera y nos anima a continuar trabajando en la l\u00ednea que lo estamos haciendo. En seis meses hemos alcanzado el 30% del objetivo que nos marcamos para cumplir en dos a\u00f1os, ocupando a quince personas con dificultades f\u00edsicas, intelectuales, mentales o sociales\u201d.<\/span><\/p>\n<p style=\"text-align: justify;\"><span style=\"font-size: 10pt; font-family: Verdana, sans-serif; color: #000000;\">La Fundaci\u00f3 Privada Ginac es una entidad de iniciativa social sin \u00e1nimo de lucro que persigue la misi\u00f3n de \u201cconseguir la felicidad de las personas con discapacidad y\/o trastorno mental, de la gente mayor y de sus familias, mejorando su autonom\u00eda personal y calidad de vida, con la participaci\u00f3n activa de cada persona, ofreci\u00e9ndoles los soportes que cada uno necesita, para que dispongan de las mismas oportunidades que el resto de ciudadanos, y su plena integraci\u00f3n social y laboral\u201d.<\/span><\/p>\n","protected":false},"excerpt":{"rendered":"<p>L\u2019alcaldessa i regidora d\u2019Ocupaci\u00f3 de la Bisbal del Pened\u00e8s, Agn\u00e8s Ferr\u00e9, i els regidors Judith Vidal, Leo Uceda i Feliu Gil, juntament amb la t\u00e8cnica d\u2019Ocupaci\u00f3, Arantzazu Longares, van visitar &hellip; <a href=\"https:\/\/bisbalpenedes.com\/web\/2019\/07\/08\/el-projecte-integrals-crea-sinergies-amb-la-fundacio-ginac-de-valls\/\" class=\"more-link\">Read More<\/a><\/p>\n","protected":false},"author":4,"featured_media":10003,"comment_status":"closed","ping_status":"closed","sticky":false,"template":"","format":"standard","meta":[],"categories":[8],"tags":[3122,2616,3123,10,451],"_links":{"self":[{"href":"https:\/\/bisbalpenedes.com\/web\/wp-json\/wp\/v2\/posts\/10002"}],"collection":[{"href":"https:\/\/bisbalpenedes.com\/web\/wp-json\/wp\/v2\/posts"}],"about":[{"href":"https:\/\/bisbalpenedes.com\/web\/wp-json\/wp\/v2\/types\/post"}],"author":[{"embeddable":true,"href":"https:\/\/bisbalpenedes.com\/web\/wp-json\/wp\/v2\/users\/4"}],"replies":[{"embeddable":true,"href":"https:\/\/bisbalpenedes.com\/web\/wp-json\/wp\/v2\/comments?post=10002"}],"version-history":[{"count":1,"href":"https:\/\/bisbalpenedes.com\/web\/wp-json\/wp\/v2\/posts\/10002\/revisions"}],"predecessor-version":[{"id":10004,"href":"https:\/\/bisbalpenedes.com\/web\/wp-json\/wp\/v2\/posts\/10002\/revisions\/10004"}],"wp:featuredmedia":[{"embeddable":true,"href":"https:\/\/bisbalpenedes.com\/web\/wp-json\/wp\/v2\/media\/10003"}],"wp:attachment":[{"href":"https:\/\/bisbalpenedes.com\/web\/wp-json\/wp\/v2\/media?parent=10002"}],"wp:term":[{"taxonomy":"category","embeddable":true,"href":"https:\/\/bisbalpenedes.com\/web\/wp-json\/wp\/v2\/categories?post=10002"},{"taxonomy":"post_tag","embeddable":true,"href":"https:\/\/bisbalpenedes.com\/web\/wp-json\/wp\/v2\/tags?post=10002"}],"curies":[{"name":"wp","href":"https:\/\/api.w.org\/{rel}","templated":true}]}}